{"id":30888898,"date":"2025-11-17T17:15:12","date_gmt":"2025-11-17T16:15:12","guid":{"rendered":"https:\/\/www.upo.es\/diario\/?p=30888898"},"modified":"2025-11-19T10:13:51","modified_gmt":"2025-11-19T09:13:51","slug":"los-cortometrajes-alli-lejos-de-aqui-y-las-desqueridas-premios-rosario-valpuesta-en-la-seccion-panorama-andaluz-del-seff","status":"publish","type":"post","link":"https:\/\/www.upo.es\/diario\/cultura-social\/2025\/11\/los-cortometrajes-alli-lejos-de-aqui-y-las-desqueridas-premios-rosario-valpuesta-en-la-seccion-panorama-andaluz-del-seff\/","title":{"rendered":"Los cortometrajes &#8216;All\u00ed, lejos de aqu\u00ed&#8217; y &#8216;Las desqueridas&#8217;, premios Rosario Valpuesta en la secci\u00f3n Panorama Andaluz del SEFF"},"content":{"rendered":"<figure id=\"attachment_30888903\" aria-describedby=\"caption-attachment-30888903\" style=\"width: 2500px\" class=\"wp-caption alignright\"><a href=\"https:\/\/www.upo.es\/diario\/wp-content\/uploads\/2025\/11\/22SEFF_Lectura-de-Palmares_259-\u00a9-Lolo-Vasco.jpg\"><img loading=\"lazy\" decoding=\"async\" class=\"size-full wp-image-30888903\" src=\"https:\/\/www.upo.es\/diario\/wp-content\/uploads\/2025\/11\/22SEFF_Lectura-de-Palmares_259-\u00a9-Lolo-Vasco.jpg\" alt=\"Pedro Gondi, Premio rosario Valpuesta al Mejor Cortometraje andaluz\" width=\"2500\" height=\"1667\" srcset=\"https:\/\/www.upo.es\/diario\/wp-content\/uploads\/2025\/11\/22SEFF_Lectura-de-Palmares_259-\u00a9-Lolo-Vasco.jpg 2500w, https:\/\/www.upo.es\/diario\/wp-content\/uploads\/2025\/11\/22SEFF_Lectura-de-Palmares_259-\u00a9-Lolo-Vasco-420x280.jpg 420w, https:\/\/www.upo.es\/diario\/wp-content\/uploads\/2025\/11\/22SEFF_Lectura-de-Palmares_259-\u00a9-Lolo-Vasco-750x500.jpg 750w, https:\/\/www.upo.es\/diario\/wp-content\/uploads\/2025\/11\/22SEFF_Lectura-de-Palmares_259-\u00a9-Lolo-Vasco-768x512.jpg 768w, https:\/\/www.upo.es\/diario\/wp-content\/uploads\/2025\/11\/22SEFF_Lectura-de-Palmares_259-\u00a9-Lolo-Vasco-1536x1024.jpg 1536w, https:\/\/www.upo.es\/diario\/wp-content\/uploads\/2025\/11\/22SEFF_Lectura-de-Palmares_259-\u00a9-Lolo-Vasco-2048x1366.jpg 2048w, https:\/\/www.upo.es\/diario\/wp-content\/uploads\/2025\/11\/22SEFF_Lectura-de-Palmares_259-\u00a9-Lolo-Vasco-165x109.jpg 165w, https:\/\/www.upo.es\/diario\/wp-content\/uploads\/2025\/11\/22SEFF_Lectura-de-Palmares_259-\u00a9-Lolo-Vasco-1320x880.jpg 1320w\" sizes=\"auto, (max-width: 2500px) 100vw, 2500px\" \/><\/a><figcaption id=\"caption-attachment-30888903\" class=\"wp-caption-text\">Pedro Gondi, Premio Rosario Valpuesta al Mejor Cortometraje andaluz | SEFF<\/figcaption><\/figure>\n<p>Los <strong>Premios Rosario Valpuesta del Festival de Cine Europeo de Sevilla<\/strong> (SEFF) se conceden, en colaboraci\u00f3n con la Universidad Pablo de Olavide, a los cortometrajes m\u00e1s destacados de la secci\u00f3n Panorama Andaluz.<\/p>\n<figure id=\"attachment_30888904\" aria-describedby=\"caption-attachment-30888904\" style=\"width: 420px\" class=\"wp-caption alignleft\"><a href=\"https:\/\/www.upo.es\/diario\/wp-content\/uploads\/2025\/11\/22SEFF_Lectura-de-Palmares_255-\u00a9-Lolo-Vasco.jpg\"><img loading=\"lazy\" decoding=\"async\" class=\"size-medium wp-image-30888904\" src=\"https:\/\/www.upo.es\/diario\/wp-content\/uploads\/2025\/11\/22SEFF_Lectura-de-Palmares_255-\u00a9-Lolo-Vasco-420x280.jpg\" alt=\"Charlie Garc\u00eda y Gonzalo Ruiz, reciben el Premio de manos de Laura G\u00f3mez\" width=\"420\" height=\"280\" srcset=\"https:\/\/www.upo.es\/diario\/wp-content\/uploads\/2025\/11\/22SEFF_Lectura-de-Palmares_255-\u00a9-Lolo-Vasco-420x280.jpg 420w, https:\/\/www.upo.es\/diario\/wp-content\/uploads\/2025\/11\/22SEFF_Lectura-de-Palmares_255-\u00a9-Lolo-Vasco-750x500.jpg 750w, https:\/\/www.upo.es\/diario\/wp-content\/uploads\/2025\/11\/22SEFF_Lectura-de-Palmares_255-\u00a9-Lolo-Vasco-768x512.jpg 768w, https:\/\/www.upo.es\/diario\/wp-content\/uploads\/2025\/11\/22SEFF_Lectura-de-Palmares_255-\u00a9-Lolo-Vasco-1536x1024.jpg 1536w, https:\/\/www.upo.es\/diario\/wp-content\/uploads\/2025\/11\/22SEFF_Lectura-de-Palmares_255-\u00a9-Lolo-Vasco-2048x1366.jpg 2048w, https:\/\/www.upo.es\/diario\/wp-content\/uploads\/2025\/11\/22SEFF_Lectura-de-Palmares_255-\u00a9-Lolo-Vasco-165x109.jpg 165w, https:\/\/www.upo.es\/diario\/wp-content\/uploads\/2025\/11\/22SEFF_Lectura-de-Palmares_255-\u00a9-Lolo-Vasco-1320x880.jpg 1320w\" sizes=\"auto, (max-width: 420px) 100vw, 420px\" \/><\/a><figcaption id=\"caption-attachment-30888904\" class=\"wp-caption-text\">Charlie Garc\u00eda y Gonzalo Ruiz, reciben el Premio de manos de Laura G\u00f3mez | SEFF<\/figcaption><\/figure>\n<p>El jurado del Festival concedi\u00f3 el pasado s\u00e1bado el <strong>Premio Rosario Valpuesta al Mejor Cortometraje a <em>All\u00ed, lejos de aqu\u00ed<\/em>, con guion, direcci\u00f3n, fotograf\u00eda y montaje de Pedro Gondi<\/strong>, \u00abpor su apuesta por la tradici\u00f3n cinematogr\u00e1fica europea destacando el valor de la imagen pura frente a la palabra\u00bb. Por otro lado, el <strong>Premio Especial Rosario Valpuesta a la Contribuci\u00f3n Art\u00edstica en Valores<\/strong> en esta misma secci\u00f3n fue otorgado a <strong><em>Las desqueridas<\/em>, de Charlie Garc\u00eda Villalba y Gonzalo Ruiz Esteban<\/strong>, \u00abpor ser un retrato sincero y necesario sobre la sororidad\u00bb. <strong>Laura G\u00f3mez Ruiz<\/strong>, vicerrectora de Cultura y Pol\u00edticas Sociales de la Universidad Pablo de Olavide, fue la encargada de entregar los premios en una gala celebrada en la sede de la Fundaci\u00f3n Tres Culturas.<\/p>\n<hr \/>\n<h3><em>ALL\u00cd, LEJOS DE AQU\u00cd<\/em><\/h3>\n<p><strong>Pedro Gondi | Espa\u00f1a, Alemania | 2025 | 15 min.<\/strong><\/p>\n<p>Direccio\u0301n, guion, fotograf\u00eda y montaje: Pedro Gondi<\/p>\n<p>Sonido: Marta G. Gavira<\/p>\n<p>Produccio\u0301n: Peter Petersen, Sofia Mellino, Pedro Gondi<\/p>\n<p>Productora: Future Campus RUHR, Sae Institute<\/p>\n<p>Inte\u0301rpretes: Parniyan Mortazavi, Maryam Naseri, Ziya Mortazavi, Robin Reifer, Fereshteh Nowroozi<\/p>\n<hr \/>\n<h3><em>LAS DESQUERIDAS<\/em><\/h3>\n<p><strong>Charlie Garc\u00eda Villalba, Gonzalo Ruiz Esteban | Espa\u00f1a | 2025 | 16 min.<\/strong><\/p>\n<p>Direccio\u0301n: Charlie Garc\u00eda Villalba, Gonzalo Ruiz Esteban<\/p>\n<p>Guion: Carlota Berzal, Mar\u00eda Cazenave, Gonzalo Ruiz, Charlie Garc\u00eda<\/p>\n<p>Fotografi\u0301a: Pablo Engo<\/p>\n<p>Montaje: Gonzalo Ruiz Esteban<\/p>\n<p>Sonido: Suly Caballero<\/p>\n<p>Produccio\u0301n: Melina Calder\u00f3n<\/p>\n<p>Inte\u0301rpretes: Carlota Berzal, Mar\u00eda Cazenave, Lorena \u00c1vila, Fernando Moreno, Boza Moriana, Adela \u00c1ngulo, Salud P\u00e9rez, Encarna Ojeda<\/p>\n","protected":false},"excerpt":{"rendered":"<p>El jurado del Festival concedi\u00f3 el pasado s\u00e1bado el Premio Rosario Valpuesta al Mejor Cortometraje a All\u00ed, lejos de aqu\u00ed, con guion, direcci\u00f3n, fotograf\u00eda y montaje de Pedro Gondi, \u00abpor su apuesta por la tradici\u00f3n cinematogr\u00e1fica europea destacando el valor de la imagen pura frente a la palabra\u00bb. Por otro lado, el Premio Especial Rosario Valpuesta a la Contribuci\u00f3n Art\u00edstica en Valores en esta misma secci\u00f3n fue otorgado a Las desqueridas, de Charlie Garc\u00eda Villalba y Gonzalo Ruiz Esteban, \u00abpor ser un retrato sincero y necesario sobre la sororidad\u00bb.<\/p>\n","protected":false},"author":6,"featured_media":30888903,"comment_status":"closed","ping_status":"open","sticky":false,"template":"","format":"standard","meta":{"_monsterinsights_skip_tracking":false,"_monsterinsights_sitenote_active":false,"_monsterinsights_sitenote_note":"","_monsterinsights_sitenote_category":0,"footnotes":""},"categories":[5843],"tags":[1842,937,1951,873,2015,1952],"class_list":["post-30888898","post","type-post","status-publish","format-standard","has-post-thumbnail","hentry","category-cultura-social","tag-audiovisual","tag-cine","tag-festival-de-cine-europeo-de-sevilla","tag-narrativa","tag-premio-rosario-valpuesta","tag-seff"],"_links":{"self":[{"href":"https:\/\/www.upo.es\/diario\/wp-json\/wp\/v2\/posts\/30888898","targetHints":{"allow":["GET"]}}],"collection":[{"href":"https:\/\/www.upo.es\/diario\/wp-json\/wp\/v2\/posts"}],"about":[{"href":"https:\/\/www.upo.es\/diario\/wp-json\/wp\/v2\/types\/post"}],"author":[{"embeddable":true,"href":"https:\/\/www.upo.es\/diario\/wp-json\/wp\/v2\/users\/6"}],"replies":[{"embeddable":true,"href":"https:\/\/www.upo.es\/diario\/wp-json\/wp\/v2\/comments?post=30888898"}],"version-history":[{"count":8,"href":"https:\/\/www.upo.es\/diario\/wp-json\/wp\/v2\/posts\/30888898\/revisions"}],"predecessor-version":[{"id":30888908,"href":"https:\/\/www.upo.es\/diario\/wp-json\/wp\/v2\/posts\/30888898\/revisions\/30888908"}],"wp:featuredmedia":[{"embeddable":true,"href":"https:\/\/www.upo.es\/diario\/wp-json\/wp\/v2\/media\/30888903"}],"wp:attachment":[{"href":"https:\/\/www.upo.es\/diario\/wp-json\/wp\/v2\/media?parent=30888898"}],"wp:term":[{"taxonomy":"category","embeddable":true,"href":"https:\/\/www.upo.es\/diario\/wp-json\/wp\/v2\/categories?post=30888898"},{"taxonomy":"post_tag","embeddable":true,"href":"https:\/\/www.upo.es\/diario\/wp-json\/wp\/v2\/tags?post=30888898"}],"curies":[{"name":"wp","href":"https:\/\/api.w.org\/{rel}","templated":true}]}}