{"id":30888961,"date":"2025-11-20T10:01:06","date_gmt":"2025-11-20T09:01:06","guid":{"rendered":"https:\/\/www.upo.es\/diario\/?p=30888961"},"modified":"2025-12-01T09:28:22","modified_gmt":"2025-12-01T08:28:22","slug":"festival-universitario-las-impurezas-del-flamenco","status":"publish","type":"post","link":"https:\/\/www.upo.es\/diario\/cultura-social\/2025\/11\/festival-universitario-las-impurezas-del-flamenco\/","title":{"rendered":"La Universidad Pablo de Olavide impulsa el III Festival Universitario \u2018Las Impurezas del Flamenco\u2019 junto a nueve municipios sevillanos"},"content":{"rendered":"<p><a href=\"https:\/\/www.upo.es\/diario\/wp-content\/uploads\/2025\/11\/PROPUESTA-05_C1_FlaUPO-scaled.jpg\"><img loading=\"lazy\" decoding=\"async\" class=\"alignright size-large wp-image-30888963\" src=\"https:\/\/www.upo.es\/diario\/wp-content\/uploads\/2025\/11\/PROPUESTA-05_C1_FlaUPO-375x525.jpg\" alt=\"III Festival Universitario \u2018Las Impurezas del Flamenco\u2019 - d\u00edas 27, 28 y 29 de noviembre de 2025 \" width=\"375\" height=\"525\" srcset=\"https:\/\/www.upo.es\/diario\/wp-content\/uploads\/2025\/11\/PROPUESTA-05_C1_FlaUPO-375x525.jpg 375w, https:\/\/www.upo.es\/diario\/wp-content\/uploads\/2025\/11\/PROPUESTA-05_C1_FlaUPO-300x420.jpg 300w, https:\/\/www.upo.es\/diario\/wp-content\/uploads\/2025\/11\/PROPUESTA-05_C1_FlaUPO-768x1074.jpg 768w, https:\/\/www.upo.es\/diario\/wp-content\/uploads\/2025\/11\/PROPUESTA-05_C1_FlaUPO-1098x1536.jpg 1098w, https:\/\/www.upo.es\/diario\/wp-content\/uploads\/2025\/11\/PROPUESTA-05_C1_FlaUPO-1464x2048.jpg 1464w, https:\/\/www.upo.es\/diario\/wp-content\/uploads\/2025\/11\/PROPUESTA-05_C1_FlaUPO-1320x1847.jpg 1320w, https:\/\/www.upo.es\/diario\/wp-content\/uploads\/2025\/11\/PROPUESTA-05_C1_FlaUPO-scaled.jpg 1830w\" sizes=\"auto, (max-width: 375px) 100vw, 375px\" \/><\/a>La Universidad Pablo de Olavide celebrar\u00e1 los d\u00edas <strong>27, 28 y 29 de noviembre de 2025<\/strong> la <a href=\"https:\/\/catedraflamencoupo.com\/\">III edici\u00f3n del Festival Universitario \u2018Las Impurezas del Flamenco\u2019<\/a>, una propuesta de la <strong>C\u00e1tedra Olavide de Flamenco<\/strong> con la que la UPO afianza su apuesta por crear un espacio de formaci\u00f3n, investigaci\u00f3n y creaci\u00f3n sobre este arte \u2014que cumple 15 a\u00f1os como Patrimonio Inmaterial de la Humanidad\u2014 de forma transversal, en un entorno universitario y en di\u00e1logo con la provincia de Sevilla.<\/p>\n<p>El festival es un proyecto estrat\u00e9gico del Vicerrectorado de Cultura y Pol\u00edticas Sociales integrado en los programas de su Servicio de Cultura, y cuenta con la colaboraci\u00f3n de la Agencia Andaluza de Instituciones Culturales, mediante el Instituto Andaluz del Flamenco, y con el apoyo de nueve municipios sevillanos que dan cuerpo a su vocaci\u00f3n de proyecto de provincia: <strong>Alcal\u00e1 de Guada\u00edra, Carmona, La Puebla de Cazalla, Las Cabezas de San Juan, Lebrija, Los Palacios y Villafranca, Mairena del Alcor, Tomares y Utrera<\/strong>.<\/p>\n<h3><strong>Un festival para pensar, aprender y vivir el flamenco<\/strong><\/h3>\n<p>El Festival Universitario <em>Las Impurezas del Flamenco<\/em>, iniciado en 2022 y actualmente conducido por la C\u00e1tedra, se concibe como un <strong>modelo innovador<\/strong>, adaptado a la nueva realidad del flamenco, y articulado en torno a dos grandes ejes: <strong>formaci\u00f3n te\u00f3rica<\/strong> y <strong>acci\u00f3n art\u00edstica y cultural<\/strong>.<\/p>\n<p>La edici\u00f3n de 2025 propone un viaje hacia la esencia del sentir de los pueblos con mayor tradici\u00f3n flamenca adheridos a la C\u00e1tedra, poniendo en valor a quienes sostienen hoy el flamenco \u2013artistas, creadoras, investigadores, periodistas, escuelas y conservatorios, instituciones y entidades\u2013 y creando puentes entre la tradici\u00f3n y las propuestas m\u00e1s contempor\u00e1neas de la escena actual.<\/p>\n<p>La programaci\u00f3n del festival se desarrollar\u00e1 en el Paraninfo de la Universidad Pablo de Olavide y en varios espacios de referencia para la cultura en Sevilla, como la sede del Ballet Flamenco de Andaluc\u00eda y el Teatro Central, con actividades abiertas al p\u00fablico general, algunas de ellas gratuitas.<\/p>\n<h3><strong>La C\u00e1tedra, motor universitario para el flamenco<\/strong><\/h3>\n<p>La <a href=\"https:\/\/catedraflamencoupo.com\/\">C\u00e1tedra Olavide de Flamenco<\/a> nace como respuesta a la Ley del Flamenco y como herramienta universitaria para articular espacios de formaci\u00f3n, acci\u00f3n art\u00edstica, investigaci\u00f3n, promoci\u00f3n y difusi\u00f3n del flamenco integrados en los programas culturales del campus; adem\u00e1s de tener como objetivo facilitar un v\u00ednculo de los j\u00f3venes con el flamenco. La C\u00e1tedra est\u00e1 dirigida por <strong>Norberto D\u00edaz<\/strong> y cuenta con <strong>Eva Yerbabuena<\/strong> como directora art\u00edstica.<\/p>\n<hr \/>\n<h3><strong><u>III Festival Universitario \u2018Las Impurezas del Flamenco\u2019<br \/>\n<\/u><\/strong><\/h3>\n<p>Programaci\u00f3n resumida:<\/p>\n<p><strong>Jueves, 27 de noviembre de 2025 \u2013 Paraninfo de la UPO<\/strong><\/p>\n<p>19:30 h \u2013 Gala inaugural \u2018Voces sin orillas\u2019<\/p>\n<p>Presentaci\u00f3n institucional del festival y gala art\u00edstica bajo la direcci\u00f3n de Eva Yerbabuena, con la participaci\u00f3n de cantaores y cantaoras vinculados a los municipios colaboradores y acompa\u00f1amiento de comp\u00e1s y palmas. Gala conducida por Manuel Curao.<\/p>\n<p><strong>Viernes, 28 de noviembre de 2025 \u2013 Sede del Ballet Flamenco de Andaluc\u00eda<\/strong> (Estadio La Cartuja)<\/p>\n<p>10:00\u201312:00 h \u2013 Taller de improvisaci\u00f3n, por Andr\u00e9s Mar\u00edn.<\/p>\n<p>12:30\u201314:30 h \u2013 Masterclass \u2018Metodolog\u00eda de la creaci\u00f3n desde la improvisaci\u00f3n\u2019, por Andr\u00e9s Mar\u00edn.<\/p>\n<p><strong>Viernes, 28 de noviembre de 2025 \u2013 Teatro Central (Sevilla)<\/strong><\/p>\n<p>20:30 h \u2013 Espect\u00e1culo \u2018Tr\u00e1nsito (Huyendo del ruido)\u2019, de Rosario La Tremendita junto al guitarrista Dani de Mor\u00f3n.<\/p>\n<p><strong>S\u00e1bado, 29 de noviembre de 2025 \u2013 Teatro Central, Sala B Manuel Llanes<\/strong><\/p>\n<p>12:00 h \u2013 Coloquio \u2018Cristales por el suelo: la escena contempor\u00e1nea de la danza flamenca\u2019, moderado por el profesor Francisco Aix y con la participaci\u00f3n de profesorado universitario, profesionales de la comunicaci\u00f3n y la bailaora Vanesa Aibar.<\/p>\n<p>C\u00e1psula art\u00edstica de Vanesa Aibar: \u2018La reina del metal \u2013 solo\u2019.<\/p>\n<hr \/>\n<p><strong>M\u00e1s informaci\u00f3n:<\/strong><\/p>\n<ul>\n<li>Programaci\u00f3n completa, inscripciones, entradas y reserva de plazas pueden consultarse en la web de la C\u00e1tedra: <a href=\"https:\/\/catedraflamencoupo.com\/\">catedraflamencoupo.com<\/a><\/li>\n<\/ul>\n<ul>\n<li>Dossier informativo:<br \/>\n<a href=\"https:\/\/www.upo.es\/upo_opencms\/opencms\/Galerias\/Descargas\/InfoEstudiantes\/III_FESTIVAL_FLAMENCO_UNIVERSITARIO.pdf\">III Festival de Flamenco Universitario \u2018Las Impurezas del Flamenco\u2019<\/a> (pdf)<\/li>\n<\/ul>\n","protected":false},"excerpt":{"rendered":"<p>La Universidad Pablo de Olavide celebrar\u00e1 los d\u00edas 27, 28 y 29 de noviembre de 2025 la III edici\u00f3n del Festival Universitario \u2018Las Impurezas del Flamenco\u2019, una propuesta de la C\u00e1tedra Olavide de Flamenco con la que la UPO afianza su apuesta por crear un espacio de formaci\u00f3n, investigaci\u00f3n y creaci\u00f3n sobre este arte \u2014que cumple 15 a\u00f1os como Patrimonio Inmaterial de la Humanidad\u2014 de forma transversal, en un entorno universitario y en di\u00e1logo con la provincia de Sevilla.<\/p>\n","protected":false},"author":6,"featured_media":30888965,"comment_status":"closed","ping_status":"open","sticky":false,"template":"","format":"standard","meta":{"_monsterinsights_skip_tracking":false,"_monsterinsights_sitenote_active":false,"_monsterinsights_sitenote_note":"","_monsterinsights_sitenote_category":0,"footnotes":""},"categories":[5843],"tags":[9302,8629,3939,161,7194],"class_list":["post-30888961","post","type-post","status-publish","format-standard","has-post-thumbnail","hentry","category-cultura-social","tag-catedra-olavide-de-flamenco","tag-festival-universitario-de-flamenco","tag-instituto-andaluz-del-flamenco","tag-sevilla","tag-vicerrectorado-de-cultura-y-politicas-sociales"],"_links":{"self":[{"href":"https:\/\/www.upo.es\/diario\/wp-json\/wp\/v2\/posts\/30888961","targetHints":{"allow":["GET"]}}],"collection":[{"href":"https:\/\/www.upo.es\/diario\/wp-json\/wp\/v2\/posts"}],"about":[{"href":"https:\/\/www.upo.es\/diario\/wp-json\/wp\/v2\/types\/post"}],"author":[{"embeddable":true,"href":"https:\/\/www.upo.es\/diario\/wp-json\/wp\/v2\/users\/6"}],"replies":[{"embeddable":true,"href":"https:\/\/www.upo.es\/diario\/wp-json\/wp\/v2\/comments?post=30888961"}],"version-history":[{"count":3,"href":"https:\/\/www.upo.es\/diario\/wp-json\/wp\/v2\/posts\/30888961\/revisions"}],"predecessor-version":[{"id":30888966,"href":"https:\/\/www.upo.es\/diario\/wp-json\/wp\/v2\/posts\/30888961\/revisions\/30888966"}],"wp:featuredmedia":[{"embeddable":true,"href":"https:\/\/www.upo.es\/diario\/wp-json\/wp\/v2\/media\/30888965"}],"wp:attachment":[{"href":"https:\/\/www.upo.es\/diario\/wp-json\/wp\/v2\/media?parent=30888961"}],"wp:term":[{"taxonomy":"category","embeddable":true,"href":"https:\/\/www.upo.es\/diario\/wp-json\/wp\/v2\/categories?post=30888961"},{"taxonomy":"post_tag","embeddable":true,"href":"https:\/\/www.upo.es\/diario\/wp-json\/wp\/v2\/tags?post=30888961"}],"curies":[{"name":"wp","href":"https:\/\/api.w.org\/{rel}","templated":true}]}}