{"id":30888972,"date":"2025-11-20T18:29:15","date_gmt":"2025-11-20T17:29:15","guid":{"rendered":"https:\/\/www.upo.es\/diario\/?p=30888972"},"modified":"2025-11-21T09:42:03","modified_gmt":"2025-11-21T08:42:03","slug":"estudiantes-de-la-facultad-de-ciencias-empresariales-mantienen-un-encuentro-con-el-ministro-de-economia","status":"publish","type":"post","link":"https:\/\/www.upo.es\/diario\/comunidad\/2025\/11\/estudiantes-de-la-facultad-de-ciencias-empresariales-mantienen-un-encuentro-con-el-ministro-de-economia\/","title":{"rendered":"Estudiantes de la Facultad de Ciencias Empresariales mantienen un encuentro con el ministro de Econom\u00eda"},"content":{"rendered":"<figure id=\"attachment_30888975\" aria-describedby=\"caption-attachment-30888975\" style=\"width: 750px\" class=\"wp-caption aligncenter\"><a href=\"https:\/\/www.upo.es\/diario\/wp-content\/uploads\/2025\/11\/20112025-Encuentro-Estudiantes-FCE-Ministro-Economia-6490-scaled.jpg\"><img loading=\"lazy\" decoding=\"async\" class=\"wp-image-30888975 size-large\" src=\"https:\/\/www.upo.es\/diario\/wp-content\/uploads\/2025\/11\/20112025-Encuentro-Estudiantes-FCE-Ministro-Economia-6490-750x500.jpg\" alt=\"Carlos Cuerpo y Francisco Oliva durante el encuentro 'El momento de Espa\u00f1a en un mundoincierto'\" width=\"750\" height=\"500\" srcset=\"https:\/\/www.upo.es\/diario\/wp-content\/uploads\/2025\/11\/20112025-Encuentro-Estudiantes-FCE-Ministro-Economia-6490-750x500.jpg 750w, https:\/\/www.upo.es\/diario\/wp-content\/uploads\/2025\/11\/20112025-Encuentro-Estudiantes-FCE-Ministro-Economia-6490-420x280.jpg 420w, https:\/\/www.upo.es\/diario\/wp-content\/uploads\/2025\/11\/20112025-Encuentro-Estudiantes-FCE-Ministro-Economia-6490-768x512.jpg 768w, https:\/\/www.upo.es\/diario\/wp-content\/uploads\/2025\/11\/20112025-Encuentro-Estudiantes-FCE-Ministro-Economia-6490-1536x1024.jpg 1536w, https:\/\/www.upo.es\/diario\/wp-content\/uploads\/2025\/11\/20112025-Encuentro-Estudiantes-FCE-Ministro-Economia-6490-2048x1365.jpg 2048w, https:\/\/www.upo.es\/diario\/wp-content\/uploads\/2025\/11\/20112025-Encuentro-Estudiantes-FCE-Ministro-Economia-6490-165x109.jpg 165w, https:\/\/www.upo.es\/diario\/wp-content\/uploads\/2025\/11\/20112025-Encuentro-Estudiantes-FCE-Ministro-Economia-6490-1320x880.jpg 1320w\" sizes=\"auto, (max-width: 750px) 100vw, 750px\" \/><\/a><figcaption id=\"caption-attachment-30888975\" class=\"wp-caption-text\">Carlos Cuerpo y Francisco Oliva durante el encuentro &#8216;El momento de Espa\u00f1a en un mundo<br \/>incierto&#8217;<\/figcaption><\/figure>\n<p>El ministro de Econom\u00eda, Comercio y Empresa, <strong>Carlos Cuerpo Caballero<\/strong>, ha mantenido esta ma\u00f1ana en el campus un <strong>encuentro con estudiantes de la Facultad de Ciencias Empresariales<\/strong> de la Universidad Pablo de Olavide, en un acto presidido por el rector <strong>Francisco Oliva<\/strong> y que ha llevado por t\u00edtulo &#8216;El momento de Espa\u00f1a en un mundo incierto&#8217;.<\/p>\n<p><a href=\"https:\/\/www.upo.es\/diario\/wp-content\/uploads\/2025\/11\/20112025-Encuentro-Estudiantes-FCE-Ministro-Economia-6509-scaled.jpg\"><img loading=\"lazy\" decoding=\"async\" class=\"alignright size-medium wp-image-30888976\" src=\"https:\/\/www.upo.es\/diario\/wp-content\/uploads\/2025\/11\/20112025-Encuentro-Estudiantes-FCE-Ministro-Economia-6509-420x280.jpg\" alt=\"Encuentro de estudiantes de la Facultad de Empresariales con el ministro Cuerpo\" width=\"420\" height=\"280\" srcset=\"https:\/\/www.upo.es\/diario\/wp-content\/uploads\/2025\/11\/20112025-Encuentro-Estudiantes-FCE-Ministro-Economia-6509-420x280.jpg 420w, https:\/\/www.upo.es\/diario\/wp-content\/uploads\/2025\/11\/20112025-Encuentro-Estudiantes-FCE-Ministro-Economia-6509-750x500.jpg 750w, https:\/\/www.upo.es\/diario\/wp-content\/uploads\/2025\/11\/20112025-Encuentro-Estudiantes-FCE-Ministro-Economia-6509-768x512.jpg 768w, https:\/\/www.upo.es\/diario\/wp-content\/uploads\/2025\/11\/20112025-Encuentro-Estudiantes-FCE-Ministro-Economia-6509-1536x1024.jpg 1536w, https:\/\/www.upo.es\/diario\/wp-content\/uploads\/2025\/11\/20112025-Encuentro-Estudiantes-FCE-Ministro-Economia-6509-2048x1365.jpg 2048w, https:\/\/www.upo.es\/diario\/wp-content\/uploads\/2025\/11\/20112025-Encuentro-Estudiantes-FCE-Ministro-Economia-6509-165x109.jpg 165w, https:\/\/www.upo.es\/diario\/wp-content\/uploads\/2025\/11\/20112025-Encuentro-Estudiantes-FCE-Ministro-Economia-6509-1320x880.jpg 1320w\" sizes=\"auto, (max-width: 420px) 100vw, 420px\" \/><\/a>Carlos Cuerpo, que ha preferido escuchar y dialogar con los estudiantes antes que pronunciar una charla, ha respondido a las preguntas de los alumnos y alumnas, que llenaron la sala de grados del edificio 7. <strong>Entre los temas que le plantearon al responsable de la pol\u00edtica econ\u00f3mica de Espa\u00f1a destacaron la viabilidad de las pensiones y los efectos econ\u00f3micos de la inmigraci\u00f3n<\/strong>. El ministro fue tambi\u00e9n preguntado por la diferencia entre los datos macroecon\u00f3micos y la percepci\u00f3n de la situaci\u00f3n por la ciudadan\u00eda; sobre las facilidades para la creaci\u00f3n de empresas; el acuerdo UE-Mercosur y la relaci\u00f3n entre productividad y crecimiento del PIB nacional.<\/p>\n<p><a href=\"https:\/\/www.upo.es\/diario\/wp-content\/uploads\/2025\/11\/20112025-Encuentro-Estudiantes-FCE-Ministro-Economia-6526-scaled.jpg\"><img loading=\"lazy\" decoding=\"async\" class=\"aligncenter size-large wp-image-30888977\" src=\"https:\/\/www.upo.es\/diario\/wp-content\/uploads\/2025\/11\/20112025-Encuentro-Estudiantes-FCE-Ministro-Economia-6526-750x422.jpg\" alt=\"Encuentro de estudiantes de la Facultad de Empresariales con el ministro Cuerpo\" width=\"750\" height=\"422\" srcset=\"https:\/\/www.upo.es\/diario\/wp-content\/uploads\/2025\/11\/20112025-Encuentro-Estudiantes-FCE-Ministro-Economia-6526-750x422.jpg 750w, https:\/\/www.upo.es\/diario\/wp-content\/uploads\/2025\/11\/20112025-Encuentro-Estudiantes-FCE-Ministro-Economia-6526-420x236.jpg 420w, https:\/\/www.upo.es\/diario\/wp-content\/uploads\/2025\/11\/20112025-Encuentro-Estudiantes-FCE-Ministro-Economia-6526-768x432.jpg 768w, https:\/\/www.upo.es\/diario\/wp-content\/uploads\/2025\/11\/20112025-Encuentro-Estudiantes-FCE-Ministro-Economia-6526-1536x864.jpg 1536w, https:\/\/www.upo.es\/diario\/wp-content\/uploads\/2025\/11\/20112025-Encuentro-Estudiantes-FCE-Ministro-Economia-6526-2048x1152.jpg 2048w, https:\/\/www.upo.es\/diario\/wp-content\/uploads\/2025\/11\/20112025-Encuentro-Estudiantes-FCE-Ministro-Economia-6526-1320x743.jpg 1320w\" sizes=\"auto, (max-width: 750px) 100vw, 750px\" \/><\/a><\/p>\n","protected":false},"excerpt":{"rendered":"<p>El ministro de Econom\u00eda, Comercio y Empresa, Carlos Cuerpo Caballero, ha mantenido esta ma\u00f1ana en el campus un encuentro con estudiantes de la Facultad de Ciencias Empresariales de la Universidad Pablo de Olavide, en un acto presidido por el rector Francisco Oliva y que ha llevado por t\u00edtulo &#8216;El momento de Espa\u00f1a en un mundo incierto&#8217;. Carlos Cuerpo, que ha<a class=\"read-more\" href=\"https:\/\/www.upo.es\/diario\/comunidad\/2025\/11\/estudiantes-de-la-facultad-de-ciencias-empresariales-mantienen-un-encuentro-con-el-ministro-de-economia\/\">[Read More&#8230;]<\/a><\/p>\n","protected":false},"author":6,"featured_media":30888975,"comment_status":"closed","ping_status":"open","sticky":false,"template":"","format":"standard","meta":{"_monsterinsights_skip_tracking":false,"_monsterinsights_sitenote_active":false,"_monsterinsights_sitenote_note":"","_monsterinsights_sitenote_category":0,"footnotes":""},"categories":[5842],"tags":[553,63,1059,21,360,4021,4609,38],"class_list":["post-30888972","post","type-post","status-publish","format-standard","has-post-thumbnail","hentry","category-comunidad","tag-analisis-economico","tag-economia","tag-empresas","tag-estudiantes","tag-facultad-de-ciencias-empresariales","tag-francisco-oliva-blazquez","tag-gobierno-de-espana","tag-rector"],"_links":{"self":[{"href":"https:\/\/www.upo.es\/diario\/wp-json\/wp\/v2\/posts\/30888972","targetHints":{"allow":["GET"]}}],"collection":[{"href":"https:\/\/www.upo.es\/diario\/wp-json\/wp\/v2\/posts"}],"about":[{"href":"https:\/\/www.upo.es\/diario\/wp-json\/wp\/v2\/types\/post"}],"author":[{"embeddable":true,"href":"https:\/\/www.upo.es\/diario\/wp-json\/wp\/v2\/users\/6"}],"replies":[{"embeddable":true,"href":"https:\/\/www.upo.es\/diario\/wp-json\/wp\/v2\/comments?post=30888972"}],"version-history":[{"count":5,"href":"https:\/\/www.upo.es\/diario\/wp-json\/wp\/v2\/posts\/30888972\/revisions"}],"predecessor-version":[{"id":30888980,"href":"https:\/\/www.upo.es\/diario\/wp-json\/wp\/v2\/posts\/30888972\/revisions\/30888980"}],"wp:featuredmedia":[{"embeddable":true,"href":"https:\/\/www.upo.es\/diario\/wp-json\/wp\/v2\/media\/30888975"}],"wp:attachment":[{"href":"https:\/\/www.upo.es\/diario\/wp-json\/wp\/v2\/media?parent=30888972"}],"wp:term":[{"taxonomy":"category","embeddable":true,"href":"https:\/\/www.upo.es\/diario\/wp-json\/wp\/v2\/categories?post=30888972"},{"taxonomy":"post_tag","embeddable":true,"href":"https:\/\/www.upo.es\/diario\/wp-json\/wp\/v2\/tags?post=30888972"}],"curies":[{"name":"wp","href":"https:\/\/api.w.org\/{rel}","templated":true}]}}