{"id":30888981,"date":"2025-11-21T11:53:56","date_gmt":"2025-11-21T10:53:56","guid":{"rendered":"https:\/\/www.upo.es\/diario\/?p=30888981"},"modified":"2025-11-26T19:49:53","modified_gmt":"2025-11-26T18:49:53","slug":"presentado-el-informe-gem-sevilla-2024-2025","status":"publish","type":"post","link":"https:\/\/www.upo.es\/diario\/ciencia\/2025\/11\/presentado-el-informe-gem-sevilla-2024-2025\/","title":{"rendered":"El Informe GEM Sevilla 2024-2025, elaborado por universidades p\u00fablicas, refuerza su papel como referencia para las pol\u00edticas de emprendimiento"},"content":{"rendered":"<p><a href=\"https:\/\/www.upo.es\/diario\/wp-content\/uploads\/2025\/11\/GEM_Diputacion-rectores-equipo-GEM.jpg\"><img loading=\"lazy\" decoding=\"async\" class=\"aligncenter size-large wp-image-30888984\" src=\"https:\/\/www.upo.es\/diario\/wp-content\/uploads\/2025\/11\/GEM_Diputacion-rectores-equipo-GEM-750x511.jpg\" alt=\"Presentaci\u00f3n del Informe GEM Provincia de Sevilla, en su edici\u00f3n de 2024-2025 \" width=\"750\" height=\"511\" srcset=\"https:\/\/www.upo.es\/diario\/wp-content\/uploads\/2025\/11\/GEM_Diputacion-rectores-equipo-GEM-750x511.jpg 750w, https:\/\/www.upo.es\/diario\/wp-content\/uploads\/2025\/11\/GEM_Diputacion-rectores-equipo-GEM-420x286.jpg 420w, https:\/\/www.upo.es\/diario\/wp-content\/uploads\/2025\/11\/GEM_Diputacion-rectores-equipo-GEM-768x523.jpg 768w, https:\/\/www.upo.es\/diario\/wp-content\/uploads\/2025\/11\/GEM_Diputacion-rectores-equipo-GEM-1536x1046.jpg 1536w, https:\/\/www.upo.es\/diario\/wp-content\/uploads\/2025\/11\/GEM_Diputacion-rectores-equipo-GEM-1320x899.jpg 1320w, https:\/\/www.upo.es\/diario\/wp-content\/uploads\/2025\/11\/GEM_Diputacion-rectores-equipo-GEM.jpg 1600w\" sizes=\"auto, (max-width: 750px) 100vw, 750px\" \/><\/a>La Universidad Pablo de Olavide ha participado este viernes en la presentaci\u00f3n del <strong data-start=\"766\" data-end=\"812\">Informe GEM Provincia de Sevilla 2024-2025<\/strong>, un estudio de referencia para conocer la evoluci\u00f3n del ecosistema emprendedor sevillano. El informe, <strong>elaborado por un equipo conjunto de la UPO y la US y patrocinado por Prodetur\u2013Diputaci\u00f3n de Sevilla<\/strong>, analiza cada a\u00f1o las percepciones de la poblaci\u00f3n, la actividad emprendedora y las condiciones del entorno para emprender en la provincia.<\/p>\n<figure id=\"attachment_30888988\" aria-describedby=\"caption-attachment-30888988\" style=\"width: 420px\" class=\"wp-caption alignright\"><a href=\"https:\/\/www.upo.es\/diario\/wp-content\/uploads\/2025\/11\/GEM_Diputacion-rectores-2.jpg\"><img loading=\"lazy\" decoding=\"async\" class=\"size-medium wp-image-30888988\" src=\"https:\/\/www.upo.es\/diario\/wp-content\/uploads\/2025\/11\/GEM_Diputacion-rectores-2-420x265.jpg\" alt=\"Miguel \u00c1ngel Castro, Javier Fern\u00e1ndez y Francisco Oliva\" width=\"420\" height=\"265\" srcset=\"https:\/\/www.upo.es\/diario\/wp-content\/uploads\/2025\/11\/GEM_Diputacion-rectores-2-420x265.jpg 420w, https:\/\/www.upo.es\/diario\/wp-content\/uploads\/2025\/11\/GEM_Diputacion-rectores-2-750x473.jpg 750w, https:\/\/www.upo.es\/diario\/wp-content\/uploads\/2025\/11\/GEM_Diputacion-rectores-2-768x484.jpg 768w, https:\/\/www.upo.es\/diario\/wp-content\/uploads\/2025\/11\/GEM_Diputacion-rectores-2-1536x968.jpg 1536w, https:\/\/www.upo.es\/diario\/wp-content\/uploads\/2025\/11\/GEM_Diputacion-rectores-2-1320x832.jpg 1320w, https:\/\/www.upo.es\/diario\/wp-content\/uploads\/2025\/11\/GEM_Diputacion-rectores-2.jpg 1600w\" sizes=\"auto, (max-width: 420px) 100vw, 420px\" \/><\/a><figcaption id=\"caption-attachment-30888988\" class=\"wp-caption-text\">Miguel \u00c1ngel Castro, Javier Fern\u00e1ndez y Francisco Oliva<\/figcaption><\/figure>\n<p>El <a href=\"https:\/\/institucional.us.es\/gemsevilla\/\">Informe GEM Sevilla 2024-2025<\/a><strong> refuerza su papel como referencia para las pol\u00edticas de emprendimiento<\/strong>. As\u00ed lo han destacado en su presentaci\u00f3n el presidente de la Diputaci\u00f3n de Sevilla, <strong>Javier Fern\u00e1ndez<\/strong>, y los rectores de Sevilla, <strong>Miguel \u00c1ngel Castro<\/strong>, y de la Pablo de Olavide, <strong>Francisco Oliva<\/strong>.<\/p>\n<p>El rector de la Universidad Pablo de Olavide ha resaltado la calidad del informe y que \u00e9ste sea resultado de la colaboraci\u00f3n de las universidades p\u00fablicas de Sevilla con la Diputaci\u00f3n. \u00abEl emprendimiento es una actitud, la impulsan personas que quieren innovar, hacer cosas que nunca se han hecho antes, pero necesita formaci\u00f3n, y en eso las universidades tenemos que hacer un gran esfuerzo\u00bb. <strong>Francisco Oliva ha subrayado asimismo la necesidad de que el emprendimiento en Sevilla de un salto desde el sector servicios, prioritario, a uno basado en la transformaci\u00f3n digital y en la sostenibilidad, en un sentido amplio<\/strong>. \u00abY donde se genera ese conocimiento y se transfiere a las sociedad es en las universidades, que tambi\u00e9n tenemos que aprender de este informe para mejorar en nuestra misi\u00f3n\u00bb, ha concluido.<\/p>\n<h3 data-start=\"1462\" data-end=\"1527\"><strong data-start=\"1465\" data-end=\"1527\">Oportunidades al alza, pero menor confianza para emprender<\/strong><\/h3>\n<p data-start=\"1528\" data-end=\"1923\">El estudio revela que <strong data-start=\"1550\" data-end=\"1640\">crece la capacidad de la poblaci\u00f3n sevillana para identificar oportunidades de negocio<\/strong>, alcanzando el <strong data-start=\"1656\" data-end=\"1665\">29,7%<\/strong>, una cifra cercana a la media andaluza y por encima de la nacional. Sin embargo, desciende de forma notable la percepci\u00f3n de poseer los conocimientos y habilidades necesarias para emprender, situ\u00e1ndose en un <strong data-start=\"1874\" data-end=\"1881\">40%<\/strong>, el valor m\u00e1s bajo de la serie hist\u00f3rica.<\/p>\n<p data-start=\"1925\" data-end=\"2127\">Este retroceso se acompa\u00f1a de un <strong data-start=\"1958\" data-end=\"1990\">repunte del miedo al fracaso<\/strong> (51,8%) y de una menor visibilidad de referentes emprendedores, lo que dificulta la transformaci\u00f3n de oportunidades en proyectos reales.<\/p>\n<h3 data-start=\"2129\" data-end=\"2201\"><strong data-start=\"2132\" data-end=\"2201\">La actividad emprendedora mejora y se agranda la brecha de g\u00e9nero<\/strong><\/h3>\n<p data-start=\"2202\" data-end=\"2554\"><a href=\"https:\/\/www.upo.es\/diario\/wp-content\/uploads\/2025\/11\/Informe-GEM-Sevilla-2024-2025_portada.png\"><img loading=\"lazy\" decoding=\"async\" class=\"alignright size-large wp-image-30888990\" src=\"https:\/\/www.upo.es\/diario\/wp-content\/uploads\/2025\/11\/Informe-GEM-Sevilla-2024-2025_portada-389x525.png\" alt=\"INFORME GEM PROVINCIA DE SEVILLA 2024-2025 (Portada)\" width=\"389\" height=\"525\" srcset=\"https:\/\/www.upo.es\/diario\/wp-content\/uploads\/2025\/11\/Informe-GEM-Sevilla-2024-2025_portada-389x525.png 389w, https:\/\/www.upo.es\/diario\/wp-content\/uploads\/2025\/11\/Informe-GEM-Sevilla-2024-2025_portada-311x420.png 311w, https:\/\/www.upo.es\/diario\/wp-content\/uploads\/2025\/11\/Informe-GEM-Sevilla-2024-2025_portada-768x1037.png 768w, https:\/\/www.upo.es\/diario\/wp-content\/uploads\/2025\/11\/Informe-GEM-Sevilla-2024-2025_portada-1137x1536.png 1137w, https:\/\/www.upo.es\/diario\/wp-content\/uploads\/2025\/11\/Informe-GEM-Sevilla-2024-2025_portada-1320x1783.png 1320w, https:\/\/www.upo.es\/diario\/wp-content\/uploads\/2025\/11\/Informe-GEM-Sevilla-2024-2025_portada.png 1481w\" sizes=\"auto, (max-width: 389px) 100vw, 389px\" \/><\/a>A pesar de la ca\u00edda del emprendimiento potencial (9,1%), la <strong data-start=\"2262\" data-end=\"2311\">tasa de actividad emprendedora reciente (TEA)<\/strong> aumenta hasta el <strong data-start=\"2329\" data-end=\"2335\">7%<\/strong>, igualando la media andaluza. El informe destaca un comportamiento desigual por g\u00e9nero: mientras la TEA masculina sube al <strong data-start=\"2458\" data-end=\"2466\">8,3%<\/strong>, la femenina baja al <strong data-start=\"2488\" data-end=\"2496\">5,6%<\/strong>, ampli\u00e1ndose la brecha hasta <strong data-start=\"2526\" data-end=\"2553\">2,7 puntos porcentuales<\/strong>.<\/p>\n<p data-start=\"2556\" data-end=\"2729\">El emprendimiento contin\u00faa siendo en gran parte una v\u00eda para \u201cganarse la vida\u201d (57,3%), aunque crece el peso de las motivaciones vinculadas a la oportunidad y la innovaci\u00f3n.<\/p>\n<p data-start=\"2731\" data-end=\"3055\">El estudio subraya un dato clave: <strong data-start=\"2765\" data-end=\"2872\">el 96% de quienes han emprendido en los \u00faltimos a\u00f1os cuentan con formaci\u00f3n espec\u00edfica en emprendimiento<\/strong>, frente a una TEA pr\u00e1cticamente nula entre quienes no la han recibido. La formaci\u00f3n emerge como uno de los factores determinantes para la creaci\u00f3n y consolidaci\u00f3n de nuevas empresas.<\/p>\n<h3 data-start=\"3057\" data-end=\"3126\"><strong data-start=\"3060\" data-end=\"3126\">Un tejido emprendedor de microempresas y orientado a servicios<\/strong><\/h3>\n<p data-start=\"3127\" data-end=\"3381\">El perfil del emprendimiento provincial mantiene un predominio claro de las <strong data-start=\"3203\" data-end=\"3220\">microempresas<\/strong>: m\u00e1s del 95% tiene menos de 10 empleados. La mayor\u00eda de iniciativas recientes se concentra en el sector servicios, especialmente en los dirigidos al consumidor.<\/p>\n<p data-start=\"3383\" data-end=\"3640\">Aunque el nivel tecnol\u00f3gico contin\u00faa siendo reducido, el informe detecta una <strong data-start=\"3460\" data-end=\"3504\">mejor\u00eda en los indicadores de innovaci\u00f3n<\/strong>, tanto en producto como en proceso, y un avance en la orientaci\u00f3n internacional: <strong data-start=\"3586\" data-end=\"3639\">casi el 30% de las iniciativas recientes exportan<\/strong>.<\/p>\n<p data-start=\"3642\" data-end=\"3834\">Tambi\u00e9n crecen las expectativas de digitalizaci\u00f3n: el 43% de las nuevas iniciativas y el 52% de las empresas consolidadas prev\u00e9n incrementar el uso de tecnolog\u00eda digital en los pr\u00f3ximos meses.<\/p>\n<h3 data-start=\"3836\" data-end=\"3900\"><strong data-start=\"3839\" data-end=\"3900\">La ciudad de Sevilla, motor del emprendimiento provincial<\/strong><\/h3>\n<p data-start=\"3901\" data-end=\"4159\">El an\u00e1lisis territorial confirma que la <strong data-start=\"3941\" data-end=\"3993\">capital concentra el mayor dinamismo emprendedor<\/strong>, con una TEA cercana al <strong data-start=\"4018\" data-end=\"4025\">13%<\/strong>, muy superior a la media provincial. Tambi\u00e9n destacan los municipios medianos de la segunda corona, que alcanzan una TEA del <strong data-start=\"4151\" data-end=\"4158\">10%<\/strong>.<\/p>\n<p data-start=\"4161\" data-end=\"4439\">La segunda corona registra adem\u00e1s una reducci\u00f3n significativa de los abandonos empresariales y un incremento del emprendimiento consolidado. Sin embargo, el fuerte descenso del emprendimiento potencial en este territorio plantea un posible ajuste de la TEA en los pr\u00f3ximos a\u00f1os.<\/p>\n<h3 data-start=\"4441\" data-end=\"4499\"><strong data-start=\"4444\" data-end=\"4499\">Fortalezas y debilidades del entorno para emprender<\/strong><\/h3>\n<p data-start=\"4500\" data-end=\"4763\">Los expertos valoran de forma muy positiva las <strong data-start=\"4547\" data-end=\"4590\">infraestructuras f\u00edsicas y de servicios<\/strong>, as\u00ed como la red de <strong data-start=\"4611\" data-end=\"4652\">incubadoras y servicios profesionales<\/strong>. Tambi\u00e9n reciben buena valoraci\u00f3n los programas de apoyo y la formaci\u00f3n emprendedora en etapas post-escolares.<\/p>\n<p data-start=\"4765\" data-end=\"5231\">En el lado opuesto, el informe vuelve a se\u00f1alar como gran debilidad la <strong data-start=\"4836\" data-end=\"4910\">escasa presencia del emprendimiento en educaci\u00f3n primaria y secundaria<\/strong>, as\u00ed como las dificultades para acceder a financiaci\u00f3n y la persistencia de la burocracia administrativa.<br data-start=\"5016\" data-end=\"5019\" \/>En esta edici\u00f3n, por primera vez, se incorpora la perspectiva de <strong data-start=\"5084\" data-end=\"5111\">inteligencia artificial<\/strong>: aunque existe inter\u00e9s, a\u00fan se detectan importantes carencias formativas y de competencias en empresas e instituciones.<\/p>\n<h3 data-start=\"5233\" data-end=\"5305\"><strong data-start=\"5236\" data-end=\"5305\">Emprendimiento de impacto: m\u00e1s joven, m\u00e1s formado y m\u00e1s innovador<\/strong><\/h3>\n<p data-start=\"5306\" data-end=\"5749\">El equipo GEM Sevilla incluye este a\u00f1o un an\u00e1lisis espec\u00edfico sobre iniciativas de <strong data-start=\"5389\" data-end=\"5405\">alto impacto<\/strong>, aquellas que integran innovaci\u00f3n, internacionalizaci\u00f3n, creaci\u00f3n de empleo y tecnolog\u00eda. Estos proyectos presentan un <strong data-start=\"5525\" data-end=\"5553\">mayor tama\u00f1o empresarial<\/strong>, est\u00e1n liderados por personas j\u00f3venes y con niveles m\u00e1s altos de formaci\u00f3n \u2014incluida formaci\u00f3n espec\u00edfica en emprendimiento\u2014 y muestran una mayor orientaci\u00f3n hacia servicios avanzados a empresas.<\/p>\n<h3 data-start=\"5306\" data-end=\"5749\">GEM, un observatorio internacional sobre emprendimiento<\/h3>\n<p data-start=\"5306\" data-end=\"5749\">El <strong data-start=\"226\" data-end=\"267\">Global Entrepreneurship Monitor (GEM)<\/strong> es el mayor observatorio internacional sobre emprendimiento, creado en 1999 por London Business School y Babson College. Su objetivo es analizar cada a\u00f1o la actividad emprendedora y las condiciones que influyen en su desarrollo en m\u00e1s de 50 pa\u00edses. Para ello utiliza una metodolog\u00eda com\u00fan en todo el mundo, basada en dos encuestas: la <strong data-start=\"603\" data-end=\"636\">APS (Adult Population Survey)<\/strong>, que recoge percepciones, actitudes y comportamientos emprendedores de la poblaci\u00f3n de 18 a 64 a\u00f1os; y la <strong data-start=\"743\" data-end=\"775\">NES (National Expert Survey)<\/strong>, dirigida a expertos del ecosistema para evaluar la calidad del entorno y los factores que facilitan o dificultan emprender. Esta metodolog\u00eda homog\u00e9nea y estable permite realizar comparaciones entre territorios y analizar la evoluci\u00f3n temporal del emprendimiento. Los informes GEM se publican a escala internacional, nacional, regional y provincial, y constituyen una referencia para instituciones, universidades y agentes socioecon\u00f3micos.<\/p>\n<p data-start=\"5306\" data-end=\"5749\">En Sevilla, el equipo que realiza el informe GEM anual de la provincia est\u00e1 compuesto por expertos y expertas de la Universidad de Sevilla (grupo <strong><em>Entrepreneurship &amp; Innovation<\/em><\/strong>) y de la Pablo de Olavide (centro propio de investigaci\u00f3n <strong><em>InnLab<\/em><\/strong>).<\/p>\n<p data-start=\"5306\" data-end=\"5749\"><strong>Referencia:<br \/>\n<\/strong>Li\u00f1\u00e1n, F.; Cabello-Medina, C.; Fern\u00e1ndez-Serrano, J.; Carmona-Lavado, A.; Ja\u00e9n-Figueroa, I.; P\u00e9rez-Lu\u00f1o, A. (2025). <strong>Informe GEM Provincia de Sevilla 2024-2025<\/strong>. Ed. INN-LAB y E&amp;I. Sevilla.<br \/>\n<a href=\"https:\/\/institucional.us.es\/gemsevilla\/\">Observatorio de Emprendimiento GEM Provincia de Sevilla \u2013 Equipo GEM Sevilla<\/a><\/p>\n","protected":false},"excerpt":{"rendered":"<p>La Universidad Pablo de Olavide ha participado este viernes en la presentaci\u00f3n del Informe GEM Provincia de Sevilla 2024-2025, un estudio de referencia para conocer la evoluci\u00f3n del ecosistema emprendedor sevillano. El informe, elaborado por un equipo conjunto de la UPO y la US y patrocinado por Prodetur\u2013Diputaci\u00f3n de Sevilla, analiza cada a\u00f1o las percepciones de la poblaci\u00f3n, la actividad<a class=\"read-more\" href=\"https:\/\/www.upo.es\/diario\/ciencia\/2025\/11\/presentado-el-informe-gem-sevilla-2024-2025\/\">[Read More&#8230;]<\/a><\/p>\n","protected":false},"author":6,"featured_media":30888984,"comment_status":"closed","ping_status":"open","sticky":false,"template":"","format":"standard","meta":{"_monsterinsights_skip_tracking":false,"_monsterinsights_sitenote_active":false,"_monsterinsights_sitenote_note":"","_monsterinsights_sitenote_category":0,"footnotes":""},"categories":[3],"tags":[2829,3690,689,6512,8130,1163],"class_list":["post-30888981","post","type-post","status-publish","format-standard","has-post-thumbnail","hentry","category-ciencia","tag-carmen-cabello","tag-diputacion-de-sevilla","tag-emprendimiento","tag-informe-gem","tag-innlab","tag-universidad-de-sevilla"],"_links":{"self":[{"href":"https:\/\/www.upo.es\/diario\/wp-json\/wp\/v2\/posts\/30888981","targetHints":{"allow":["GET"]}}],"collection":[{"href":"https:\/\/www.upo.es\/diario\/wp-json\/wp\/v2\/posts"}],"about":[{"href":"https:\/\/www.upo.es\/diario\/wp-json\/wp\/v2\/types\/post"}],"author":[{"embeddable":true,"href":"https:\/\/www.upo.es\/diario\/wp-json\/wp\/v2\/users\/6"}],"replies":[{"embeddable":true,"href":"https:\/\/www.upo.es\/diario\/wp-json\/wp\/v2\/comments?post=30888981"}],"version-history":[{"count":10,"href":"https:\/\/www.upo.es\/diario\/wp-json\/wp\/v2\/posts\/30888981\/revisions"}],"predecessor-version":[{"id":30888998,"href":"https:\/\/www.upo.es\/diario\/wp-json\/wp\/v2\/posts\/30888981\/revisions\/30888998"}],"wp:featuredmedia":[{"embeddable":true,"href":"https:\/\/www.upo.es\/diario\/wp-json\/wp\/v2\/media\/30888984"}],"wp:attachment":[{"href":"https:\/\/www.upo.es\/diario\/wp-json\/wp\/v2\/media?parent=30888981"}],"wp:term":[{"taxonomy":"category","embeddable":true,"href":"https:\/\/www.upo.es\/diario\/wp-json\/wp\/v2\/categories?post=30888981"},{"taxonomy":"post_tag","embeddable":true,"href":"https:\/\/www.upo.es\/diario\/wp-json\/wp\/v2\/tags?post=30888981"}],"curies":[{"name":"wp","href":"https:\/\/api.w.org\/{rel}","templated":true}]}}