{"id":30888994,"date":"2025-11-21T11:38:04","date_gmt":"2025-11-21T10:38:04","guid":{"rendered":"https:\/\/www.upo.es\/diario\/?p=30888994"},"modified":"2025-12-01T09:28:19","modified_gmt":"2025-12-01T08:28:19","slug":"universidad-pablo-de-olavide-presenta-nuevo-protocolo-contra-acoso-por-el-25n","status":"publish","type":"post","link":"https:\/\/www.upo.es\/diario\/institucional\/2025\/11\/universidad-pablo-de-olavide-presenta-nuevo-protocolo-contra-acoso-por-el-25n\/","title":{"rendered":"La Universidad Pablo de Olavide presenta su nuevo Protocolo contra el acoso por el 25N"},"content":{"rendered":"<p><a href=\"https:\/\/www.upo.es\/diario\/wp-content\/uploads\/2025\/11\/Cartel_25N_UPO.jpg\"><img loading=\"lazy\" decoding=\"async\" class=\"alignright size-large wp-image-30888971\" src=\"https:\/\/www.upo.es\/diario\/wp-content\/uploads\/2025\/11\/Cartel_25N_UPO-371x525.jpg\" alt=\"\" width=\"371\" height=\"525\" srcset=\"https:\/\/www.upo.es\/diario\/wp-content\/uploads\/2025\/11\/Cartel_25N_UPO-371x525.jpg 371w, https:\/\/www.upo.es\/diario\/wp-content\/uploads\/2025\/11\/Cartel_25N_UPO-297x420.jpg 297w, https:\/\/www.upo.es\/diario\/wp-content\/uploads\/2025\/11\/Cartel_25N_UPO-768x1086.jpg 768w, https:\/\/www.upo.es\/diario\/wp-content\/uploads\/2025\/11\/Cartel_25N_UPO-1086x1536.jpg 1086w, https:\/\/www.upo.es\/diario\/wp-content\/uploads\/2025\/11\/Cartel_25N_UPO-1448x2048.jpg 1448w, https:\/\/www.upo.es\/diario\/wp-content\/uploads\/2025\/11\/Cartel_25N_UPO-1320x1867.jpg 1320w, https:\/\/www.upo.es\/diario\/wp-content\/uploads\/2025\/11\/Cartel_25N_UPO.jpg 1754w\" sizes=\"auto, (max-width: 371px) 100vw, 371px\" \/><\/a>La Universidad Pablo de Olavide reafirma su compromiso con la igualdad y los derechos humanos con motivo <strong>del D\u00eda Internacional para la Erradicaci\u00f3n de las Violencias contra las Mujeres,<\/strong> que se conmemora el 25 de noviembre. Por este motivo, la UPO presenta su nuevo <a href=\"https:\/\/www.upo.es\/oficinaparalaigualdad\/acoso-protocolos\/\"><strong>Protocolo para la prevenci\u00f3n y actuaci\u00f3n contra el acoso sexual y por raz\u00f3n de sexo, orientaci\u00f3n e identidad sexual y\/o expresi\u00f3n de g\u00e9nero<\/strong><\/a> que tiene como objetivo establecer las medidas que contribuyan a la sensibilizaci\u00f3n, detecci\u00f3n, prevenci\u00f3n y actuaci\u00f3n para evitar posibles situaciones de acoso, y establecer un procedimiento que permita afrontarlas de manera, garantizando la confidencialidad, la protecci\u00f3n de la dignidad, la eficacia y la diligencia del mismo.<\/p>\n<p>Asimismo, la <strong>Delegaci\u00f3n del Rector para la Igualdad de G\u00e9nero, <\/strong>con la coordinaci\u00f3n de la <a href=\"https:\/\/www.upo.es\/oficinaparalaigualdad\/\"><strong>Oficina para la Igualdad<\/strong><\/a> de la Universidad Pablo de Olavide, visibiliza en un programa \u00fanico todas las acciones que se desarrollan durante este mes de noviembre organizadas por las diversas facultades, centros, servicios universitarios de la UPO y entidades externas, con el objetivo de sensibilizar, formar y movilizar a la comunidad universitaria contra todas las formas de violencia machista.<\/p>\n<p>\u201cLa universidad debe ser un espacio libre de violencia, donde el respeto, la igualdad y la dignidad sean pilares irrenunciables\u201d, ha se\u00f1alado la delegada del Rector para la Igualdad de G\u00e9nero, M\u00f3nica Dom\u00ednguez, destacando la importancia del trabajo conjunto entre profesorado, PTGAS y estudiantado.<\/p>\n<p>La campa\u00f1a por el 25N arranca con la presentaci\u00f3n, en sesiones informativas, del nuevo <strong>Protocolo para la prevenci\u00f3n y actuaci\u00f3n contra el acoso sexual y por raz\u00f3n de sexo, orientaci\u00f3n e identidad sexual y\/o expresi\u00f3n de g\u00e9nero de la UPO <\/strong>dirigidas al personal t\u00e9cnico, de administraci\u00f3n y servicios. Posteriormente, se extender\u00e1 al profesorado y al estudiantado, a trav\u00e9s de delegaciones, CEUPO y asociaciones, con el objetivo de garantizar su conocimiento.<\/p>\n<p>Con el mismo objetivo de difundir el protocolo, desde la Delegaci\u00f3n del Rector para la Igualdad de G\u00e9nero y su Oficina para la Igualdad, el \u00c1rea de Salud y Prevenci\u00f3n y el Laboratorio Multimedia de la Biblioteca\/CRAI de la UPO, se han elaborado unas p\u00edldoras audiovisuales, que estar\u00e1n disponibles en redes sociales y en <a href=\"https:\/\/upotv.upo.es\/\">UPOtv<\/a> a partir del d\u00eda 25 de noviembre. Asimismo, se dar\u00e1 difusi\u00f3n a la <a href=\"https:\/\/www.upo.es\/cms1\/export\/sites\/upo\/oficinaparalaigualdad\/documentos\/DEF_-GUIA-PROT.pdf\"><strong>Gu\u00eda B\u00e1sica del Protocolo<\/strong><\/a>, dise\u00f1ada para explicarlo de manera directa y sencilla.<\/p>\n<p><strong>Programa de actividades por el 25N<\/strong><strong>\u00a0<\/strong><\/p>\n<p>La Universidad Pablo de Olavide ha dise\u00f1ado un programa de actividades con motivo del D\u00eda Internacional para la Erradicaci\u00f3n de las Violencias contra las Mujeres (25N) que se celebra a lo largo del mes de noviembre y que contempla seminarios, acciones formativas, art\u00edsticas y de sensibilizaci\u00f3n. Asimismo, se desarrollar\u00e1n acciones simb\u00f3licas como la iluminaci\u00f3n en morado de la torre de la UPO.<\/p>\n<figure id=\"attachment_30888995\" aria-describedby=\"caption-attachment-30888995\" style=\"width: 602px\" class=\"wp-caption aligncenter\"><a href=\"https:\/\/www.upo.es\/diario\/wp-content\/uploads\/2025\/11\/seminario-prevencion-acososexual-UPO.jpeg\"><img loading=\"lazy\" decoding=\"async\" class=\" wp-image-30888995\" src=\"https:\/\/www.upo.es\/diario\/wp-content\/uploads\/2025\/11\/seminario-prevencion-acososexual-UPO-750x400.jpeg\" alt=\"\" width=\"602\" height=\"321\" srcset=\"https:\/\/www.upo.es\/diario\/wp-content\/uploads\/2025\/11\/seminario-prevencion-acososexual-UPO-750x400.jpeg 750w, https:\/\/www.upo.es\/diario\/wp-content\/uploads\/2025\/11\/seminario-prevencion-acososexual-UPO-420x224.jpeg 420w, https:\/\/www.upo.es\/diario\/wp-content\/uploads\/2025\/11\/seminario-prevencion-acososexual-UPO-768x410.jpeg 768w, https:\/\/www.upo.es\/diario\/wp-content\/uploads\/2025\/11\/seminario-prevencion-acososexual-UPO-1536x819.jpeg 1536w, https:\/\/www.upo.es\/diario\/wp-content\/uploads\/2025\/11\/seminario-prevencion-acososexual-UPO-1320x704.jpeg 1320w, https:\/\/www.upo.es\/diario\/wp-content\/uploads\/2025\/11\/seminario-prevencion-acososexual-UPO.jpeg 1837w\" sizes=\"auto, (max-width: 602px) 100vw, 602px\" \/><\/a><figcaption id=\"caption-attachment-30888995\" class=\"wp-caption-text\">Seminario sobre prevenci\u00f3n, detecci\u00f3n y actuaci\u00f3n contra el acoso sexual y sexista organizado por el profesor Manuel Jos\u00e9 Garc\u00eda Rodr\u00edguez de la Facultad de Derecho.<\/figcaption><\/figure>\n<p>Entre las acciones formativas celebradas destaca el <strong>seminario \u2018Universidad libre de violencias: conocer, prevenir y acompa\u00f1ar\u2019<\/strong> de la Facultad de Ciencias Sociales, impulsado por su Delegaci\u00f3n de Estudiantes, centrado en la identificaci\u00f3n de violencias en el entorno universitario; el <strong>seminario sobre prevenci\u00f3n, detecci\u00f3n y actuaci\u00f3n contra el acoso sexual y sexista<\/strong> organizado por el profesor Manuel Jos\u00e9 Garc\u00eda Rodr\u00edguez de la Facultad de Derecho; y desde el CABD se organiza la <strong>jornada \u2018\u00bfConoces el protocolo de acoso sexual y sexista?\u2019<\/strong> impartida por la Oficina para la Igualdad de la UPO.<\/p>\n<figure id=\"attachment_30888767\" aria-describedby=\"caption-attachment-30888767\" style=\"width: 420px\" class=\"wp-caption alignright\"><a href=\"https:\/\/www.upo.es\/diario\/wp-content\/uploads\/2025\/11\/Exp-FEM-GRAFIAS06.jpg\"><img loading=\"lazy\" decoding=\"async\" class=\"wp-image-30888767 size-medium\" src=\"https:\/\/www.upo.es\/diario\/wp-content\/uploads\/2025\/11\/Exp-FEM-GRAFIAS06-420x280.jpg\" alt=\"\" width=\"420\" height=\"280\" srcset=\"https:\/\/www.upo.es\/diario\/wp-content\/uploads\/2025\/11\/Exp-FEM-GRAFIAS06-420x280.jpg 420w, https:\/\/www.upo.es\/diario\/wp-content\/uploads\/2025\/11\/Exp-FEM-GRAFIAS06-750x500.jpg 750w, https:\/\/www.upo.es\/diario\/wp-content\/uploads\/2025\/11\/Exp-FEM-GRAFIAS06-768x512.jpg 768w, https:\/\/www.upo.es\/diario\/wp-content\/uploads\/2025\/11\/Exp-FEM-GRAFIAS06-1536x1025.jpg 1536w, https:\/\/www.upo.es\/diario\/wp-content\/uploads\/2025\/11\/Exp-FEM-GRAFIAS06-165x109.jpg 165w, https:\/\/www.upo.es\/diario\/wp-content\/uploads\/2025\/11\/Exp-FEM-GRAFIAS06-1320x880.jpg 1320w, https:\/\/www.upo.es\/diario\/wp-content\/uploads\/2025\/11\/Exp-FEM-GRAFIAS06.jpg 2000w\" sizes=\"auto, (max-width: 420px) 100vw, 420px\" \/><\/a><figcaption id=\"caption-attachment-30888767\" class=\"wp-caption-text\">Exposici\u00f3n \u2018Fem-Graf\u00edas&#8217; expuesta en la Biblioteca\/CRAI del 10 al 19 de noviembre.<\/figcaption><\/figure>\n<p>La campa\u00f1a tambi\u00e9n incorpora iniciativas art\u00edsticas y comunicativas como la <a href=\"https:\/\/www.upo.es\/diario\/docencia-formacion\/2025\/11\/upo-exposicion-fem-grafias-cartografias-feministas-seguridad\/\"><strong>exposici\u00f3n \u2018Fem-Graf\u00edas\u2019<\/strong><\/a>, una propuesta visual que reflexiona sobre los cuerpos, las emociones y los espacios seguros a trav\u00e9s del collage, organizada por la Asociaci\u00f3n Territorias en colaboraci\u00f3n con la Delegaci\u00f3n del Rector para la Igualdad de G\u00e9nero. Por su parte, la Facultad de Ciencias Empresariales publica el <u>viernes 21 de noviembre la <strong>p\u00edldora audiovisual \u2018\u00bfQu\u00e9 es la violencia sexual?<\/strong>\u2019<\/u> con la intervenci\u00f3n de la asesora jur\u00eddica en g\u00e9nero y derechos humanos Vanessa Casado, que analizar\u00e1 las distintas manifestaciones de esta violencia y la importancia del consentimiento como eje central. Esta p\u00edldora se elabora en el marco de las ayudas de la Delegaci\u00f3n del Rector para la Igualdad de G\u00e9nero para incorporar la perspectiva de g\u00e9nero en la docencia universitaria dirigida a los Centros y Facultades.<\/p>\n<p>Asimismo, el pr\u00f3ximo <u>lunes 24 de noviembre se emite el programa especial en <\/u><a href=\"https:\/\/radiolavide.org\/\">RadiOlavide<\/a><u> \u2018<strong>Espacio 25N: Nuestro compromiso con la prevenci\u00f3n de las violencias\u2019<\/strong><\/u>, dirigido por Candelaria Terce\u00f1o y Mar\u00eda Quemada de la Oficina para la Igualdad, entrevistan a M\u00f3nica Dom\u00ednguez, delegada del Rector para la Igualdad de G\u00e9nero de la UPO y a Roc\u00edo Romero y Marina L\u00f3pez de la Fundaci\u00f3n Atenea. <u>Este mismo d\u00eda, de 14:30 a 15:30 horas en el Aula de Aprendizaje Activo del Edifico 7 de la UPO, se celebrar\u00e1 el <strong>taller \u2018Prevenci\u00f3n de las violencias a trav\u00e9s de las artes pl\u00e1sticas: dise\u00f1a tu camiseta\u2019<\/strong><\/u> que tiene como finalidad permitir a la comunidad universitaria expresar su compromiso contra las violencias machista de manera creativa.<\/p>\n<p>El programa de actividades se cerrar\u00e1 <u>el pr\u00f3ximo 1 de diciembre con el <strong>curso<\/strong> <strong>\u2018Tolerancia cero y respuesta integral: la gesti\u00f3n del acoso en la Universidad y claves para la derivaci\u00f3n judicial\u2019,<\/strong><\/u> a cargo de Gabriel Gonz\u00e1lez Fern\u00e1ndez, fiscal delegado de Criminalidad Inform\u00e1tica en Sevilla, que abordar\u00e1 la identificaci\u00f3n de las conductas constitutivas de acoso y las pautas para derivar judicialmente. Esta formaci\u00f3n est\u00e1 dirigida a quienes forman parte de la Comisi\u00f3n Confidencial, Secretar\u00eda General, Inspecci\u00f3n de Servicios y Defensor\u00eda Universitaria.<\/p>\n<p><a href=\"https:\/\/www.upo.es\/oficinaparalaigualdad\/25n-para-la-erradicacion-de-las-violencias\/\">Programa completo de actividades<\/a><\/p>\n","protected":false},"excerpt":{"rendered":"<p>La Universidad Pablo de Olavide reafirma su compromiso con la igualdad y los derechos humanos con motivo del D\u00eda Internacional para la Erradicaci\u00f3n de las Violencias contra las Mujeres, que se conmemora el 25 de noviembre. Por este motivo, la UPO presenta su nuevo Protocolo para la prevenci\u00f3n y actuaci\u00f3n contra el acoso sexual y por raz\u00f3n de sexo, orientaci\u00f3n e identidad sexual y\/o expresi\u00f3n de g\u00e9nero. Asimismo, la Delegaci\u00f3n del Rector para la Igualdad de G\u00e9nero, con la coordinaci\u00f3n de la Oficina para la Igualdad de la Universidad Pablo de Olavide, visibiliza en un programa \u00fanico todas las acciones que se desarrollan durante este mes de noviembre organizadas por las diversas facultades, centros, servicios universitarios de la UPO y entidades externas, con el objetivo de sensibilizar, formar y movilizar a la comunidad universitaria contra todas las formas de violencia machista.<\/p>\n","protected":false},"author":4,"featured_media":30888971,"comment_status":"closed","ping_status":"open","sticky":false,"template":"","format":"standard","meta":{"_monsterinsights_skip_tracking":false,"_monsterinsights_sitenote_active":false,"_monsterinsights_sitenote_note":"","_monsterinsights_sitenote_category":0,"footnotes":""},"categories":[6],"tags":[4545,7412,9334,5883,514,2209,2441],"class_list":["post-30888994","post","type-post","status-publish","format-standard","has-post-thumbnail","hentry","category-institucional","tag-25n","tag-delegacion-del-rector-para-la-igualdad-de-genero","tag-dia-internacional-para-la-erradicacion-de-las-violencias-contras-las-mujeres","tag-igualdad-de-genero","tag-jornada","tag-oficina-para-la-igualdad","tag-violencia-de-genero"],"_links":{"self":[{"href":"https:\/\/www.upo.es\/diario\/wp-json\/wp\/v2\/posts\/30888994","targetHints":{"allow":["GET"]}}],"collection":[{"href":"https:\/\/www.upo.es\/diario\/wp-json\/wp\/v2\/posts"}],"about":[{"href":"https:\/\/www.upo.es\/diario\/wp-json\/wp\/v2\/types\/post"}],"author":[{"embeddable":true,"href":"https:\/\/www.upo.es\/diario\/wp-json\/wp\/v2\/users\/4"}],"replies":[{"embeddable":true,"href":"https:\/\/www.upo.es\/diario\/wp-json\/wp\/v2\/comments?post=30888994"}],"version-history":[{"count":1,"href":"https:\/\/www.upo.es\/diario\/wp-json\/wp\/v2\/posts\/30888994\/revisions"}],"predecessor-version":[{"id":30888997,"href":"https:\/\/www.upo.es\/diario\/wp-json\/wp\/v2\/posts\/30888994\/revisions\/30888997"}],"wp:featuredmedia":[{"embeddable":true,"href":"https:\/\/www.upo.es\/diario\/wp-json\/wp\/v2\/media\/30888971"}],"wp:attachment":[{"href":"https:\/\/www.upo.es\/diario\/wp-json\/wp\/v2\/media?parent=30888994"}],"wp:term":[{"taxonomy":"category","embeddable":true,"href":"https:\/\/www.upo.es\/diario\/wp-json\/wp\/v2\/categories?post=30888994"},{"taxonomy":"post_tag","embeddable":true,"href":"https:\/\/www.upo.es\/diario\/wp-json\/wp\/v2\/tags?post=30888994"}],"curies":[{"name":"wp","href":"https:\/\/api.w.org\/{rel}","templated":true}]}}