{"id":30889047,"date":"2025-11-24T14:49:11","date_gmt":"2025-11-24T13:49:11","guid":{"rendered":"https:\/\/www.upo.es\/diario\/?p=30889047"},"modified":"2025-11-25T15:37:03","modified_gmt":"2025-11-25T14:37:03","slug":"estudiantes-de-secundario-del-colegio-aljarafe-participan-en-una-charla-sobre-las-aguas-en-la-upo","status":"publish","type":"post","link":"https:\/\/www.upo.es\/diario\/docencia-formacion\/2025\/11\/estudiantes-de-secundario-del-colegio-aljarafe-participan-en-una-charla-sobre-las-aguas-en-la-upo\/","title":{"rendered":"Estudiantes de Secundaria del Colegio Aljarafe participan en una charla sobre las Aguas en la UPO"},"content":{"rendered":"<figure id=\"attachment_30889048\" aria-describedby=\"caption-attachment-30889048\" style=\"width: 750px\" class=\"wp-caption aligncenter\"><a href=\"https:\/\/www.upo.es\/diario\/wp-content\/uploads\/2025\/11\/charla-agua.jpeg\"><img loading=\"lazy\" decoding=\"async\" class=\"wp-image-30889048 size-large\" src=\"https:\/\/www.upo.es\/diario\/wp-content\/uploads\/2025\/11\/charla-agua-e1764078711853-750x447.jpeg\" alt=\"\" width=\"750\" height=\"447\" srcset=\"https:\/\/www.upo.es\/diario\/wp-content\/uploads\/2025\/11\/charla-agua-e1764078711853-750x447.jpeg 750w, https:\/\/www.upo.es\/diario\/wp-content\/uploads\/2025\/11\/charla-agua-e1764078711853-420x250.jpeg 420w, https:\/\/www.upo.es\/diario\/wp-content\/uploads\/2025\/11\/charla-agua-e1764078711853-768x458.jpeg 768w, https:\/\/www.upo.es\/diario\/wp-content\/uploads\/2025\/11\/charla-agua-e1764078711853-1320x786.jpeg 1320w, https:\/\/www.upo.es\/diario\/wp-content\/uploads\/2025\/11\/charla-agua-e1764078711853.jpeg 1536w\" sizes=\"auto, (max-width: 750px) 100vw, 750px\" \/><\/a><figcaption id=\"caption-attachment-30889048\" class=\"wp-caption-text\">La profesora Esther Vel\u00e1zquez durante la charla &#8216;Tu agua en un bote&#8217;.<\/figcaption><\/figure>\n<p>Un total de 90 estudiantes de 2\u00ba de la ESO del Colegio Aljarafe (Mairena del Aljarafe) han visitado la Universidad Pablo de Olavide para participar en la charla \u2018Tu agua en un bote\u2019 impartida esta ma\u00f1ana por la profesora del Departamento de Econom\u00eda, M\u00e9todos Cuantitativos e Historia Econ\u00f3mica, Esther Vel\u00e1zquez Alonso.<\/p>\n<p>La sesi\u00f3n se enmarca en el proyecto \u2018Agua. Conciencia Ciudadana\u2019 de la profesora de la UPO Esther Vel\u00e1zquez, que tiene como objetivo fomentar el conocimiento, la divulgaci\u00f3n, la sensibilizaci\u00f3n y la concienciaci\u00f3n sobre la importancia del agua como recurso esencial.<\/p>\n<figure id=\"attachment_30889049\" aria-describedby=\"caption-attachment-30889049\" style=\"width: 344px\" class=\"wp-caption alignright\"><a href=\"https:\/\/www.upo.es\/diario\/wp-content\/uploads\/2025\/11\/DiaHumedales2022_campusUPO-750x355-1.jpg\"><img loading=\"lazy\" decoding=\"async\" class=\"wp-image-30889049 \" src=\"https:\/\/www.upo.es\/diario\/wp-content\/uploads\/2025\/11\/DiaHumedales2022_campusUPO-750x355-1-420x199.jpg\" alt=\"\" width=\"344\" height=\"163\" srcset=\"https:\/\/www.upo.es\/diario\/wp-content\/uploads\/2025\/11\/DiaHumedales2022_campusUPO-750x355-1-420x199.jpg 420w, https:\/\/www.upo.es\/diario\/wp-content\/uploads\/2025\/11\/DiaHumedales2022_campusUPO-750x355-1.jpg 750w\" sizes=\"auto, (max-width: 344px) 100vw, 344px\" \/><\/a><figcaption id=\"caption-attachment-30889049\" class=\"wp-caption-text\">La laguna de la UPO.<\/figcaption><\/figure>\n<p>Tras la charla, el grupo realiz\u00f3 un recorrido por el campus, visitando espacios como la Laguna y la Biblioteca\/CRAI de la UPO, donde pudieron conocer de primera mano el entorno natural y acad\u00e9mico de la Universidad Pablo de Olavide.<\/p>\n","protected":false},"excerpt":{"rendered":"<p>Un total de 90 estudiantes de 2\u00ba de la ESO del Colegio Aljarafe (Mairena del Aljarafe) han visitado la Universidad Pablo de Olavide para participar en la charla \u2018Tu agua en un bote\u2019 impartida por la profesora del Departamento de Econom\u00eda, M\u00e9todos Cuantitativos e Historia Econ\u00f3mica, Esther Vel\u00e1zquez Alonso.<\/p>\n","protected":false},"author":4,"featured_media":30889048,"comment_status":"closed","ping_status":"open","sticky":false,"template":"","format":"standard","meta":{"_monsterinsights_skip_tracking":false,"_monsterinsights_sitenote_active":false,"_monsterinsights_sitenote_note":"","_monsterinsights_sitenote_category":0,"footnotes":""},"categories":[2779],"tags":[3702,901,9337,8727,1382],"class_list":["post-30889047","post","type-post","status-publish","format-standard","has-post-thumbnail","hentry","category-docencia-formacion","tag-agua","tag-charla","tag-esther-velazquez","tag-laguna","tag-secundaria"],"_links":{"self":[{"href":"https:\/\/www.upo.es\/diario\/wp-json\/wp\/v2\/posts\/30889047","targetHints":{"allow":["GET"]}}],"collection":[{"href":"https:\/\/www.upo.es\/diario\/wp-json\/wp\/v2\/posts"}],"about":[{"href":"https:\/\/www.upo.es\/diario\/wp-json\/wp\/v2\/types\/post"}],"author":[{"embeddable":true,"href":"https:\/\/www.upo.es\/diario\/wp-json\/wp\/v2\/users\/4"}],"replies":[{"embeddable":true,"href":"https:\/\/www.upo.es\/diario\/wp-json\/wp\/v2\/comments?post=30889047"}],"version-history":[{"count":5,"href":"https:\/\/www.upo.es\/diario\/wp-json\/wp\/v2\/posts\/30889047\/revisions"}],"predecessor-version":[{"id":30889054,"href":"https:\/\/www.upo.es\/diario\/wp-json\/wp\/v2\/posts\/30889047\/revisions\/30889054"}],"wp:featuredmedia":[{"embeddable":true,"href":"https:\/\/www.upo.es\/diario\/wp-json\/wp\/v2\/media\/30889048"}],"wp:attachment":[{"href":"https:\/\/www.upo.es\/diario\/wp-json\/wp\/v2\/media?parent=30889047"}],"wp:term":[{"taxonomy":"category","embeddable":true,"href":"https:\/\/www.upo.es\/diario\/wp-json\/wp\/v2\/categories?post=30889047"},{"taxonomy":"post_tag","embeddable":true,"href":"https:\/\/www.upo.es\/diario\/wp-json\/wp\/v2\/tags?post=30889047"}],"curies":[{"name":"wp","href":"https:\/\/api.w.org\/{rel}","templated":true}]}}