{"id":30889055,"date":"2025-11-26T16:42:51","date_gmt":"2025-11-26T15:42:51","guid":{"rendered":"https:\/\/www.upo.es\/diario\/?p=30889055"},"modified":"2025-12-01T09:28:10","modified_gmt":"2025-12-01T08:28:10","slug":"encuentro-directores-el-orden-mundial","status":"publish","type":"post","link":"https:\/\/www.upo.es\/diario\/docencia-formacion\/2025\/11\/encuentro-directores-el-orden-mundial\/","title":{"rendered":"Responsables de &#8216;El Orden Mundial&#8217; destacan en la UPO la importancia de entender el escenario global para interpretar la actualidad"},"content":{"rendered":"<figure id=\"attachment_30889071\" aria-describedby=\"caption-attachment-30889071\" style=\"width: 750px\" class=\"wp-caption aligncenter\"><a href=\"https:\/\/www.upo.es\/diario\/wp-content\/uploads\/2025\/11\/26112025-El-Orden-Mundial-6562-scaled.jpg\"><img loading=\"lazy\" decoding=\"async\" class=\"size-large wp-image-30889071\" src=\"https:\/\/www.upo.es\/diario\/wp-content\/uploads\/2025\/11\/26112025-El-Orden-Mundial-6562-750x422.jpg\" alt=\"Fernando Aranc\u00f3n\" width=\"750\" height=\"422\" srcset=\"https:\/\/www.upo.es\/diario\/wp-content\/uploads\/2025\/11\/26112025-El-Orden-Mundial-6562-750x422.jpg 750w, https:\/\/www.upo.es\/diario\/wp-content\/uploads\/2025\/11\/26112025-El-Orden-Mundial-6562-420x236.jpg 420w, https:\/\/www.upo.es\/diario\/wp-content\/uploads\/2025\/11\/26112025-El-Orden-Mundial-6562-768x432.jpg 768w, https:\/\/www.upo.es\/diario\/wp-content\/uploads\/2025\/11\/26112025-El-Orden-Mundial-6562-1536x864.jpg 1536w, https:\/\/www.upo.es\/diario\/wp-content\/uploads\/2025\/11\/26112025-El-Orden-Mundial-6562-2048x1152.jpg 2048w, https:\/\/www.upo.es\/diario\/wp-content\/uploads\/2025\/11\/26112025-El-Orden-Mundial-6562-1320x743.jpg 1320w\" sizes=\"auto, (max-width: 750px) 100vw, 750px\" \/><\/a><figcaption id=\"caption-attachment-30889071\" class=\"wp-caption-text\">Fernando Aranc\u00f3n<\/figcaption><\/figure>\n<p><strong>Fernando Aranc\u00f3n<\/strong> y <strong>Eduardo Salda\u00f1a<\/strong>, director y codirector de <a href=\"https:\/\/elordenmundial.com\/\"><em>El Orden Mundial<\/em><\/a> (EOM), han presentado esta ma\u00f1ana en el campus el libro &#8216;<a href=\"https:\/\/elordenmundial.com\/mapas-y-graficos\/adelanto-fuerzas-mueven-mundo-nuevo-libro-orden-mundial\/\"><em>Las fuerzas que mueven el mundo. La geopol\u00edtica y la econom\u00eda global en mapas<\/em><\/a>&#8216;, una obra conjunta de la redacci\u00f3n de EOM que ayuda a comprender la actualidad internacional por medio de mapas. Los creadores del principal medio de an\u00e1lisis internacional en espa\u00f1ol \u2014cuyo podcast <em>No es el fin del mundo<\/em> ha recibido un <a href=\"https:\/\/elpais.com\/television\/2025-04-24\/no-es-el-fin-del-mundo-un-podcast-premiado-por-tratar-de-entender-el-desorden-global.html\">Premio Ondas<\/a> este a\u00f1o\u2014 han sido<strong> invitados por el \u00e1rea de Ciencia Pol\u00edtica y de la Administraci\u00f3n por su vig\u00e9simo aniversario<\/strong> como parte de la Universidad Pablo de Olavide.<\/p>\n<figure id=\"attachment_30889072\" aria-describedby=\"caption-attachment-30889072\" style=\"width: 420px\" class=\"wp-caption alignright\"><a href=\"https:\/\/www.upo.es\/diario\/wp-content\/uploads\/2025\/11\/26112025-El-Orden-Mundial-6582-scaled.jpg\"><img loading=\"lazy\" decoding=\"async\" class=\"size-medium wp-image-30889072\" src=\"https:\/\/www.upo.es\/diario\/wp-content\/uploads\/2025\/11\/26112025-El-Orden-Mundial-6582-420x280.jpg\" alt=\"Eduardo Salda\u00f1a durante el encuentro de EOM con estudiantes\" width=\"420\" height=\"280\" srcset=\"https:\/\/www.upo.es\/diario\/wp-content\/uploads\/2025\/11\/26112025-El-Orden-Mundial-6582-420x280.jpg 420w, https:\/\/www.upo.es\/diario\/wp-content\/uploads\/2025\/11\/26112025-El-Orden-Mundial-6582-750x500.jpg 750w, https:\/\/www.upo.es\/diario\/wp-content\/uploads\/2025\/11\/26112025-El-Orden-Mundial-6582-768x512.jpg 768w, https:\/\/www.upo.es\/diario\/wp-content\/uploads\/2025\/11\/26112025-El-Orden-Mundial-6582-1536x1024.jpg 1536w, https:\/\/www.upo.es\/diario\/wp-content\/uploads\/2025\/11\/26112025-El-Orden-Mundial-6582-2048x1365.jpg 2048w, https:\/\/www.upo.es\/diario\/wp-content\/uploads\/2025\/11\/26112025-El-Orden-Mundial-6582-165x109.jpg 165w, https:\/\/www.upo.es\/diario\/wp-content\/uploads\/2025\/11\/26112025-El-Orden-Mundial-6582-1320x880.jpg 1320w\" sizes=\"auto, (max-width: 420px) 100vw, 420px\" \/><\/a><figcaption id=\"caption-attachment-30889072\" class=\"wp-caption-text\">Eduardo Salda\u00f1a durante el encuentro de EOM con estudiantes<\/figcaption><\/figure>\n<p><strong>Los directores de EOM han mantenido un encuentro con estudiantes de Relaciones Internacionales<\/strong> y han recordado sus inicios, ya que ambos crearon la revista digital tras terminar estos estudios en dos universidades p\u00fablicas de Madrid, la Complutense y la Rey Juan Carlos. \u00abReivindicamos la cartograf\u00eda, una tradici\u00f3n que en Espa\u00f1a no se cultiva mucho pero que puede ayudar a entender la realidad mucho m\u00e1s que un art\u00edculo\u00bb.<\/p>\n<p>De este modo, y por medio de mapas, en &#8216;Las fuerzas que mueven el mundo&#8217; ofrecen una panor\u00e1mica global\u00a0 con especial \u00e9nfasis en Oriente Pr\u00f3ximo y en la zona \u00c1sia-Pac\u00edfico desde 2008, a\u00f1o en el que sit\u00faan un punto de inflexi\u00f3n para comprender la actualidad internacional. \u00abLa crisis financiera, la invasi\u00f3n rusa de Georgia y los Juegos Ol\u00edmpicos de Pek\u00edn \u2014como s\u00edmbolo del nuevo papel de China\u2014 son el punto de partida del mundo que vivimos hoy\u00bb, afirman.<\/p>\n<p>Aranc\u00f3n y Salda\u00f1a han subrayado la relevancia de que, la ciudadan\u00eda en general y las empresas en particular, conozcan la geopol\u00edtica y el contexto internacional para comprender la realidad de un mundo cada vez m\u00e1s inseguro, en el que los cambios se dan de forma acelerada. As\u00ed, es primordial tener visi\u00f3n estrat\u00e9gica para afrontar los retos, no ya futuros, sino inmediatos: \u00abno podemos permitirnos dar la espalda a lo que ocurre en el mundo\u00bb.<\/p>\n<p>En este sentido, EOM es un medio que trata de crear afici\u00f3n por las relaciones internacionales. \u00abNuestros mapas son sencillos, sin gran cantidad de datos. Lo importante en los mapas son sus proyecciones, que permiten ver el mundo desde otra perspectiva\u00bb, han se\u00f1alado en un encuentro en el que alumnos y alumnas de Relaciones Internacionales les han preguntado por su visi\u00f3n acerca de cuestiones de la pol\u00edtica actual de \u00e1mbito mundial.<\/p>\n<h3>EOM &#8211; Principal medio de an\u00e1lisis internacional en espa\u00f1ol<\/h3>\n<p>Desde su fundaci\u00f3n en 2012, <a href=\"https:\/\/elordenmundial.com\/\"><em>El Orden Mundial<\/em><\/a> se ha consolidado como el principal medio de an\u00e1lisis internacional en espa\u00f1ol, gracias a su enfoque divulgativo, accesible y riguroso. Su equipo de doce personas ofrece art\u00edculos de fondo, mapas, infograf\u00edas, reportajes, perfiles de l\u00edderes pol\u00edticos y explicaciones geopol\u00edticas, siempre orientados a \u201cexplicar lo que ocurre en el mundo\u201d de forma clara y comprensible. Adem\u00e1s, produce varios podcast que analizan los grandes temas globales, con un lenguaje cercano y apto para p\u00fablicos no especializados.<\/p>\n<p><strong>Referencia:<\/strong><\/p>\n<div>\n<p><img loading=\"lazy\" decoding=\"async\" class=\"size-full wp-image-30889069 alignleft\" src=\"https:\/\/www.upo.es\/diario\/wp-content\/uploads\/2025\/11\/portada_las-fuerzas-que-mueven-el-mundo_el-orden-mundial.png\" alt=\"Las fuerzas que mueven el mundo (portada): ilustraci\u00f3n del globo terr\u00e1queo\" width=\"352\" height=\"420\" \/>El Orden Mundial. (2025). <strong><em>Las fuerzas que mueven el mundo: La geopol\u00edtica y la econom\u00eda global en mapas<\/em><\/strong>. Ed. Ariel. <a href=\"https:\/\/www.planetadelibros.com\/libro-las-fuerzas-que-mueven-el-mundo\/424490\"><span class=\"url\">www.planetadelibros.com\/libro-las-fuerzas-que-mueven-el-mundo\/424490<\/span><\/a><\/p>\n<\/div>\n<p>&nbsp;<\/p>\n","protected":false},"excerpt":{"rendered":"<p>Fernando Aranc\u00f3n y Eduardo Salda\u00f1a, director y codirector de El Orden Mundial (EOM), han presentado esta ma\u00f1ana en el campus el libro &#8216;Las fuerzas que mueven el mundo. La geopol\u00edtica y la econom\u00eda global en mapas&#8217;, una obra conjunta de la redacci\u00f3n de EOM que ayuda a comprender la actualidad internacional por medio de mapas. Los creadores del principal medio de an\u00e1lisis internacional en espa\u00f1ol \u2014cuyo podcast No es el fin del mundo ha recibido un Premio Ondas este a\u00f1o\u2014 han sido invitados por el \u00e1rea de Ciencia Pol\u00edtica y de la Administraci\u00f3n por su vig\u00e9simo aniversario como parte de la Universidad Pablo de Olavide.<\/p>\n","protected":false},"author":6,"featured_media":30889071,"comment_status":"closed","ping_status":"open","sticky":false,"template":"","format":"standard","meta":{"_monsterinsights_skip_tracking":false,"_monsterinsights_sitenote_active":false,"_monsterinsights_sitenote_note":"","_monsterinsights_sitenote_category":0,"footnotes":""},"categories":[2779],"tags":[2272,1178,6043,333,984,334,2514],"class_list":["post-30889055","post","type-post","status-publish","format-standard","has-post-thumbnail","hentry","category-docencia-formacion","tag-area-de-ciencia-politica-y-de-la-administracion","tag-derecho-publico","tag-grado-en-relaciones-internacionales","tag-libro","tag-medios-de-comunicacion","tag-presentacion","tag-universidades-publicas"],"_links":{"self":[{"href":"https:\/\/www.upo.es\/diario\/wp-json\/wp\/v2\/posts\/30889055","targetHints":{"allow":["GET"]}}],"collection":[{"href":"https:\/\/www.upo.es\/diario\/wp-json\/wp\/v2\/posts"}],"about":[{"href":"https:\/\/www.upo.es\/diario\/wp-json\/wp\/v2\/types\/post"}],"author":[{"embeddable":true,"href":"https:\/\/www.upo.es\/diario\/wp-json\/wp\/v2\/users\/6"}],"replies":[{"embeddable":true,"href":"https:\/\/www.upo.es\/diario\/wp-json\/wp\/v2\/comments?post=30889055"}],"version-history":[{"count":13,"href":"https:\/\/www.upo.es\/diario\/wp-json\/wp\/v2\/posts\/30889055\/revisions"}],"predecessor-version":[{"id":30889085,"href":"https:\/\/www.upo.es\/diario\/wp-json\/wp\/v2\/posts\/30889055\/revisions\/30889085"}],"wp:featuredmedia":[{"embeddable":true,"href":"https:\/\/www.upo.es\/diario\/wp-json\/wp\/v2\/media\/30889071"}],"wp:attachment":[{"href":"https:\/\/www.upo.es\/diario\/wp-json\/wp\/v2\/media?parent=30889055"}],"wp:term":[{"taxonomy":"category","embeddable":true,"href":"https:\/\/www.upo.es\/diario\/wp-json\/wp\/v2\/categories?post=30889055"},{"taxonomy":"post_tag","embeddable":true,"href":"https:\/\/www.upo.es\/diario\/wp-json\/wp\/v2\/tags?post=30889055"}],"curies":[{"name":"wp","href":"https:\/\/api.w.org\/{rel}","templated":true}]}}