{"id":30889064,"date":"2025-11-26T16:10:26","date_gmt":"2025-11-26T15:10:26","guid":{"rendered":"https:\/\/www.upo.es\/diario\/?p=30889064"},"modified":"2025-11-26T16:10:49","modified_gmt":"2025-11-26T15:10:49","slug":"la-upo-acoge-la-segunda-jornada-del-congreso-la-desinformacion-como-riesgo-en-el-mundo-digital","status":"publish","type":"post","link":"https:\/\/www.upo.es\/diario\/docencia-formacion\/2025\/11\/la-upo-acoge-la-segunda-jornada-del-congreso-la-desinformacion-como-riesgo-en-el-mundo-digital\/","title":{"rendered":"La UPO acoge la segunda jornada del Congreso \u2018La desinformaci\u00f3n como riesgo en el mundo digital\u2019"},"content":{"rendered":"<figure id=\"attachment_30889065\" aria-describedby=\"caption-attachment-30889065\" style=\"width: 750px\" class=\"wp-caption aligncenter\"><a href=\"https:\/\/www.upo.es\/diario\/wp-content\/uploads\/2025\/11\/Congreso-Desinformacion01.jpg\"><img loading=\"lazy\" decoding=\"async\" class=\"size-large wp-image-30889065\" src=\"https:\/\/www.upo.es\/diario\/wp-content\/uploads\/2025\/11\/Congreso-Desinformacion01-750x500.jpg\" alt=\"\" width=\"750\" height=\"500\" srcset=\"https:\/\/www.upo.es\/diario\/wp-content\/uploads\/2025\/11\/Congreso-Desinformacion01-750x500.jpg 750w, https:\/\/www.upo.es\/diario\/wp-content\/uploads\/2025\/11\/Congreso-Desinformacion01-420x280.jpg 420w, https:\/\/www.upo.es\/diario\/wp-content\/uploads\/2025\/11\/Congreso-Desinformacion01-768x512.jpg 768w, https:\/\/www.upo.es\/diario\/wp-content\/uploads\/2025\/11\/Congreso-Desinformacion01-1536x1025.jpg 1536w, https:\/\/www.upo.es\/diario\/wp-content\/uploads\/2025\/11\/Congreso-Desinformacion01-165x109.jpg 165w, https:\/\/www.upo.es\/diario\/wp-content\/uploads\/2025\/11\/Congreso-Desinformacion01-1320x880.jpg 1320w, https:\/\/www.upo.es\/diario\/wp-content\/uploads\/2025\/11\/Congreso-Desinformacion01.jpg 2000w\" sizes=\"auto, (max-width: 750px) 100vw, 750px\" \/><\/a><figcaption id=\"caption-attachment-30889065\" class=\"wp-caption-text\">Primera mesa redonda celebrada hoy en la UPO con los profesores Stefano Ruggeri (Universidad de Messina), Abraham Barrero (US), Jos\u00e9 Antonio Colmenero (UPO) y la profesora Laura Garc\u00eda (US).<\/figcaption><\/figure>\n<p>La Universidad Pablo de Olavide ha acogido esta ma\u00f1ana la <strong>segunda jornada del <\/strong><a href=\"https:\/\/eventos.upo.es\/agenda\/show_event\/143155\/congreso-internacional-sobre-la-desinformacion-como-riesgo-en-el-mundo-digital.html\"><strong>Congreso Internacional \u2018La desinformaci\u00f3n como riesgo en el mundo digital\u2019<\/strong><\/a> que comenz\u00f3 ayer martes en la Universidad de Sevilla. Este encuentro ha reunido a especialistas en Derecho Penal para estudiar el impacto social y jur\u00eddico de la desinformaci\u00f3n.<\/p>\n<p>Organizado en el marco de un proyecto de estudio interdisciplinar de la desinformaci\u00f3n de la US, y del grupo de investigaci\u00f3n <a href=\"https:\/\/www.upo.es\/diario\/video\/2025\/01\/sistema-penal-y-criminologia-sispecrim\/\">SISPECRIM<\/a> (UPO), el Congreso ha contado con siete mesas tem\u00e1ticas que han analizado c\u00f3mo los contenidos falsos, manipulados o enga\u00f1osos se han convertido en un desaf\u00edo global que afecta a procesos electorales, sistemas sanitarios, pol\u00edticas p\u00fablicas y din\u00e1micas sociales.<\/p>\n<p>Las sesiones comenzaron en la <strong>Facultad de Derecho de la Universidad de Sevilla<\/strong>, donde se celebraron cuatro mesas redondas que se centraron en los riesgos de la desinformaci\u00f3n para la seguridad nacional, el sistema penal, la salud y la confianza p\u00fablica. Entre los temas que se debatieron destacan: las campa\u00f1as de desinformaci\u00f3n como amenaza para la seguridad; los efectos de las ultrafalsificaciones (deepfakes); las consecuencias de los bulos en los sectores sanitarios y cient\u00edficos; la protecci\u00f3n de los derechos fundamentales frente a la desinformaci\u00f3n; o las estrategias de desinformaci\u00f3n con fines pol\u00edticos y sociales.<\/p>\n<p>En la segunda jornada, celebrada durante la ma\u00f1ana y la tarde de hoy mi\u00e9rcoles en la <strong>Biblioteca\/CRAI de la Universidad Pablo de Olavide<\/strong>, las sesiones est\u00e1n dedicadas a los desaf\u00edos pol\u00edtico-institucionales, econ\u00f3micos y jur\u00eddicos de la desinformaci\u00f3n en un entorno globalizado. Se tratar\u00e1n cuestiones como la interferencia informativa en procesos electorales (Cambridge Analytica); el impacto de bulos en decisiones econ\u00f3micas y conductas de consumo; la regulaci\u00f3n y moderaci\u00f3n de contenidos en plataformas y redes sociales; y las respuestas jur\u00eddicas y operativas para combatir campa\u00f1as coordinadas de desinformaci\u00f3n.<\/p>\n<p>A trav\u00e9s del debate y la cooperaci\u00f3n acad\u00e9mica, el foro \u2018La desinformaci\u00f3n como riesgo en el mundo digital\u2019 tratar\u00e1 de promover herramientas que permitan mejorar la alfabetizaci\u00f3n medi\u00e1tica y la resiliencia social frente a la manipulaci\u00f3n informativa. La celebraci\u00f3n del congreso cuenta con la financiaci\u00f3n del Ministerio de Ciencia, Innovaci\u00f3n y Universidades, a trav\u00e9s de la Agencia Estatal de Investigaci\u00f3n, y de la Junta de Andaluc\u00eda.<\/p>\n<p>&nbsp;<\/p>\n<p>&nbsp;<\/p>\n<p>&nbsp;<\/p>\n<p>&nbsp;<\/p>\n<p>&nbsp;<\/p>\n","protected":false},"excerpt":{"rendered":"<p>La Universidad Pablo de Olavide ha acogido la segunda jornada del Congreso Internacional \u2018La desinformaci\u00f3n como riesgo en el mundo digital\u2019 que comenz\u00f3 ayer martes en la Universidad de Sevilla. Este encuentro ha reunido a especialistas en Derecho Penal para estudiar el impacto social y jur\u00eddico de la desinformaci\u00f3n.<\/p>\n","protected":false},"author":4,"featured_media":30889065,"comment_status":"closed","ping_status":"open","sticky":false,"template":"","format":"standard","meta":{"_monsterinsights_skip_tracking":false,"_monsterinsights_sitenote_active":false,"_monsterinsights_sitenote_note":"","_monsterinsights_sitenote_category":0,"footnotes":""},"categories":[2779],"tags":[1971,458,354,744,842,8065,81,20,8651,1163],"class_list":["post-30889064","post","type-post","status-publish","format-standard","has-post-thumbnail","hentry","category-docencia-formacion","tag-ciencias-juridicas-y-politicas","tag-ciudadania","tag-congreso","tag-democracia","tag-derecho-penal","tag-desinformacion","tag-facultad-de-derecho","tag-redes-sociales","tag-sispecrim","tag-universidad-de-sevilla"],"_links":{"self":[{"href":"https:\/\/www.upo.es\/diario\/wp-json\/wp\/v2\/posts\/30889064","targetHints":{"allow":["GET"]}}],"collection":[{"href":"https:\/\/www.upo.es\/diario\/wp-json\/wp\/v2\/posts"}],"about":[{"href":"https:\/\/www.upo.es\/diario\/wp-json\/wp\/v2\/types\/post"}],"author":[{"embeddable":true,"href":"https:\/\/www.upo.es\/diario\/wp-json\/wp\/v2\/users\/4"}],"replies":[{"embeddable":true,"href":"https:\/\/www.upo.es\/diario\/wp-json\/wp\/v2\/comments?post=30889064"}],"version-history":[{"count":1,"href":"https:\/\/www.upo.es\/diario\/wp-json\/wp\/v2\/posts\/30889064\/revisions"}],"predecessor-version":[{"id":30889066,"href":"https:\/\/www.upo.es\/diario\/wp-json\/wp\/v2\/posts\/30889064\/revisions\/30889066"}],"wp:featuredmedia":[{"embeddable":true,"href":"https:\/\/www.upo.es\/diario\/wp-json\/wp\/v2\/media\/30889065"}],"wp:attachment":[{"href":"https:\/\/www.upo.es\/diario\/wp-json\/wp\/v2\/media?parent=30889064"}],"wp:term":[{"taxonomy":"category","embeddable":true,"href":"https:\/\/www.upo.es\/diario\/wp-json\/wp\/v2\/categories?post=30889064"},{"taxonomy":"post_tag","embeddable":true,"href":"https:\/\/www.upo.es\/diario\/wp-json\/wp\/v2\/tags?post=30889064"}],"curies":[{"name":"wp","href":"https:\/\/api.w.org\/{rel}","templated":true}]}}