{"id":30889078,"date":"2025-11-15T00:04:52","date_gmt":"2025-11-14T23:04:52","guid":{"rendered":"https:\/\/www.upo.es\/diario\/?p=30889078"},"modified":"2025-11-26T20:13:10","modified_gmt":"2025-11-26T19:13:10","slug":"hombres-y-mujeres-que-votan-a-la-derecha-radical-populista-les-mueven-las-mismas-preocupaciones","status":"publish","type":"post","link":"https:\/\/www.upo.es\/diario\/theconversation\/2025\/11\/hombres-y-mujeres-que-votan-a-la-derecha-radical-populista-les-mueven-las-mismas-preocupaciones\/","title":{"rendered":"Hombres y mujeres que votan a la derecha radical populista: \u00bfles mueven las mismas preocupaciones?"},"content":{"rendered":"<figure id=\"attachment_30889079\" aria-describedby=\"caption-attachment-30889079\" style=\"width: 750px\" class=\"wp-caption aligncenter\"><img loading=\"lazy\" decoding=\"async\" class=\"size-large wp-image-30889079\" src=\"https:\/\/www.upo.es\/diario\/wp-content\/uploads\/2025\/11\/1024px-Mitin_de_Vox_en_Vigo_con_Santiago_Abascal_50027279602-750x500.jpg\" alt=\"Santiago Abascal en un mitin en Vigo | Contando Estrelas, CC BY-SA 2.0 &lt;https:\/\/creativecommons.org\/licenses\/by-sa\/2.0&gt;, via Wikimedia Commons\" width=\"750\" height=\"500\" srcset=\"https:\/\/www.upo.es\/diario\/wp-content\/uploads\/2025\/11\/1024px-Mitin_de_Vox_en_Vigo_con_Santiago_Abascal_50027279602-750x500.jpg 750w, https:\/\/www.upo.es\/diario\/wp-content\/uploads\/2025\/11\/1024px-Mitin_de_Vox_en_Vigo_con_Santiago_Abascal_50027279602-420x280.jpg 420w, https:\/\/www.upo.es\/diario\/wp-content\/uploads\/2025\/11\/1024px-Mitin_de_Vox_en_Vigo_con_Santiago_Abascal_50027279602-768x512.jpg 768w, https:\/\/www.upo.es\/diario\/wp-content\/uploads\/2025\/11\/1024px-Mitin_de_Vox_en_Vigo_con_Santiago_Abascal_50027279602-165x109.jpg 165w, https:\/\/www.upo.es\/diario\/wp-content\/uploads\/2025\/11\/1024px-Mitin_de_Vox_en_Vigo_con_Santiago_Abascal_50027279602.jpg 1024w\" sizes=\"auto, (max-width: 750px) 100vw, 750px\" \/><figcaption id=\"caption-attachment-30889079\" class=\"wp-caption-text\">Santiago Abascal en un mitin en Vigo | Contando Estrelas, CC BY-SA 2.0 &lt;https:\/\/creativecommons.org\/licenses\/by-sa\/2.0&gt;, via Wikimedia Commons<\/figcaption><\/figure>\n<p><a href=\"https:\/\/theconversation.com\/profiles\/antonia-maria-ruiz-jimenez-2204297\">Antonia Mar\u00eda Ruiz Jim\u00e9nez<\/a>, <em><a href=\"https:\/\/theconversation.com\/institutions\/universidad-pablo-de-olavide-1362\">Universidad Pablo de Olavide<\/a><\/em><\/p>\n<p>El fortalecimiento de la democracia europea exige comprender por qu\u00e9 amplios sectores de la poblaci\u00f3n han dejado de sentirse representados por los partidos tradicionales.<\/p>\n<p>El <a href=\"https:\/\/www.upo.es\/investiga\/UNTWIST\/quienes-somos\/\">proyecto UNTWIST<\/a>, financiado por la Uni\u00f3n Europea, ha estudiado este fen\u00f3meno desde una perspectiva de g\u00e9nero, revelando que la falta de respuesta a las necesidades reales de hombres y mujeres ha contribuido al auge de las formaciones de derecha radical populista en Europa.<\/p>\n<p>Su informe <a href=\"https:\/\/zenodo.org\/records\/15494887\"><em>Fortalecer la democracia mejorando la representaci\u00f3n de g\u00e9nero<\/em><\/a> sintetiza los resultados de 18 grupos de discusi\u00f3n desarrollados en seis pa\u00edses \u2013Espa\u00f1a, Reino Unido, Alemania, Dinamarca, Hungr\u00eda y Suiza\u2013 con personas que hab\u00edan votado previamente a partidos tradicionales y que en las \u00faltimas elecciones optaron por partidos de derecha radical populista.<\/p>\n<p>Los hallazgos muestran que la mayor\u00eda de estos electores no rechazan la igualdad ni los valores democr\u00e1ticos, sino que expresan una profunda desafecci\u00f3n hacia los partidos tradicionales, a quienes culpan de su situaci\u00f3n.<\/p>\n<h3>Ignorados por un sistema que no responde a las preocupaciones cotidianas<\/h3>\n<p>Lo que une a estos votantes no es una ideolog\u00eda extremista: es m\u00e1s bien la percepci\u00f3n de haber sido ignorados por un sistema que no responde a sus preocupaciones cotidianas.<\/p>\n<p>El estudio de UNTWIST plantea que la crisis de representaci\u00f3n no es un simple cambio de preferencias electorales, sino un reto de fondo para la calidad de la democracia.<\/p>\n<p>Cuando los partidos tradicionales dejan de reflejar las preocupaciones de los sectores m\u00e1s vulnerables, se debilitan los principios de equidad, legitimidad e inclusi\u00f3n sobre los que se asienta el sistema democr\u00e1tico.<\/p>\n<p>Esta falta de conexi\u00f3n genera un terreno f\u00e9rtil para <a href=\"https:\/\/theconversation.com\/de-que-hablamos-cuando-hablamos-de-populismo-118861\">los discursos populistas<\/a>, que prometen dar voz a quienes se sienten ignorados. Sin embargo, la representaci\u00f3n que ofrecen est\u00e1 distorsionada por una ideolog\u00eda antiliberal que tiende a instrumentalizar las demandas sociales y de g\u00e9nero, reinterpret\u00e1ndolas desde valores conservadores y nacionalistas.<\/p>\n<p>All\u00ed donde estas fuerzas pol\u00edticas han alcanzado poder, se observan retrocesos en derechos de las mujeres y en libertades individuales, lo que confirma el car\u00e1cter regresivo de su propuesta.<\/p>\n<p>Frente a ello, el proyecto UNTWIST subraya la necesidad de reconstruir la representaci\u00f3n democr\u00e1tica a partir de un conocimiento m\u00e1s preciso de las necesidades y experiencias de los distintos grupos sociales, reconociendo las diferencias entre hombres y mujeres y atendiendo a las condiciones materiales que estructuran sus vidas.<\/p>\n<h3>Motivaciones de los nuevos votantes<\/h3>\n<p>Los grupos de discusi\u00f3n realizados en los seis pa\u00edses muestran que los votantes que cambian su apoyo hacia partidos de derecha radical populista suelen ser personas que buscan expresar su frustraci\u00f3n con las opciones pol\u00edticas tradicionales. No esperan necesariamente soluciones concretas por parte de los nuevos partidos, pero utilizan el voto como medio de protesta.<\/p>\n<p>En Espa\u00f1a, el an\u00e1lisis de los grupos revela que el \u00e1mbito familiar ocupa un lugar central en los discursos de hombres y mujeres, independientemente de la clase social.<\/p>\n<p>Sin embargo, existen diferencias significativas en la forma de expresar el malestar. Los hombres, especialmente los de clase media, emplean un lenguaje m\u00e1s abstracto y pol\u00edtico, mientras que las mujeres, sobre todo de clase trabajadora, articulan sus preocupaciones desde la experiencia cotidiana, vincul\u00e1ndolas con la conciliaci\u00f3n, el cuidado y la precariedad laboral.<\/p>\n<p>El estudio tambi\u00e9n identifica una sensaci\u00f3n compartida de fatiga social y emocional, descrita como \u201cfatiga de emancipaci\u00f3n\u201d: la percepci\u00f3n de que, a pesar de los avances formales en igualdad, las condiciones materiales no garantizan una vida digna ni equilibrada. Este sentimiento es m\u00e1s pronunciado entre las mujeres, que combinan el trabajo remunerado con una carga desigual de tareas dom\u00e9sticas y de cuidado.<\/p>\n<p>Los datos obtenidos muestran que las preocupaciones econ\u00f3micas son el principal motor del voto hacia los partidos populistas. Para los hombres, la atenci\u00f3n se centra en la legislaci\u00f3n laboral y en la sensaci\u00f3n de desigualdad percibida en pol\u00edticas de empleo o cuotas. Las mujeres, por su parte, destacan la dificultad de equilibrar trabajo y familia y reclaman condiciones laborales que les permitan atender sus responsabilidades de cuidado, que reivindican como propias, sin perder autonom\u00eda econ\u00f3mica.<\/p>\n<p>El Estado del bienestar es otro \u00e1mbito de preocupaci\u00f3n. Hombres y mujeres comparten una visi\u00f3n cr\u00edtica del uso pol\u00edtico de las ayudas sociales y expresan la sensaci\u00f3n de que ciertos colectivos reciben apoyo inmerecido.<\/p>\n<p>En el terreno educativo, los hombres tienden a preocuparse por la p\u00e9rdida de referentes culturales, mientras que las mujeres subrayan la falta de oportunidades laborales para sus hijos, incluso con estudios superiores.<\/p>\n<p>En la esfera familiar, los discursos muestran tensiones entre los roles tradicionales y las nuevas realidades econ\u00f3micas. Los hombres, especialmente los de clase trabajadora, lamentan no poder sostener el hogar con un solo salario, mientras que las mujeres reclaman m\u00e1s apoyo institucional y una corresponsabilidad efectiva en los cuidados.<\/p>\n<h3>Hacia pol\u00edticas sensibles al g\u00e9nero<\/h3>\n<p>A partir de estos resultados, UNTWIST propone repensar la acci\u00f3n pol\u00edtica desde una sensibilidad de g\u00e9nero que supere la ret\u00f3rica y se traduzca en medidas concretas. El objetivo no es reforzar una agenda identitaria, sino desarrollar pol\u00edticas que reconozcan las diferencias en las experiencias de hombres y mujeres y que beneficien a la ciudadan\u00eda en su conjunto.<\/p>\n<p>Este enfoque implica priorizar la seguridad econ\u00f3mica, la conciliaci\u00f3n y la educaci\u00f3n p\u00fablica como pilares de una democracia inclusiva. Las pol\u00edticas de igualdad, se\u00f1ala el informe, deben presentarse como instrumentos de cohesi\u00f3n social y <a href=\"https:\/\/cadenaser.com\/2022\/03\/13\/confrontacion-entre-los-presidentes-autonomicos-por-los-20-millones-de-euros-destinados-al-nuevo-plan-de-igualdad\/\">no como campos de confrontaci\u00f3n ideol\u00f3gica<\/a>.<\/p>\n<p><a href=\"https:\/\/theconversation.com\/profiles\/antonia-maria-ruiz-jimenez-2204297\">Antonia Mar\u00eda Ruiz Jim\u00e9nez<\/a>, Associate Professor (Sociology Department), <em><a href=\"https:\/\/theconversation.com\/institutions\/universidad-pablo-de-olavide-1362\">Universidad Pablo de Olavide<\/a><\/em><\/p>\n<p>Este art\u00edculo fue publicado originalmente en <a href=\"https:\/\/theconversation.com\">The Conversation<\/a>. Lea el <a href=\"https:\/\/theconversation.com\/hombres-y-mujeres-que-votan-a-la-derecha-radical-populista-les-mueven-las-mismas-preocupaciones-266935\">original<\/a>.<\/p>\n<p><img loading=\"lazy\" decoding=\"async\" style=\"border: none !important; box-shadow: none !important; margin: 0 !important; max-height: 1px !important; max-width: 1px !important; min-height: 1px !important; min-width: 1px !important; opacity: 0 !important; outline: none !important; padding: 0 !important;\" src=\"https:\/\/counter.theconversation.com\/content\/266935\/count.gif?distributor=republish-lightbox-advanced\" alt=\"The Conversation\" width=\"1\" height=\"1\" \/><\/p>\n","protected":false},"excerpt":{"rendered":"<p>El fortalecimiento de la democracia europea exige comprender por qu\u00e9 amplios sectores de la poblaci\u00f3n han dejado de sentirse representados por los partidos tradicionales.<\/p>\n","protected":false},"author":6,"featured_media":30889079,"comment_status":"closed","ping_status":"open","sticky":false,"template":"","format":"standard","meta":{"_monsterinsights_skip_tracking":false,"_monsterinsights_sitenote_active":false,"_monsterinsights_sitenote_note":"","_monsterinsights_sitenote_category":0,"footnotes":""},"categories":[5390],"tags":[865,744,336,2349,8358,68],"class_list":["post-30889078","post","type-post","status-publish","format-standard","has-post-thumbnail","hentry","category-theconversation","tag-ciencia-politica","tag-democracia","tag-genero","tag-genero-e-igualdad","tag-proyecto-untwist","tag-union-europea"],"_links":{"self":[{"href":"https:\/\/www.upo.es\/diario\/wp-json\/wp\/v2\/posts\/30889078","targetHints":{"allow":["GET"]}}],"collection":[{"href":"https:\/\/www.upo.es\/diario\/wp-json\/wp\/v2\/posts"}],"about":[{"href":"https:\/\/www.upo.es\/diario\/wp-json\/wp\/v2\/types\/post"}],"author":[{"embeddable":true,"href":"https:\/\/www.upo.es\/diario\/wp-json\/wp\/v2\/users\/6"}],"replies":[{"embeddable":true,"href":"https:\/\/www.upo.es\/diario\/wp-json\/wp\/v2\/comments?post=30889078"}],"version-history":[{"count":1,"href":"https:\/\/www.upo.es\/diario\/wp-json\/wp\/v2\/posts\/30889078\/revisions"}],"predecessor-version":[{"id":30889080,"href":"https:\/\/www.upo.es\/diario\/wp-json\/wp\/v2\/posts\/30889078\/revisions\/30889080"}],"wp:featuredmedia":[{"embeddable":true,"href":"https:\/\/www.upo.es\/diario\/wp-json\/wp\/v2\/media\/30889079"}],"wp:attachment":[{"href":"https:\/\/www.upo.es\/diario\/wp-json\/wp\/v2\/media?parent=30889078"}],"wp:term":[{"taxonomy":"category","embeddable":true,"href":"https:\/\/www.upo.es\/diario\/wp-json\/wp\/v2\/categories?post=30889078"},{"taxonomy":"post_tag","embeddable":true,"href":"https:\/\/www.upo.es\/diario\/wp-json\/wp\/v2\/tags?post=30889078"}],"curies":[{"name":"wp","href":"https:\/\/api.w.org\/{rel}","templated":true}]}}