{"id":30889123,"date":"2025-11-28T09:51:54","date_gmt":"2025-11-28T08:51:54","guid":{"rendered":"https:\/\/www.upo.es\/diario\/?p=30889123"},"modified":"2025-12-01T09:28:02","modified_gmt":"2025-12-01T08:28:02","slug":"la-upo-inaugura-el-iii-festival-universitario-las-impurezas-del-flamenco-con-una-gala-dedicada-a-las-voces-de-la-provincia","status":"publish","type":"post","link":"https:\/\/www.upo.es\/diario\/cultura-social\/2025\/11\/la-upo-inaugura-el-iii-festival-universitario-las-impurezas-del-flamenco-con-una-gala-dedicada-a-las-voces-de-la-provincia\/","title":{"rendered":"La UPO inaugura el III Festival Universitario \u2018Las Impurezas del Flamenco\u2019 con una gala dedicada a las voces de la provincia"},"content":{"rendered":"<figure id=\"attachment_30889125\" aria-describedby=\"caption-attachment-30889125\" style=\"width: 750px\" class=\"wp-caption aligncenter\"><a href=\"https:\/\/www.upo.es\/diario\/wp-content\/uploads\/2025\/11\/27112025-Festival-Universitario-Flamenco-6671-scaled.jpg\"><img loading=\"lazy\" decoding=\"async\" class=\"size-large wp-image-30889125\" src=\"https:\/\/www.upo.es\/diario\/wp-content\/uploads\/2025\/11\/27112025-Festival-Universitario-Flamenco-6671-750x500.jpg\" alt=\"Con la Gala \u2018Voces sin orillas\u2019 dio comienzo el Festival 'Las impurezas del flamenco'\" width=\"750\" height=\"500\" srcset=\"https:\/\/www.upo.es\/diario\/wp-content\/uploads\/2025\/11\/27112025-Festival-Universitario-Flamenco-6671-750x500.jpg 750w, https:\/\/www.upo.es\/diario\/wp-content\/uploads\/2025\/11\/27112025-Festival-Universitario-Flamenco-6671-420x280.jpg 420w, https:\/\/www.upo.es\/diario\/wp-content\/uploads\/2025\/11\/27112025-Festival-Universitario-Flamenco-6671-768x512.jpg 768w, https:\/\/www.upo.es\/diario\/wp-content\/uploads\/2025\/11\/27112025-Festival-Universitario-Flamenco-6671-1536x1024.jpg 1536w, https:\/\/www.upo.es\/diario\/wp-content\/uploads\/2025\/11\/27112025-Festival-Universitario-Flamenco-6671-2048x1365.jpg 2048w, https:\/\/www.upo.es\/diario\/wp-content\/uploads\/2025\/11\/27112025-Festival-Universitario-Flamenco-6671-165x109.jpg 165w, https:\/\/www.upo.es\/diario\/wp-content\/uploads\/2025\/11\/27112025-Festival-Universitario-Flamenco-6671-1320x880.jpg 1320w\" sizes=\"auto, (max-width: 750px) 100vw, 750px\" \/><\/a><figcaption id=\"caption-attachment-30889125\" class=\"wp-caption-text\">Con la Gala \u2018Voces sin orillas\u2019 dio comienzo el Festival &#8216;Las impurezas del flamenco&#8217;<\/figcaption><\/figure>\n<p data-start=\"286\" data-end=\"773\">La Universidad Pablo de Olavide <strong data-start=\"318\" data-end=\"337\">inaugur\u00f3 este jueves noche<\/strong>\u00a0la <strong data-start=\"366\" data-end=\"437\">III edici\u00f3n del Festival Universitario <em data-start=\"407\" data-end=\"435\">Las Impurezas del Flamenco<\/em><\/strong> con la <strong data-start=\"445\" data-end=\"473\">Gala \u2018Voces sin orillas\u2019<\/strong>, celebrada en el Paraninfo. El acto combin\u00f3 la presentaci\u00f3n institucional \u00a0con una propuesta art\u00edstica dirigida por <strong data-start=\"589\" data-end=\"607\">Eva Yerbabuena<\/strong> y conducida por el periodista <strong data-start=\"638\" data-end=\"654\">Manuel Curao<\/strong>, en la que participaron cantaores y cantaoras vinculados a los nueve municipios sevillanos colaboradores del festival.<\/p>\n<figure id=\"attachment_30889126\" aria-describedby=\"caption-attachment-30889126\" style=\"width: 420px\" class=\"wp-caption alignright\"><a href=\"https:\/\/www.upo.es\/diario\/wp-content\/uploads\/2025\/11\/27112025-Festival-Universitario-Flamenco-6622-scaled.jpg\"><img loading=\"lazy\" decoding=\"async\" class=\"size-medium wp-image-30889126\" src=\"https:\/\/www.upo.es\/diario\/wp-content\/uploads\/2025\/11\/27112025-Festival-Universitario-Flamenco-6622-420x280.jpg\" alt=\"Laura G\u00f3mez, vicerrectora de Cultura y Pol\u00edticas Sociales, en el acto inaugural del festival\" width=\"420\" height=\"280\" srcset=\"https:\/\/www.upo.es\/diario\/wp-content\/uploads\/2025\/11\/27112025-Festival-Universitario-Flamenco-6622-420x280.jpg 420w, https:\/\/www.upo.es\/diario\/wp-content\/uploads\/2025\/11\/27112025-Festival-Universitario-Flamenco-6622-750x500.jpg 750w, https:\/\/www.upo.es\/diario\/wp-content\/uploads\/2025\/11\/27112025-Festival-Universitario-Flamenco-6622-768x512.jpg 768w, https:\/\/www.upo.es\/diario\/wp-content\/uploads\/2025\/11\/27112025-Festival-Universitario-Flamenco-6622-1536x1024.jpg 1536w, https:\/\/www.upo.es\/diario\/wp-content\/uploads\/2025\/11\/27112025-Festival-Universitario-Flamenco-6622-2048x1365.jpg 2048w, https:\/\/www.upo.es\/diario\/wp-content\/uploads\/2025\/11\/27112025-Festival-Universitario-Flamenco-6622-165x109.jpg 165w, https:\/\/www.upo.es\/diario\/wp-content\/uploads\/2025\/11\/27112025-Festival-Universitario-Flamenco-6622-1320x880.jpg 1320w\" sizes=\"auto, (max-width: 420px) 100vw, 420px\" \/><\/a><figcaption id=\"caption-attachment-30889126\" class=\"wp-caption-text\">Laura G\u00f3mez, vicerrectora de Cultura y Pol\u00edticas Sociales, en el acto inaugural del festival<\/figcaption><\/figure>\n<p data-start=\"775\" data-end=\"1400\">El Festival, impulsado por la <strong data-start=\"805\" data-end=\"836\">C\u00e1tedra Olavide de Flamenco<\/strong> y organizado por el <strong data-start=\"857\" data-end=\"907\">Vicerrectorado de Cultura y Pol\u00edticas Sociales <\/strong>con el apoyo del<strong data-start=\"857\" data-end=\"907\"> Instituto Andaluz del Flamenco<\/strong>, es una muestra m\u00e1s de la apuesta de la UPO por crear un espacio universitario de <strong data-start=\"978\" data-end=\"1038\">formaci\u00f3n, investigaci\u00f3n y creaci\u00f3n en torno al flamenco<\/strong>, en el a\u00f1o en que se cumple el 15\u00ba aniversario de su declaraci\u00f3n como Patrimonio Inmaterial de la Humanidad. La dimensi\u00f3n territorial del proyecto se refuerza gracias a la implicaci\u00f3n de los ayuntamientos de <strong data-start=\"1247\" data-end=\"1399\">Alcal\u00e1 de Guada\u00edra, Carmona, La Puebla de Cazalla, Las Cabezas de San Juan, Lebrija, Los Palacios y Villafranca, Mairena del Alcor, Tomares y Utrera<\/strong>.<\/p>\n<h3 data-start=\"1402\" data-end=\"1460\">Un festival para pensar, aprender y vivir el flamenco<\/h3>\n<p data-start=\"1461\" data-end=\"1838\">La edici\u00f3n de 2025 propone un recorrido por la esencia y las expresiones contempor\u00e1neas de este arte, combinando <strong data-start=\"1576\" data-end=\"1658\">formaci\u00f3n te\u00f3rica, talleres pr\u00e1cticos, espect\u00e1culos y encuentros profesionales<\/strong>. Las actividades contin\u00faan durante el 28 y 29 de noviembre en distintos espacios de referencia cultural en Sevilla, como la sede del <strong data-start=\"1781\" data-end=\"1813\">Ballet Flamenco de Andaluc\u00eda<\/strong> y el <strong data-start=\"1819\" data-end=\"1837\">Teatro Central<\/strong>.<\/p>\n<h3 data-start=\"1840\" data-end=\"1875\">Programaci\u00f3n del fin de semana<\/h3>\n<p><strong><a href=\"https:\/\/www.upo.es\/diario\/wp-content\/uploads\/2025\/11\/PROPUESTA-05_C1_FlaUPO-scaled.jpg\"><img loading=\"lazy\" decoding=\"async\" class=\"alignright size-medium wp-image-30888963\" src=\"https:\/\/www.upo.es\/diario\/wp-content\/uploads\/2025\/11\/PROPUESTA-05_C1_FlaUPO-300x420.jpg\" alt=\"III Festival Universitario \u2018Las Impurezas del Flamenco\u2019 - d\u00edas 27, 28 y 29 de noviembre de 2025\" width=\"300\" height=\"420\" srcset=\"https:\/\/www.upo.es\/diario\/wp-content\/uploads\/2025\/11\/PROPUESTA-05_C1_FlaUPO-300x420.jpg 300w, https:\/\/www.upo.es\/diario\/wp-content\/uploads\/2025\/11\/PROPUESTA-05_C1_FlaUPO-375x525.jpg 375w, https:\/\/www.upo.es\/diario\/wp-content\/uploads\/2025\/11\/PROPUESTA-05_C1_FlaUPO-768x1074.jpg 768w, https:\/\/www.upo.es\/diario\/wp-content\/uploads\/2025\/11\/PROPUESTA-05_C1_FlaUPO-1098x1536.jpg 1098w, https:\/\/www.upo.es\/diario\/wp-content\/uploads\/2025\/11\/PROPUESTA-05_C1_FlaUPO-1464x2048.jpg 1464w, https:\/\/www.upo.es\/diario\/wp-content\/uploads\/2025\/11\/PROPUESTA-05_C1_FlaUPO-1320x1847.jpg 1320w, https:\/\/www.upo.es\/diario\/wp-content\/uploads\/2025\/11\/PROPUESTA-05_C1_FlaUPO-scaled.jpg 1830w\" sizes=\"auto, (max-width: 300px) 100vw, 300px\" \/><\/a>Viernes, 28 de noviembre \u2013 Sede del Ballet Flamenco de Andaluc\u00eda (La Cartuja)<\/strong><\/p>\n<p style=\"padding-left: 40px;\">10:00\u201312:00 h: Taller de improvisaci\u00f3n con <strong>Andr\u00e9s Mar\u00edn<\/strong><\/p>\n<p style=\"padding-left: 40px;\">12:30\u201314:30 h: Masterclass <em>Metodolog\u00eda de la creaci\u00f3n desde la improvisaci\u00f3n<\/em>, por Andr\u00e9s Mar\u00edn<\/p>\n<p><strong>Viernes, 28 de noviembre<\/strong> <strong>\u2013 Teatro Central<\/strong><\/p>\n<p style=\"padding-left: 40px;\">20:30 h: Espect\u00e1culo <em>Tr\u00e1nsito (Huyendo del ruido)<\/em>, de <strong>Rosario La Tremendita<\/strong> junto a <strong>Dani de Mor\u00f3n<\/strong><\/p>\n<p><strong>S\u00e1bado, 29 de noviembre \u2013 Teatro Central, Sala B Manuel Llanes<\/strong><\/p>\n<p style=\"padding-left: 40px;\">12:00 h: Coloquio <em>Cristales por el suelo: la escena contempor\u00e1nea de la danza flamenca<\/em>, moderado por el profesor <strong>Francisco Aix<\/strong><\/p>\n<p style=\"padding-left: 40px;\">C\u00e1psula art\u00edstica de <strong>Vanesa Aibar<\/strong>: <em>La reina del metal \u2013 solo<\/em><\/p>\n<p data-start=\"2918\" data-end=\"2938\"><strong>M\u00e1s informaci\u00f3n:<br \/>\n<\/strong>La programaci\u00f3n completa, inscripciones y reserva de plazas est\u00e1n disponibles en: <a href=\"https:\/\/catedraflamencoupo.com\/\"><strong data-start=\"3021\" data-end=\"3047\">catedraflamencoupo.com<\/strong><\/a><\/p>\n","protected":false},"excerpt":{"rendered":"<p>La Universidad Pablo de Olavide inaugur\u00f3 este jueves noche\u00a0la III edici\u00f3n del Festival Universitario Las Impurezas del Flamenco con la Gala \u2018Voces sin orillas\u2019, celebrada en el Paraninfo. El acto combin\u00f3 la presentaci\u00f3n institucional \u00a0con una propuesta art\u00edstica dirigida por Eva Yerbabuena y conducida por el periodista Manuel Curao, en la que participaron cantaores y cantaoras vinculados a los nueve municipios sevillanos colaboradores del festival.<\/p>\n","protected":false},"author":6,"featured_media":30889125,"comment_status":"closed","ping_status":"open","sticky":false,"template":"","format":"standard","meta":{"_monsterinsights_skip_tracking":false,"_monsterinsights_sitenote_active":false,"_monsterinsights_sitenote_note":"","_monsterinsights_sitenote_category":0,"footnotes":""},"categories":[5843],"tags":[9302,8629,93,3939,7824,3746,7194],"class_list":["post-30889123","post","type-post","status-publish","format-standard","has-post-thumbnail","hentry","category-cultura-social","tag-catedra-olavide-de-flamenco","tag-festival-universitario-de-flamenco","tag-flamenco","tag-instituto-andaluz-del-flamenco","tag-laura-gomez-ruiz","tag-servicio-de-extension-cultural","tag-vicerrectorado-de-cultura-y-politicas-sociales"],"_links":{"self":[{"href":"https:\/\/www.upo.es\/diario\/wp-json\/wp\/v2\/posts\/30889123","targetHints":{"allow":["GET"]}}],"collection":[{"href":"https:\/\/www.upo.es\/diario\/wp-json\/wp\/v2\/posts"}],"about":[{"href":"https:\/\/www.upo.es\/diario\/wp-json\/wp\/v2\/types\/post"}],"author":[{"embeddable":true,"href":"https:\/\/www.upo.es\/diario\/wp-json\/wp\/v2\/users\/6"}],"replies":[{"embeddable":true,"href":"https:\/\/www.upo.es\/diario\/wp-json\/wp\/v2\/comments?post=30889123"}],"version-history":[{"count":6,"href":"https:\/\/www.upo.es\/diario\/wp-json\/wp\/v2\/posts\/30889123\/revisions"}],"predecessor-version":[{"id":30889139,"href":"https:\/\/www.upo.es\/diario\/wp-json\/wp\/v2\/posts\/30889123\/revisions\/30889139"}],"wp:featuredmedia":[{"embeddable":true,"href":"https:\/\/www.upo.es\/diario\/wp-json\/wp\/v2\/media\/30889125"}],"wp:attachment":[{"href":"https:\/\/www.upo.es\/diario\/wp-json\/wp\/v2\/media?parent=30889123"}],"wp:term":[{"taxonomy":"category","embeddable":true,"href":"https:\/\/www.upo.es\/diario\/wp-json\/wp\/v2\/categories?post=30889123"},{"taxonomy":"post_tag","embeddable":true,"href":"https:\/\/www.upo.es\/diario\/wp-json\/wp\/v2\/tags?post=30889123"}],"curies":[{"name":"wp","href":"https:\/\/api.w.org\/{rel}","templated":true}]}}