{"id":30889313,"date":"2025-12-11T14:25:15","date_gmt":"2025-12-11T13:25:15","guid":{"rendered":"https:\/\/www.upo.es\/diario\/?p=30889313"},"modified":"2025-12-11T14:25:15","modified_gmt":"2025-12-11T13:25:15","slug":"trump-imperialismo-y-postdiplomacia-unas-jornadas-en-la-upo-exploran-las-tensiones-que-estan-redibujando-el-orden-internacional","status":"publish","type":"post","link":"https:\/\/www.upo.es\/diario\/docencia-formacion\/2025\/12\/trump-imperialismo-y-postdiplomacia-unas-jornadas-en-la-upo-exploran-las-tensiones-que-estan-redibujando-el-orden-internacional\/","title":{"rendered":"Trump, imperialismo y postdiplomacia: unas jornadas en la UPO exploran las tensiones que est\u00e1n redibujando el orden internacional"},"content":{"rendered":"<p><img loading=\"lazy\" decoding=\"async\" class=\"size-large wp-image-30889319 alignright\" src=\"https:\/\/www.upo.es\/diario\/wp-content\/uploads\/2025\/12\/11122025-Jorn-EEUU-UE-Orden-INTL-7020-350x525.jpg\" alt=\"\" width=\"350\" height=\"525\" srcset=\"https:\/\/www.upo.es\/diario\/wp-content\/uploads\/2025\/12\/11122025-Jorn-EEUU-UE-Orden-INTL-7020-350x525.jpg 350w, https:\/\/www.upo.es\/diario\/wp-content\/uploads\/2025\/12\/11122025-Jorn-EEUU-UE-Orden-INTL-7020-280x420.jpg 280w, https:\/\/www.upo.es\/diario\/wp-content\/uploads\/2025\/12\/11122025-Jorn-EEUU-UE-Orden-INTL-7020-768x1152.jpg 768w, https:\/\/www.upo.es\/diario\/wp-content\/uploads\/2025\/12\/11122025-Jorn-EEUU-UE-Orden-INTL-7020-1024x1536.jpg 1024w, https:\/\/www.upo.es\/diario\/wp-content\/uploads\/2025\/12\/11122025-Jorn-EEUU-UE-Orden-INTL-7020-1365x2048.jpg 1365w, https:\/\/www.upo.es\/diario\/wp-content\/uploads\/2025\/12\/11122025-Jorn-EEUU-UE-Orden-INTL-7020-1320x1980.jpg 1320w, https:\/\/www.upo.es\/diario\/wp-content\/uploads\/2025\/12\/11122025-Jorn-EEUU-UE-Orden-INTL-7020-scaled.jpg 1707w\" sizes=\"auto, (max-width: 350px) 100vw, 350px\" \/>La Universidad Pablo de Olavide ha celebrado este jueves las<strong> jornadas &#8216;Estados Unidos y la Uni\u00f3n Europea frente a los desaf\u00edos de un nuevo orden internacional&#8217;<\/strong>, un encuentro acad\u00e9mico organizado por el <strong>\u00c1rea de Derecho Internacional P\u00fablico y Relaciones Internacionales<\/strong> que ha reunido en el campus a especialistas de las universidades de Granada, Barcelona y el Pa\u00eds Vasco para reflexionar sobre las tensiones geopol\u00edticas que est\u00e1n redefiniendo el sistema global.<\/p>\n<p>A lo largo de la ma\u00f1ana y la tarde, el Sal\u00f3n de Grados del Edificio 7 acoge <strong>ponencias y mesas redondas que han abordado desde la pol\u00edtica exterior de Donald Trump hasta la erosi\u00f3n del multilateralismo, la fragmentaci\u00f3n del orden liberal y las nuevas formas de diplomacia<\/strong> en un contexto internacional cada vez m\u00e1s vol\u00e1til.<\/p>\n<h3>Trump: del orden jur\u00eddico internacional a la l\u00f3gica imperial<\/h3>\n<p>El <a href=\"https:\/\/eventos.upo.es\/event_detail\/145802\/detail\/seminario-ee-uu-y-la-ue-frente-a-los-desafios-de-un-nuevo-orden-internacional.html\">programa<\/a> ha comenzado con la <strong>mesa tem\u00e1tica &#8216;Donald Trump y el Derecho Internacional&#8217;<\/strong>, en la que ha intervenido en primer lugar el profesor <strong>Javier Rold\u00e1n<\/strong>, catedr\u00e1tico de Derecho Internacional P\u00fablico de la Universidad de Granada, con la conferencia <em>Introducci\u00f3n al Derecho internacional seg\u00fan Donald Trump<\/em>. Su an\u00e1lisis ha ofrecido un marco interpretativo sobre c\u00f3mo el enfoque unilateralista y disruptivo del presidente estadounidense tensiona las normas, instituciones y pr\u00e1cticas que tradicionalmente han sostenido el orden jur\u00eddico internacional en los \u00faltimos ochenta a\u00f1os.<\/p>\n<p><a href=\"https:\/\/www.upo.es\/diario\/wp-content\/uploads\/2025\/12\/CARTEL-seminario-Dcho-INTL_11-dic-2025-scaled.jpg\"><img loading=\"lazy\" decoding=\"async\" class=\"alignright size-large wp-image-30889321\" src=\"https:\/\/www.upo.es\/diario\/wp-content\/uploads\/2025\/12\/CARTEL-seminario-Dcho-INTL_11-dic-2025-371x525.jpg\" alt=\"Donald Trump y la Ursula von der Leyen en el cartel de las Jornadas\" width=\"371\" height=\"525\" srcset=\"https:\/\/www.upo.es\/diario\/wp-content\/uploads\/2025\/12\/CARTEL-seminario-Dcho-INTL_11-dic-2025-371x525.jpg 371w, https:\/\/www.upo.es\/diario\/wp-content\/uploads\/2025\/12\/CARTEL-seminario-Dcho-INTL_11-dic-2025-297x420.jpg 297w, https:\/\/www.upo.es\/diario\/wp-content\/uploads\/2025\/12\/CARTEL-seminario-Dcho-INTL_11-dic-2025-768x1086.jpg 768w, https:\/\/www.upo.es\/diario\/wp-content\/uploads\/2025\/12\/CARTEL-seminario-Dcho-INTL_11-dic-2025-1086x1536.jpg 1086w, https:\/\/www.upo.es\/diario\/wp-content\/uploads\/2025\/12\/CARTEL-seminario-Dcho-INTL_11-dic-2025-1448x2048.jpg 1448w, https:\/\/www.upo.es\/diario\/wp-content\/uploads\/2025\/12\/CARTEL-seminario-Dcho-INTL_11-dic-2025-1320x1866.jpg 1320w, https:\/\/www.upo.es\/diario\/wp-content\/uploads\/2025\/12\/CARTEL-seminario-Dcho-INTL_11-dic-2025-scaled.jpg 1810w\" sizes=\"auto, (max-width: 371px) 100vw, 371px\" \/><\/a>En este sentido, la nueva era \u00abnos retrotrae al Derecho internacional cl\u00e1sico, donde los estados no son tratados como iguales, sino en una situaci\u00f3n de vasallaje. Trump desprecia las instituciones, \u00e9l se adorna de una posici\u00f3n imperial, con una visi\u00f3n neocolonialista\u00bb, ha afirmado el catedr\u00e1tico de la UGR. Rold\u00e1n ha advertido asimismo de la mezcla de intereses privados y p\u00fablicos en la diplomacia actual estadounidense: \u00abla oligarqu\u00eda y la tecnocracia amenazan la diferenciaci\u00f3n entre lo p\u00fablico y lo privado (&#8230;), se monetiza la diplomacia, intereses personales y familiares ponen en riesgo al profesionalidad del cuerpo diplom\u00e1tico\u00bb. Sobre la UE ha indicado que \u00abTrump quiere pulverizarla\u00bb ya que cree en \u00abuna comunidad internacional de estados y l\u00edderes fuertes\u00bb y ha subrayado que para conseguir sus prop\u00f3sitos \u00abse entromete en la soberan\u00eda de los estados, e incluso en el estado de derecho de estos pa\u00edses\u00bb.<\/p>\n<p>A continuaci\u00f3n, el profesor <strong>Xabier Pons Rafolls<\/strong>, catedr\u00e1tico de la Universidad de Barcelona, ha profundizado en <em>El efecto Trump y la erosi\u00f3n del multilateralismo<\/em>.\u00a0Una mesa redonda ha completado la primera parte de las jornadas, con la participaci\u00f3n de los profesores <strong>Luis P\u00e9rez-Prat<\/strong> y <strong>Antonio Lazari<\/strong> (UPO), quienes han debatido sobre la crisis del orden internacional basado en reglas y el uso estrat\u00e9gico de los aranceles en la Uni\u00f3n Europea como herramienta de <em>lawfare<\/em> econ\u00f3mico.<\/p>\n<h3>Relaciones Internacionales: \u00bfhacia el fin del orden liberal?<\/h3>\n<p>Por la tarde, el programa se centrar\u00e1 en la transformaci\u00f3n del orden internacional desde la perspectiva de las Relaciones Internacionales. La catedr\u00e1tica <strong>Esther Barb\u00e9 <\/strong>(UAB) analizar\u00e1 la creciente fragmentaci\u00f3n global y el peso de los factores geopol\u00edticos y culturales, mientras que el profesor <strong>No\u00e9 Cornago<\/strong> (UPV\/EHU) presentar\u00e1 tres modelos en tensi\u00f3n \u2014diplomacia, antidiplomacia y postdiplomacia\u2014 para interpretar la reconfiguraci\u00f3n del orden mundial.<\/p>\n<p>Finalmente, una mesa redonda integrada por los profesores <strong>Rafael Garc\u00eda, Manuel Iglesias y Jonathan Pass<\/strong> (UPO) explorar\u00e1 cuestiones clave como la paradoja del fin del orden liberal, la interpretaci\u00f3n realista de la visi\u00f3n internacional de Donald Trump y las contradicciones internas de su proyecto hegem\u00f3nico.<\/p>\n","protected":false},"excerpt":{"rendered":"<p>La Universidad Pablo de Olavide ha celebrado este jueves las jornadas &#8216;Estados Unidos y la Uni\u00f3n Europea frente a los desaf\u00edos de un nuevo orden internacional&#8217;, un encuentro acad\u00e9mico organizado por el \u00c1rea de Derecho Internacional P\u00fablico y Relaciones Internacionales que ha reunido en el campus a especialistas de las universidades de Granada, Barcelona y el Pa\u00eds Vasco para reflexionar sobre las tensiones geopol\u00edticas que est\u00e1n redefiniendo el sistema global.<\/p>\n","protected":false},"author":6,"featured_media":30889320,"comment_status":"closed","ping_status":"open","sticky":false,"template":"","format":"standard","meta":{"_monsterinsights_skip_tracking":false,"_monsterinsights_sitenote_active":false,"_monsterinsights_sitenote_note":"","_monsterinsights_sitenote_category":0,"footnotes":""},"categories":[2779],"tags":[3577,1971,3943,7166,84],"class_list":["post-30889313","post","type-post","status-publish","format-standard","has-post-thumbnail","hentry","category-docencia-formacion","tag-area-de-relaciones-internacionales","tag-ciencias-juridicas-y-politicas","tag-derecho-internacional","tag-derecho-internacional-publico","tag-jornadas"],"_links":{"self":[{"href":"https:\/\/www.upo.es\/diario\/wp-json\/wp\/v2\/posts\/30889313","targetHints":{"allow":["GET"]}}],"collection":[{"href":"https:\/\/www.upo.es\/diario\/wp-json\/wp\/v2\/posts"}],"about":[{"href":"https:\/\/www.upo.es\/diario\/wp-json\/wp\/v2\/types\/post"}],"author":[{"embeddable":true,"href":"https:\/\/www.upo.es\/diario\/wp-json\/wp\/v2\/users\/6"}],"replies":[{"embeddable":true,"href":"https:\/\/www.upo.es\/diario\/wp-json\/wp\/v2\/comments?post=30889313"}],"version-history":[{"count":7,"href":"https:\/\/www.upo.es\/diario\/wp-json\/wp\/v2\/posts\/30889313\/revisions"}],"predecessor-version":[{"id":30889325,"href":"https:\/\/www.upo.es\/diario\/wp-json\/wp\/v2\/posts\/30889313\/revisions\/30889325"}],"wp:featuredmedia":[{"embeddable":true,"href":"https:\/\/www.upo.es\/diario\/wp-json\/wp\/v2\/media\/30889320"}],"wp:attachment":[{"href":"https:\/\/www.upo.es\/diario\/wp-json\/wp\/v2\/media?parent=30889313"}],"wp:term":[{"taxonomy":"category","embeddable":true,"href":"https:\/\/www.upo.es\/diario\/wp-json\/wp\/v2\/categories?post=30889313"},{"taxonomy":"post_tag","embeddable":true,"href":"https:\/\/www.upo.es\/diario\/wp-json\/wp\/v2\/tags?post=30889313"}],"curies":[{"name":"wp","href":"https:\/\/api.w.org\/{rel}","templated":true}]}}