{"id":30889337,"date":"2025-12-12T15:14:39","date_gmt":"2025-12-12T14:14:39","guid":{"rendered":"https:\/\/www.upo.es\/diario\/?p=30889337"},"modified":"2025-12-16T11:55:11","modified_gmt":"2025-12-16T10:55:11","slug":"mas-de-20-entidades-participan-en-desayuno-con-empresas-de-la-facultad-de-ciencias-empresariales-de-la-upo","status":"publish","type":"post","link":"https:\/\/www.upo.es\/diario\/institucional\/2025\/12\/mas-de-20-entidades-participan-en-desayuno-con-empresas-de-la-facultad-de-ciencias-empresariales-de-la-upo\/","title":{"rendered":"M\u00e1s de 20 entidades participan en \u2018Desayuno con Empresas\u2019 de la Facultad de Ciencias Empresariales de la UPO"},"content":{"rendered":"<figure id=\"attachment_30889339\" aria-describedby=\"caption-attachment-30889339\" style=\"width: 750px\" class=\"wp-caption aligncenter\"><a href=\"https:\/\/www.upo.es\/diario\/wp-content\/uploads\/2025\/12\/Desayuno-Empresas06.jpg\"><img loading=\"lazy\" decoding=\"async\" class=\"size-large wp-image-30889339\" src=\"https:\/\/www.upo.es\/diario\/wp-content\/uploads\/2025\/12\/Desayuno-Empresas06-750x444.jpg\" alt=\"\" width=\"750\" height=\"444\" srcset=\"https:\/\/www.upo.es\/diario\/wp-content\/uploads\/2025\/12\/Desayuno-Empresas06-750x444.jpg 750w, https:\/\/www.upo.es\/diario\/wp-content\/uploads\/2025\/12\/Desayuno-Empresas06-420x248.jpg 420w, https:\/\/www.upo.es\/diario\/wp-content\/uploads\/2025\/12\/Desayuno-Empresas06-768x454.jpg 768w, https:\/\/www.upo.es\/diario\/wp-content\/uploads\/2025\/12\/Desayuno-Empresas06-1536x909.jpg 1536w, https:\/\/www.upo.es\/diario\/wp-content\/uploads\/2025\/12\/Desayuno-Empresas06-2048x1212.jpg 2048w, https:\/\/www.upo.es\/diario\/wp-content\/uploads\/2025\/12\/Desayuno-Empresas06-1320x781.jpg 1320w\" sizes=\"auto, (max-width: 750px) 100vw, 750px\" \/><\/a><figcaption id=\"caption-attachment-30889339\" class=\"wp-caption-text\">De izquierda a derecha: Laura L\u00f3pez de la Cruz, \u00c1lvaro L\u00f3pez Cabrales y Manuel Contreras Caro.<\/figcaption><\/figure>\n<p>La Universidad Pablo de Olavide ha acogido esta ma\u00f1ana <strong>\u2018Desayuno con Empresas\u2019<\/strong> organizado por la <strong>Facultad de Ciencias Empresariales<\/strong>, y en el que han participado m\u00e1s de 20 entidades de diversos sectores econ\u00f3micos.<\/p>\n<p>El acto, presidido por el decano de la Facultad de Ciencias Empresariales de la UPO, \u00c1lvaro L\u00f3pez Cabrales, acompa\u00f1ado por la vicerrectora de Relaciones Institucionales, Formaci\u00f3n Permanente y Fundaciones, Laura L\u00f3pez de la Cruz, ha contado con la intervenci\u00f3n del <strong>presidente del Grupo Azvi, Manuel Contreras Caro<\/strong>, quien ha impartido una charla sobre la <strong>\u2018Colaboraci\u00f3n empresarial p\u00fablico-privado. Un compromiso compartido: infraestructuras al servicio del desarrollo\u2019<\/strong>.<\/p>\n<figure id=\"attachment_30889341\" aria-describedby=\"caption-attachment-30889341\" style=\"width: 420px\" class=\"wp-caption alignright\"><a href=\"https:\/\/www.upo.es\/diario\/wp-content\/uploads\/2025\/12\/Desayuno-Empresas11.jpg\"><img loading=\"lazy\" decoding=\"async\" class=\"wp-image-30889341 size-medium\" src=\"https:\/\/www.upo.es\/diario\/wp-content\/uploads\/2025\/12\/Desayuno-Empresas11-420x280.jpg\" alt=\"\" width=\"420\" height=\"280\" srcset=\"https:\/\/www.upo.es\/diario\/wp-content\/uploads\/2025\/12\/Desayuno-Empresas11-420x280.jpg 420w, https:\/\/www.upo.es\/diario\/wp-content\/uploads\/2025\/12\/Desayuno-Empresas11-750x500.jpg 750w, https:\/\/www.upo.es\/diario\/wp-content\/uploads\/2025\/12\/Desayuno-Empresas11-768x512.jpg 768w, https:\/\/www.upo.es\/diario\/wp-content\/uploads\/2025\/12\/Desayuno-Empresas11-1536x1024.jpg 1536w, https:\/\/www.upo.es\/diario\/wp-content\/uploads\/2025\/12\/Desayuno-Empresas11-2048x1366.jpg 2048w, https:\/\/www.upo.es\/diario\/wp-content\/uploads\/2025\/12\/Desayuno-Empresas11-165x109.jpg 165w, https:\/\/www.upo.es\/diario\/wp-content\/uploads\/2025\/12\/Desayuno-Empresas11-1320x880.jpg 1320w\" sizes=\"auto, (max-width: 420px) 100vw, 420px\" \/><\/a><figcaption id=\"caption-attachment-30889341\" class=\"wp-caption-text\">Manuel Contreras, presidente del Grupo Azvi.<\/figcaption><\/figure>\n<p>Durante su intervenci\u00f3n, Manuel Contreras ha querido resaltar la importancia de \u201cque la colaboraci\u00f3n entre el mundo empresarial y la Universidad sea cada vez m\u00e1s estrecha para poder compartir puntos de vistas\u201d. En este sentido ha destacado la necesaria cooperaci\u00f3n entre administraciones p\u00fablicas y empresas para impulsar proyectos transformadores y plantear soluciones que mejoren el estado de las infraestructuras actuales.<\/p>\n<p>Por su parte, el decano de la Facultad de Ciencias Empresariales ha subrayado la importancia de estos encuentros como \u201cuna v\u00eda de colaboraci\u00f3n entre la Facultad y el tejido empresarial que ayude a hacer realidad nuestra misi\u00f3n de dar una oferta formativa de calidad en Econom\u00eda y Empresa, actualizada al contexto econ\u00f3mico y social\u201d. Asimismo, ha puesto de manifiesto que \u201cla Facultad de Ciencias Empresariales de la UPO es pionera en ofertar un Grado dual en Finanzas, Contabilidad y Auditor\u00eda, enriquecer las menciones del Grado en An\u00e1lisis Econ\u00f3mico o someter a verificaci\u00f3n un nuevo Plan de Estudios en <em>Business Analyt<\/em>ics\u201d.<\/p>\n<figure id=\"attachment_30889338\" aria-describedby=\"caption-attachment-30889338\" style=\"width: 420px\" class=\"wp-caption alignright\"><a href=\"https:\/\/www.upo.es\/diario\/wp-content\/uploads\/2025\/12\/Desayuno-Empresas03.jpg\"><img loading=\"lazy\" decoding=\"async\" class=\"wp-image-30889338 size-medium\" src=\"https:\/\/www.upo.es\/diario\/wp-content\/uploads\/2025\/12\/Desayuno-Empresas03-420x296.jpg\" alt=\"\" width=\"420\" height=\"296\" srcset=\"https:\/\/www.upo.es\/diario\/wp-content\/uploads\/2025\/12\/Desayuno-Empresas03-420x296.jpg 420w, https:\/\/www.upo.es\/diario\/wp-content\/uploads\/2025\/12\/Desayuno-Empresas03-745x525.jpg 745w, https:\/\/www.upo.es\/diario\/wp-content\/uploads\/2025\/12\/Desayuno-Empresas03-768x541.jpg 768w, https:\/\/www.upo.es\/diario\/wp-content\/uploads\/2025\/12\/Desayuno-Empresas03-1536x1082.jpg 1536w, https:\/\/www.upo.es\/diario\/wp-content\/uploads\/2025\/12\/Desayuno-Empresas03-2048x1443.jpg 2048w, https:\/\/www.upo.es\/diario\/wp-content\/uploads\/2025\/12\/Desayuno-Empresas03-1320x930.jpg 1320w\" sizes=\"auto, (max-width: 420px) 100vw, 420px\" \/><\/a><figcaption id=\"caption-attachment-30889338\" class=\"wp-caption-text\">Intervenci\u00f3n entre las personas asistentes.<\/figcaption><\/figure>\n<p>En este encuentro han participado representantes de empresas como Abante Asesores, KPMG, Moleque SL, Caja 87 Baloncesto, Fundaci\u00f3n Randstad, Securitas Seguridad Espa\u00f1a, Grupo Abades, ANKLA2, Trajano Iuris, Site Consultores, Empresarias Sevillanas, GAESCO, Ernst &amp; Young Abogados, Colegio Profesional de Economistas de Sevilla, Inerco, AJE Sevilla, Endesa, entre otros, as\u00ed como profesorado de la Universidad Pablo de Olavide y colaboradores de escuelas de negocio.<\/p>\n<p><strong data-wp-editing=\"1\">&#8216;Desayuno con Empresas&#8217;<\/strong>, que se celebra desde 2017 impulsado por la Facultad de Ciencias Empresariales de la Universidad Pablo de Olavide, es un encuentro con empresas de diferentes sectores y tiene como objetivo impulsar la interrelaci\u00f3n entre la universidad y el tejido productivo, acercar la actividad docente e investigadora a su entorno y favorecer la creaci\u00f3n de sinergias que potencien la innovaci\u00f3n y el desarrollo econ\u00f3mico y social.<\/p>\n<figure id=\"attachment_30889340\" aria-describedby=\"caption-attachment-30889340\" style=\"width: 750px\" class=\"wp-caption aligncenter\"><a href=\"https:\/\/www.upo.es\/diario\/wp-content\/uploads\/2025\/12\/Desayuno-Empresas10.jpg\"><img loading=\"lazy\" decoding=\"async\" class=\"wp-image-30889340 size-large\" src=\"https:\/\/www.upo.es\/diario\/wp-content\/uploads\/2025\/12\/Desayuno-Empresas10-750x446.jpg\" alt=\"\" width=\"750\" height=\"446\" srcset=\"https:\/\/www.upo.es\/diario\/wp-content\/uploads\/2025\/12\/Desayuno-Empresas10-750x446.jpg 750w, https:\/\/www.upo.es\/diario\/wp-content\/uploads\/2025\/12\/Desayuno-Empresas10-420x249.jpg 420w, https:\/\/www.upo.es\/diario\/wp-content\/uploads\/2025\/12\/Desayuno-Empresas10-768x456.jpg 768w, https:\/\/www.upo.es\/diario\/wp-content\/uploads\/2025\/12\/Desayuno-Empresas10-1536x912.jpg 1536w, https:\/\/www.upo.es\/diario\/wp-content\/uploads\/2025\/12\/Desayuno-Empresas10-2048x1217.jpg 2048w, https:\/\/www.upo.es\/diario\/wp-content\/uploads\/2025\/12\/Desayuno-Empresas10-1320x784.jpg 1320w\" sizes=\"auto, (max-width: 750px) 100vw, 750px\" \/><\/a><figcaption id=\"caption-attachment-30889340\" class=\"wp-caption-text\">&#8216;Desayuno con Empresas&#8217; de la Facultad de Ciencias Empresariales de la UPO.<\/figcaption><\/figure>\n<hr \/>\n<p><strong>Manuel Contreras Caro<\/strong> es presidente del <a href=\"https:\/\/www.azvi.es\/\">Grupo Azvi<\/a>, una de las compa\u00f1\u00edas de ingenier\u00eda y construcci\u00f3n m\u00e1s relevantes del \u00e1mbito nacional e internacional, con m\u00e1s de un siglo de trayectoria. Licenciado en Derecho por la Universidad de Sevilla y con t\u00edtulos de postgrado en Administraci\u00f3n y Direcci\u00f3n de Empresas por entidades de reconocido prestigio. Vinculado a la empresa familiar desde joven, ha liderado su expansi\u00f3n y diversificaci\u00f3n, consolidando a Azvi como referente en la ejecuci\u00f3n de infraestructuras de transporte, obras civiles y desarrollo industrial. Manuel Contreras Caro sucedi\u00f3 a su padre, Manuel Contreras Ramos, en la presidencia de Azvi en el a\u00f1o 2005, cargo que ocup\u00f3 hasta 2015, cuando fue nombrado consejero delegado de Grupo Azvi, asumiendo su presidencia en enero de 2021. Bajo su direcci\u00f3n, el grupo ha reforzado su presencia internacional y su apuesta por la innovaci\u00f3n, la sostenibilidad y la colaboraci\u00f3n p\u00fablico-privada como motores de progreso.<\/p>\n<p>Con un profundo conocimiento del sector y una amplia experiencia en gesti\u00f3n empresarial, Manuel Contreras Caro es una figura destacada en el \u00e1mbito econ\u00f3mico y en la promoci\u00f3n de alianzas estrat\u00e9gicas que favorecen el desarrollo territorial y la competitividad.<\/p>\n<p>&nbsp;<\/p>\n","protected":false},"excerpt":{"rendered":"<p>La Universidad Pablo de Olavide ha acogido esta ma\u00f1ana \u2018Desayuno con Empresas\u2019 organizado por la Facultad de Ciencias Empresariales, y en el que han participado m\u00e1s de 20 entidades de diversos sectores econ\u00f3micos. El acto, presidido por el decano de la Facultad de Ciencias Empresariales de la UPO, \u00c1lvaro L\u00f3pez Cabrales, acompa\u00f1ado por la vicerrectora de Relaciones Institucionales, Formaci\u00f3n Permanente<a class=\"read-more\" href=\"https:\/\/www.upo.es\/diario\/institucional\/2025\/12\/mas-de-20-entidades-participan-en-desayuno-con-empresas-de-la-facultad-de-ciencias-empresariales-de-la-upo\/\">[Read More&#8230;]<\/a><\/p>\n","protected":false},"author":4,"featured_media":30889339,"comment_status":"closed","ping_status":"open","sticky":false,"template":"","format":"standard","meta":{"_monsterinsights_skip_tracking":false,"_monsterinsights_sitenote_active":false,"_monsterinsights_sitenote_note":"","_monsterinsights_sitenote_category":0,"footnotes":""},"categories":[6],"tags":[9167,9356,9357,1059,360],"class_list":["post-30889337","post","type-post","status-publish","format-standard","has-post-thumbnail","hentry","category-institucional","tag-alvaro-lopez-cabrales","tag-azvi","tag-coopera","tag-empresas","tag-facultad-de-ciencias-empresariales"],"_links":{"self":[{"href":"https:\/\/www.upo.es\/diario\/wp-json\/wp\/v2\/posts\/30889337","targetHints":{"allow":["GET"]}}],"collection":[{"href":"https:\/\/www.upo.es\/diario\/wp-json\/wp\/v2\/posts"}],"about":[{"href":"https:\/\/www.upo.es\/diario\/wp-json\/wp\/v2\/types\/post"}],"author":[{"embeddable":true,"href":"https:\/\/www.upo.es\/diario\/wp-json\/wp\/v2\/users\/4"}],"replies":[{"embeddable":true,"href":"https:\/\/www.upo.es\/diario\/wp-json\/wp\/v2\/comments?post=30889337"}],"version-history":[{"count":5,"href":"https:\/\/www.upo.es\/diario\/wp-json\/wp\/v2\/posts\/30889337\/revisions"}],"predecessor-version":[{"id":30889350,"href":"https:\/\/www.upo.es\/diario\/wp-json\/wp\/v2\/posts\/30889337\/revisions\/30889350"}],"wp:featuredmedia":[{"embeddable":true,"href":"https:\/\/www.upo.es\/diario\/wp-json\/wp\/v2\/media\/30889339"}],"wp:attachment":[{"href":"https:\/\/www.upo.es\/diario\/wp-json\/wp\/v2\/media?parent=30889337"}],"wp:term":[{"taxonomy":"category","embeddable":true,"href":"https:\/\/www.upo.es\/diario\/wp-json\/wp\/v2\/categories?post=30889337"},{"taxonomy":"post_tag","embeddable":true,"href":"https:\/\/www.upo.es\/diario\/wp-json\/wp\/v2\/tags?post=30889337"}],"curies":[{"name":"wp","href":"https:\/\/api.w.org\/{rel}","templated":true}]}}