{"id":30889345,"date":"2025-12-12T16:18:39","date_gmt":"2025-12-12T15:18:39","guid":{"rendered":"https:\/\/www.upo.es\/diario\/?p=30889345"},"modified":"2025-12-18T15:35:01","modified_gmt":"2025-12-18T14:35:01","slug":"la-fundacion-de-municipios-pablo-de-olavide-distingue-la-excelencia-academica-con-la-entrega-de-los-premios-extraordinarios-de-bachillerato","status":"publish","type":"post","link":"https:\/\/www.upo.es\/diario\/institucional\/2025\/12\/la-fundacion-de-municipios-pablo-de-olavide-distingue-la-excelencia-academica-con-la-entrega-de-los-premios-extraordinarios-de-bachillerato\/","title":{"rendered":"La Fundaci\u00f3n de Municipios Pablo de Olavide distingue la excelencia acad\u00e9mica con la entrega de los Premios Extraordinarios de Bachillerato"},"content":{"rendered":"<figure id=\"attachment_30889346\" aria-describedby=\"caption-attachment-30889346\" style=\"width: 750px\" class=\"wp-caption aligncenter\"><a href=\"https:\/\/www.upo.es\/diario\/wp-content\/uploads\/2025\/12\/Premios-Bachillerato-Fund-Municipios.jpeg\"><img loading=\"lazy\" decoding=\"async\" class=\"size-large wp-image-30889346\" src=\"https:\/\/www.upo.es\/diario\/wp-content\/uploads\/2025\/12\/Premios-Bachillerato-Fund-Municipios-750x452.jpeg\" alt=\"Foto de familia de la entrega de Premios de Bachillerato\" width=\"750\" height=\"452\" srcset=\"https:\/\/www.upo.es\/diario\/wp-content\/uploads\/2025\/12\/Premios-Bachillerato-Fund-Municipios-750x452.jpeg 750w, https:\/\/www.upo.es\/diario\/wp-content\/uploads\/2025\/12\/Premios-Bachillerato-Fund-Municipios-420x253.jpeg 420w, https:\/\/www.upo.es\/diario\/wp-content\/uploads\/2025\/12\/Premios-Bachillerato-Fund-Municipios-768x463.jpeg 768w, https:\/\/www.upo.es\/diario\/wp-content\/uploads\/2025\/12\/Premios-Bachillerato-Fund-Municipios-1536x925.jpeg 1536w, https:\/\/www.upo.es\/diario\/wp-content\/uploads\/2025\/12\/Premios-Bachillerato-Fund-Municipios-2048x1234.jpeg 2048w, https:\/\/www.upo.es\/diario\/wp-content\/uploads\/2025\/12\/Premios-Bachillerato-Fund-Municipios-1320x795.jpeg 1320w\" sizes=\"auto, (max-width: 750px) 100vw, 750px\" \/><\/a><figcaption id=\"caption-attachment-30889346\" class=\"wp-caption-text\">Foto de familia de la entrega de Premios de Bachillerato<\/figcaption><\/figure>\n<p>La Fundaci\u00f3n de Municipios Pablo de Olavide ha hecho entrega, este viernes al mediod\u00eda, de los <strong>\u2018Premios Extraordinarios de Bachillerato Pablo de Olavide\u2019, en su edici\u00f3n 2024\/2025<\/strong>, a los estudiantes con los mejores expedientes de los municipios que lo integran. Estos premios se convocan anualmente para reconocer el esfuerzo y el trabajo de los alumnos y alumnas que cursan sus estudios de Bachillerato con excelente rendimiento acad\u00e9mico. Dicha aprobaci\u00f3n ha tenido lugar en la reuni\u00f3n del Patronato de dicha Fundaci\u00f3n celebrado previamente en la Ciudad del Conocimiento del Ayuntamiento de Dos Hermanas.<\/p>\n<p>El acto de entrega de premios se ha celebrado en el sal\u00f3n de actos de la Ciudad del Conocimiento y ha estado presidido por el vicerrector primero de la UPO,<strong> Jos\u00e9 Antonio S\u00e1nchez Medina<\/strong>; la teniente de alcalde y concejala delegada de Promoci\u00f3n Econ\u00f3mica e Innovaci\u00f3n del Ayuntamiento de Dos Hermanas,<strong> Carmen Gil Ortega<\/strong>; la vicerrectora de Relaciones Institucionales, Formaci\u00f3n Permanente y Fundaciones de la UPO y vicepresidenta ejecutiva de la Fundaci\u00f3n de Municipios, <strong>Laura L\u00f3pez de la Cruz<\/strong> y la secretaria general de la Universidad, <strong>Silvia Mendoza Calder\u00f3n<\/strong>.<\/p>\n<p>A dicho evento han asistido adem\u00e1s los alcaldes, alcaldesas o representantes municipales de los municipios que integran la Fundaci\u00f3n, as\u00ed como los 18 premiados y premiadas de esta edici\u00f3n, junto con sus familiares y profesorado.<\/p>\n<p>El premio, consistente en <strong>una ayuda econ\u00f3mica de 900 euros para cada uno de los galardonados<\/strong>, ha sido entregado al alumnado con mejor expediente por los propios alcaldes, concejales o representantes municipales y acad\u00e9micos de los municipios que integran la Fundaci\u00f3n.<\/p>\n<p>Como representante de todos los alumnos\/as premiados ha tomado la palabra <strong>Paloma Ruiz Pym<\/strong>, mejor expediente de bachillerato de Baeza (Ja\u00e9n), perteneciente al IES Andr\u00e9s de Vandelvira, quien ha agradecido el premio en nombre de todos sus compa\u00f1eros y compa\u00f1eras, as\u00ed como a todos los centros, institutos, profesorado y familias que han formado parte del proceso educativo de los estudiantes reconocidos.<\/p>\n<p>Asimismo, en el transcurso de este acto se ha presentado tambi\u00e9n el <strong>c\u00f3mic &#8216;Pablo de Olavide, un personaje ilustrado&#8217;<\/strong>, perteneciente a la colecci\u00f3n Olavide-Ilustraci\u00f3n, cuyos textos son autor\u00eda de Rafael Jim\u00e9nez, mientras que las ilustraciones son obra de Juanfer Briones. El objetivo de esta obra es acercar la figura de Pablo de Olavide al p\u00fablico m\u00e1s joven de las poblaciones que conforman la Fundaci\u00f3n de Municipios, adem\u00e1s de al p\u00fablico en general, a trav\u00e9s de un formato m\u00e1s visual y did\u00e1ctico, promoviendo el conocimiento de su legado ilustrado y su impacto en el territorio.<\/p>\n<p>La Fundaci\u00f3n de Municipios Pablo de Olavide, constituida en el a\u00f1o 2001, est\u00e1 compuesta por 17 poblaciones andaluzas: <strong>Aldeaquemada, Arquillos, Baeza, Ca\u00f1ada Rosal, Carboneros, Dos Hermanas, Fuente Carreteros, Fuente Palmera, Guarrom\u00e1n, La Carlota, La Carolina, La Luisiana, Montiz\u00f3n, Prado del Rey, San Sebasti\u00e1n de los Ballesteros, Santa Elena y Sevilla<\/strong>.<\/p>\n<h3><strong>Patronato<\/strong><\/h3>\n<p>Por otra parte, el Patronato de la Fundaci\u00f3n de Municipios Pablo de Olavide, en su edici\u00f3n 55, se ha reunido esta ma\u00f1ana para aprobar el plan de actuaci\u00f3n 2026. Adem\u00e1s, de los Premios Extraordinarios de Bachillerato \u2018Pablo de Olavide\u2019 de la edici\u00f3n 2025\/2026, se ha resuelto continuar con el proyecto editorial de la Colecci\u00f3n Olavide-Ilustraci\u00f3n o la puesta en marcha de un taller magistral.<\/p>\n<p>Adem\u00e1s, como colof\u00f3n a la conmemoraci\u00f3n del 25\u00ba aniversario de la constituci\u00f3n de la Fundaci\u00f3n de Municipios Pablo de Olavide el a\u00f1o pr\u00f3ximo, dicha Fundaci\u00f3n ha dispuesto colaborar en la realizaci\u00f3n de un audiovisual dedicado a la figura de Rosario Valpuesta Fern\u00e1ndez, primera rectora y fundadora de la Universidad Pablo de Olavide y primera presidenta de la Fundaci\u00f3n de Municipios, entidad puesta en marcha en el a\u00f1o 2001.<\/p>\n<p>Fuente: Fundaci\u00f3n Universidad Pablo de Olavide<\/p>\n","protected":false},"excerpt":{"rendered":"<p>El acto se ha celebrado hoy en el sal\u00f3n de actos de la Ciudad del Conocimiento del Ayuntamiento de Dos Hermanas (Sevilla). Se han concedido un total de 18 premios entre los mejores expedientes de las poblaciones pertenecientes al patronato de la Fundaci\u00f3n.<\/p>\n","protected":false},"author":6,"featured_media":30889346,"comment_status":"closed","ping_status":"open","sticky":false,"template":"","format":"standard","meta":{"_monsterinsights_skip_tracking":false,"_monsterinsights_sitenote_active":false,"_monsterinsights_sitenote_note":"","_monsterinsights_sitenote_category":0,"footnotes":""},"categories":[6],"tags":[644,8258,234,21,2065,5858,1648,5092,1030],"class_list":["post-30889345","post","type-post","status-publish","format-standard","has-post-thumbnail","hentry","category-institucional","tag-bachillerato","tag-coleccion-olavide-ilustracion","tag-dos-hermanas","tag-estudiantes","tag-fundacion-de-municipios","tag-jose-antonio-sanchez-medina","tag-laura-lopez-de-la-cruz","tag-premio-extraordinario-de-bachillerato","tag-premios"],"_links":{"self":[{"href":"https:\/\/www.upo.es\/diario\/wp-json\/wp\/v2\/posts\/30889345","targetHints":{"allow":["GET"]}}],"collection":[{"href":"https:\/\/www.upo.es\/diario\/wp-json\/wp\/v2\/posts"}],"about":[{"href":"https:\/\/www.upo.es\/diario\/wp-json\/wp\/v2\/types\/post"}],"author":[{"embeddable":true,"href":"https:\/\/www.upo.es\/diario\/wp-json\/wp\/v2\/users\/6"}],"replies":[{"embeddable":true,"href":"https:\/\/www.upo.es\/diario\/wp-json\/wp\/v2\/comments?post=30889345"}],"version-history":[{"count":2,"href":"https:\/\/www.upo.es\/diario\/wp-json\/wp\/v2\/posts\/30889345\/revisions"}],"predecessor-version":[{"id":30889359,"href":"https:\/\/www.upo.es\/diario\/wp-json\/wp\/v2\/posts\/30889345\/revisions\/30889359"}],"wp:featuredmedia":[{"embeddable":true,"href":"https:\/\/www.upo.es\/diario\/wp-json\/wp\/v2\/media\/30889346"}],"wp:attachment":[{"href":"https:\/\/www.upo.es\/diario\/wp-json\/wp\/v2\/media?parent=30889345"}],"wp:term":[{"taxonomy":"category","embeddable":true,"href":"https:\/\/www.upo.es\/diario\/wp-json\/wp\/v2\/categories?post=30889345"},{"taxonomy":"post_tag","embeddable":true,"href":"https:\/\/www.upo.es\/diario\/wp-json\/wp\/v2\/tags?post=30889345"}],"curies":[{"name":"wp","href":"https:\/\/api.w.org\/{rel}","templated":true}]}}