{"id":30889354,"date":"2025-12-15T12:34:33","date_gmt":"2025-12-15T11:34:33","guid":{"rendered":"https:\/\/www.upo.es\/diario\/?p=30889354"},"modified":"2025-12-15T12:34:33","modified_gmt":"2025-12-15T11:34:33","slug":"el-complejo-universitario-flora-tristan-acoge-la-visita-de-un-grupo-de-investigadoras-de-la-universidad-de-harvard","status":"publish","type":"post","link":"https:\/\/www.upo.es\/diario\/cultura-social\/2025\/12\/el-complejo-universitario-flora-tristan-acoge-la-visita-de-un-grupo-de-investigadoras-de-la-universidad-de-harvard\/","title":{"rendered":"El Complejo Universitario Flora Trist\u00e1n acoge la visita de un grupo de investigadoras de la Universidad de Harvard"},"content":{"rendered":"<p><a href=\"https:\/\/www.upo.es\/diario\/wp-content\/uploads\/2025\/12\/ROMA-FT.jpg\"><img loading=\"lazy\" decoding=\"async\" class=\"aligncenter size-large wp-image-30889356\" src=\"https:\/\/www.upo.es\/diario\/wp-content\/uploads\/2025\/12\/ROMA-FT-750x373.jpg\" alt=\"\" width=\"750\" height=\"373\" srcset=\"https:\/\/www.upo.es\/diario\/wp-content\/uploads\/2025\/12\/ROMA-FT-750x373.jpg 750w, https:\/\/www.upo.es\/diario\/wp-content\/uploads\/2025\/12\/ROMA-FT-420x209.jpg 420w, https:\/\/www.upo.es\/diario\/wp-content\/uploads\/2025\/12\/ROMA-FT-768x382.jpg 768w, https:\/\/www.upo.es\/diario\/wp-content\/uploads\/2025\/12\/ROMA-FT.jpg 1231w\" sizes=\"auto, (max-width: 750px) 100vw, 750px\" \/><\/a>El Complejo Universitario Flora Trist\u00e1n, de la Universidad Pablo de Olavide, ha acogido durante el pasado fin de semana la visita de un grupo de investigadoras roman\u00edes procedente de la Universidad de Harvard. La visita forma parte del <strong>proyecto internacional <em>\u2018Fostering Strength: Romani Feminist Leadership for Climate Action\u2019 <\/em><\/strong>y est\u00e1 impulsada por el <a href=\"https:\/\/fxb.harvard.edu\/the-roma-program\/\">Programa Roma<\/a> de esta Universidad.<\/p>\n<p>El grupo de trabajo ha sido recibido en las instalaciones del Complejo Universitario por la vicerrectora de Cultura y Pol\u00edticas Sociales, <strong>Laura G\u00f3mez Ruiz<\/strong>, y por el director general de Pol\u00edticas Sociales, <strong>Ra\u00fal \u00c1lvarez P\u00e9rez.<\/strong> El proyecto, que re\u00fane a un grupo de investigadoras roman\u00edes de Bulgaria, Hungr\u00eda, Italia, Eslovaquia y Espa\u00f1a, tiene como objetivo analizar los efectos del cambio clim\u00e1tico y la degradaci\u00f3n ambiental sobre las comunidades roman\u00edes y sus familias, especialmente en contexto de desigualdad urbana y segregaci\u00f3n residencial.<\/p>\n<p>Durante su estancia en Sevilla, el grupo de trabajo ha desarrollado una serie de sesiones de trabajo y visitas centradas en la justicia medioambiental, la sostenibilidad y el liderazgo feminista roman\u00ed, buscando poner en di\u00e1logo experiencias locales e internacionales, por lo que su estancia en el Complejo Universitario Flora Trist\u00e1n les ha ofrecido un entorno id\u00f3neo para el intercambio acad\u00e9mico, comunitario y humano.<\/p>\n<p>Entre las actividades realizadas durante estos d\u00edas, el grupo \u2014compuesto por 12 investigadoras y activistas\u2014 ha desarrollado dos jornadas de trabajo, un encuentro colectivo con representantes de asociaciones de mujeres gitanas de Sevilla y del Pol\u00edgono Sur, comidas comunitarias elaboradas por mujeres del barrio en colaboraci\u00f3n con asociaciones vecinales y visitas guiadas a iniciativas de justicia ambiental y espacios de creaci\u00f3n cultural en distintos barrios de la ciudad.<\/p>\n<p><a href=\"https:\/\/www.upo.es\/diario\/wp-content\/uploads\/2025\/12\/ROMA-FT-2.jpg\"><img loading=\"lazy\" decoding=\"async\" class=\"aligncenter size-large wp-image-30889357\" src=\"https:\/\/www.upo.es\/diario\/wp-content\/uploads\/2025\/12\/ROMA-FT-2-750x447.jpg\" alt=\"\" width=\"750\" height=\"447\" srcset=\"https:\/\/www.upo.es\/diario\/wp-content\/uploads\/2025\/12\/ROMA-FT-2-750x447.jpg 750w, https:\/\/www.upo.es\/diario\/wp-content\/uploads\/2025\/12\/ROMA-FT-2-420x251.jpg 420w, https:\/\/www.upo.es\/diario\/wp-content\/uploads\/2025\/12\/ROMA-FT-2-768x458.jpg 768w, https:\/\/www.upo.es\/diario\/wp-content\/uploads\/2025\/12\/ROMA-FT-2-1320x788.jpg 1320w, https:\/\/www.upo.es\/diario\/wp-content\/uploads\/2025\/12\/ROMA-FT-2.jpg 1408w\" sizes=\"auto, (max-width: 750px) 100vw, 750px\" \/><\/a><\/p>\n<p>Fuente: Fundaci\u00f3n Universidad Pablo de Olavide<\/p>\n","protected":false},"excerpt":{"rendered":"<p>Procedentes del proyecto \u2018Fostering Strength: Romani Feminist Leadership for Climate Action\u2019, el grupo est\u00e1 compuesto por 12 investigadoras y activistas roman\u00edes.<\/p>\n","protected":false},"author":6,"featured_media":30889356,"comment_status":"closed","ping_status":"open","sticky":false,"template":"","format":"standard","meta":{"_monsterinsights_skip_tracking":false,"_monsterinsights_sitenote_active":false,"_monsterinsights_sitenote_note":"","_monsterinsights_sitenote_category":0,"footnotes":""},"categories":[5843],"tags":[9133,2474,7824,6016,1237,7194],"class_list":["post-30889354","post","type-post","status-publish","format-standard","has-post-thumbnail","hentry","category-cultura-social","tag-complejo-universitario-flora-tristan","tag-fundacion-universidad-pablo-de-olavide","tag-laura-gomez-ruiz","tag-romanies","tag-universidad-de-harvard","tag-vicerrectorado-de-cultura-y-politicas-sociales"],"_links":{"self":[{"href":"https:\/\/www.upo.es\/diario\/wp-json\/wp\/v2\/posts\/30889354","targetHints":{"allow":["GET"]}}],"collection":[{"href":"https:\/\/www.upo.es\/diario\/wp-json\/wp\/v2\/posts"}],"about":[{"href":"https:\/\/www.upo.es\/diario\/wp-json\/wp\/v2\/types\/post"}],"author":[{"embeddable":true,"href":"https:\/\/www.upo.es\/diario\/wp-json\/wp\/v2\/users\/6"}],"replies":[{"embeddable":true,"href":"https:\/\/www.upo.es\/diario\/wp-json\/wp\/v2\/comments?post=30889354"}],"version-history":[{"count":2,"href":"https:\/\/www.upo.es\/diario\/wp-json\/wp\/v2\/posts\/30889354\/revisions"}],"predecessor-version":[{"id":30889358,"href":"https:\/\/www.upo.es\/diario\/wp-json\/wp\/v2\/posts\/30889354\/revisions\/30889358"}],"wp:featuredmedia":[{"embeddable":true,"href":"https:\/\/www.upo.es\/diario\/wp-json\/wp\/v2\/media\/30889356"}],"wp:attachment":[{"href":"https:\/\/www.upo.es\/diario\/wp-json\/wp\/v2\/media?parent=30889354"}],"wp:term":[{"taxonomy":"category","embeddable":true,"href":"https:\/\/www.upo.es\/diario\/wp-json\/wp\/v2\/categories?post=30889354"},{"taxonomy":"post_tag","embeddable":true,"href":"https:\/\/www.upo.es\/diario\/wp-json\/wp\/v2\/tags?post=30889354"}],"curies":[{"name":"wp","href":"https:\/\/api.w.org\/{rel}","templated":true}]}}