{"id":30889366,"date":"2025-12-15T22:57:18","date_gmt":"2025-12-15T21:57:18","guid":{"rendered":"https:\/\/www.upo.es\/diario\/?p=30889366"},"modified":"2026-02-09T10:36:06","modified_gmt":"2026-02-09T09:36:06","slug":"premios-excelencia-academica-docente-investigadora","status":"publish","type":"post","link":"https:\/\/www.upo.es\/diario\/institucional\/2025\/12\/premios-excelencia-academica-docente-investigadora\/","title":{"rendered":"La Universidad Pablo de Olavide reconoce la excelencia acad\u00e9mica, docente e investigadora en los Premios 2025"},"content":{"rendered":"<p><a href=\"https:\/\/www.upo.es\/diario\/wp-content\/uploads\/2025\/12\/15122025-Premios-Excelencia-2025-7304-scaled.jpg\"><img loading=\"lazy\" decoding=\"async\" class=\"aligncenter size-large wp-image-30889367\" src=\"https:\/\/www.upo.es\/diario\/wp-content\/uploads\/2025\/12\/15122025-Premios-Excelencia-2025-7304-750x500.jpg\" alt=\"Foto de familia de los premiados\" width=\"750\" height=\"500\" srcset=\"https:\/\/www.upo.es\/diario\/wp-content\/uploads\/2025\/12\/15122025-Premios-Excelencia-2025-7304-750x500.jpg 750w, https:\/\/www.upo.es\/diario\/wp-content\/uploads\/2025\/12\/15122025-Premios-Excelencia-2025-7304-420x280.jpg 420w, https:\/\/www.upo.es\/diario\/wp-content\/uploads\/2025\/12\/15122025-Premios-Excelencia-2025-7304-768x512.jpg 768w, https:\/\/www.upo.es\/diario\/wp-content\/uploads\/2025\/12\/15122025-Premios-Excelencia-2025-7304-1536x1024.jpg 1536w, https:\/\/www.upo.es\/diario\/wp-content\/uploads\/2025\/12\/15122025-Premios-Excelencia-2025-7304-2048x1365.jpg 2048w, https:\/\/www.upo.es\/diario\/wp-content\/uploads\/2025\/12\/15122025-Premios-Excelencia-2025-7304-165x109.jpg 165w, https:\/\/www.upo.es\/diario\/wp-content\/uploads\/2025\/12\/15122025-Premios-Excelencia-2025-7304-1320x880.jpg 1320w\" sizes=\"auto, (max-width: 750px) 100vw, 750px\" \/><\/a>La Universidad Pablo de Olavide ha celebrado este lunes en el Paraninfo el acto de entrega de los <strong>Premios a la Excelencia 2025, una ceremonia con la que la instituci\u00f3n reconoce p\u00fablicamente la labor destacada de su profesorado, estudiantado y nuevos doctores y doctoras<\/strong>, para reafirmar su compromiso con la calidad acad\u00e9mica, la innovaci\u00f3n y el esfuerzo.<\/p>\n<p>La entrega de Premios ha estado presidida por el rector de la Universidad Pablo de Olavide, Francisco Oliva, acompa\u00f1ado por la viceconsejera de Universidades, Investigaci\u00f3n e Innovaci\u00f3n de la Junta de Andaluc\u00eda, Lorena Garrido, junto a representantes del Ayuntamiento de Dos Hermanas, el Consejo Social de la Universidad y miembros del equipo de Gobierno universitario.<\/p>\n<figure id=\"attachment_30889368\" aria-describedby=\"caption-attachment-30889368\" style=\"width: 350px\" class=\"wp-caption alignleft\"><a href=\"https:\/\/www.upo.es\/diario\/wp-content\/uploads\/2025\/12\/15122025-Premios-Excelencia-2025-7065-scaled.jpg\"><img loading=\"lazy\" decoding=\"async\" class=\"wp-image-30889368 size-large\" src=\"https:\/\/www.upo.es\/diario\/wp-content\/uploads\/2025\/12\/15122025-Premios-Excelencia-2025-7065-350x525.jpg\" alt=\"Rosario Moreno ha hablado en representaci\u00f3n del profesorado\" width=\"350\" height=\"525\" srcset=\"https:\/\/www.upo.es\/diario\/wp-content\/uploads\/2025\/12\/15122025-Premios-Excelencia-2025-7065-350x525.jpg 350w, https:\/\/www.upo.es\/diario\/wp-content\/uploads\/2025\/12\/15122025-Premios-Excelencia-2025-7065-280x420.jpg 280w, https:\/\/www.upo.es\/diario\/wp-content\/uploads\/2025\/12\/15122025-Premios-Excelencia-2025-7065-768x1152.jpg 768w, https:\/\/www.upo.es\/diario\/wp-content\/uploads\/2025\/12\/15122025-Premios-Excelencia-2025-7065-1024x1536.jpg 1024w, https:\/\/www.upo.es\/diario\/wp-content\/uploads\/2025\/12\/15122025-Premios-Excelencia-2025-7065-1365x2048.jpg 1365w, https:\/\/www.upo.es\/diario\/wp-content\/uploads\/2025\/12\/15122025-Premios-Excelencia-2025-7065-1320x1980.jpg 1320w, https:\/\/www.upo.es\/diario\/wp-content\/uploads\/2025\/12\/15122025-Premios-Excelencia-2025-7065-scaled.jpg 1707w\" sizes=\"auto, (max-width: 350px) 100vw, 350px\" \/><\/a><figcaption id=\"caption-attachment-30889368\" class=\"wp-caption-text\">Rosario Moreno ha hablado en representaci\u00f3n del profesorado<\/figcaption><\/figure>\n<p>Durante el acto se ha hecho entrega del <strong>distintivo de excelencia docente<\/strong> a aquellas profesoras y profesores que han obtenido la m\u00e1xima calificaci\u00f3n en el programa DOCENTIA-A-UPO, sistema que eval\u00faa la calidad de la docencia universitaria. En representaci\u00f3n del profesorado, la catedr\u00e1tica Rosario Moreno, que ha tenido unas palabras de recuerdo de su profesor y quien fuera tambi\u00e9n catedr\u00e1tico en la UPO, Juan Fern\u00e1ndez, ha reivindicado las clases presenciales y el valor de la palabra y la reflexi\u00f3n en el aprendizaje, as\u00ed como el trabajo del profesorado \u00absilencioso y discreto, pero que hace que todo se mantenga en pie\u00bb.<\/p>\n<p>Tambi\u00e9n se han concedido los <strong>Premios Extraordinarios de Doctorado <\/strong>a quienes han defendido las mejores tesis en la Escuela de Doctorado durante los cursos 2022\/23 y 2023\/24. La doctora M\u00f3nica Moreno ha intervenido en nombre del grupo de galardonados, para subrayar la importancia de contar con una red de apoyo en la carrera investigadora a la vez que ha reivindicado una nueva v\u00eda para la excelencia universitaria basada en la empat\u00eda y la colaboraci\u00f3n.<\/p>\n<p>El acto ha incluido adem\u00e1s la entrega de distinciones al estudiantado que ha destacado tanto por su rendimiento acad\u00e9mico \u2014igualmente en los cursos 2022\/23 y 2023\/24\u2014 como por sus logros deportivos. La estudiante Ana Vargas, reconocida como mejor expediente de la Facultad de Experimentales 2023\/24, ha expresado en representaci\u00f3n de sus compa\u00f1eros su agradecimiento a familias y profesores \u00abpor la confianza incondicional\u00bb y a la Universidad \u00abpor ofrecer una ense\u00f1anza de alta calidad accesible para todos\u00bb.<\/p>\n<figure id=\"attachment_30889369\" aria-describedby=\"caption-attachment-30889369\" style=\"width: 350px\" class=\"wp-caption alignleft\"><a href=\"https:\/\/www.upo.es\/diario\/wp-content\/uploads\/2025\/12\/15122025-Premios-Excelencia-2025-7246-scaled.jpg\"><img loading=\"lazy\" decoding=\"async\" class=\"wp-image-30889369 size-large\" src=\"https:\/\/www.upo.es\/diario\/wp-content\/uploads\/2025\/12\/15122025-Premios-Excelencia-2025-7246-350x525.jpg\" alt=\"Francisco Oliva durante su discurso\" width=\"350\" height=\"525\" srcset=\"https:\/\/www.upo.es\/diario\/wp-content\/uploads\/2025\/12\/15122025-Premios-Excelencia-2025-7246-350x525.jpg 350w, https:\/\/www.upo.es\/diario\/wp-content\/uploads\/2025\/12\/15122025-Premios-Excelencia-2025-7246-280x420.jpg 280w, https:\/\/www.upo.es\/diario\/wp-content\/uploads\/2025\/12\/15122025-Premios-Excelencia-2025-7246-768x1152.jpg 768w, https:\/\/www.upo.es\/diario\/wp-content\/uploads\/2025\/12\/15122025-Premios-Excelencia-2025-7246-1024x1536.jpg 1024w, https:\/\/www.upo.es\/diario\/wp-content\/uploads\/2025\/12\/15122025-Premios-Excelencia-2025-7246-1365x2048.jpg 1365w, https:\/\/www.upo.es\/diario\/wp-content\/uploads\/2025\/12\/15122025-Premios-Excelencia-2025-7246-1320x1980.jpg 1320w, https:\/\/www.upo.es\/diario\/wp-content\/uploads\/2025\/12\/15122025-Premios-Excelencia-2025-7246-scaled.jpg 1707w\" sizes=\"auto, (max-width: 350px) 100vw, 350px\" \/><\/a><figcaption id=\"caption-attachment-30889369\" class=\"wp-caption-text\">Francisco Oliva durante su discurso<\/figcaption><\/figure>\n<p>La ceremonia ha concluido con las palabras de la viceconsejera y del rector, quien ha felicitado a profesorado, doctores y estudiantes. \u00abSois un ejemplo, el espejo en el que cu\u00e1l mirarnos d\u00eda a d\u00eda para mejorar. La excelencia no es fruto de la casualidad, sino consecuencia directa de la dedicaci\u00f3n, el trabajo, el esfuerzo diario y la perseverancia, valores necesarios en todo lo que se hace en la vida para obtener calidad y excelencia, que coadyuvan la filosof\u00eda de vida acad\u00e9mica de la que nos hemos dotado y que resumir\u00eda en una frase muy sencilla, orgullo de la Universidad Pablo de Olavide\u00bb, ha manifestado Francisco Oliva.<\/p>\n<p>Por su parte, la viceconsejera de Universidad, Investigaci\u00f3n e Innovaci\u00f3n ha puesto la Universidad Pablo de Olavide como ejemplo del sistema p\u00fablico andaluz por su compromiso con la calidad y como referente en investigaci\u00f3n, formaci\u00f3n, esp\u00edritu deportivo y compromiso social.<\/p>\n<p>En 2025 han recibido el<strong> reconocimiento a la excelencia docente<\/strong> Nieves Aquino, Gualberto Asencio, M.\u00aa de la Menta Ballesteros, Ana M.\u00aa Brokate, Elisa Calvo, Mar\u00eda Delgado, Jos\u00e9 M. Feria, Marta Garc\u00eda, M.\u00aa Auxiliadora Gonz\u00e1lez, Montserrat Hermos\u00edn, M.\u00aa Rosa Herrera, Alicia Ja\u00e9n, Jos\u00e9 F. Jim\u00e9nez, Fernando L\u00f3pez, Carmen L\u00f3pez, Almudena Mart\u00ednez, Rosario Moreno, Francisco N\u00fa\u00f1ez, Encarnaci\u00f3n Pedrero, Natividad Rodr\u00edguez, Hanan Saleh Hussein, M.\u00aa Inmaculada S\u00e1nchez, Francisca J. S\u00e1nchez, Ana M.\u00aa S\u00e1nchez y Rosario V\u00e1zquez.<\/p>\n<figure id=\"attachment_30889373\" aria-describedby=\"caption-attachment-30889373\" style=\"width: 750px\" class=\"wp-caption aligncenter\"><a href=\"https:\/\/www.upo.es\/diario\/wp-content\/uploads\/2025\/12\/15122025-Premios-Excelencia-2025-7309-scaled.jpg\"><img loading=\"lazy\" decoding=\"async\" class=\"size-large wp-image-30889373\" src=\"https:\/\/www.upo.es\/diario\/wp-content\/uploads\/2025\/12\/15122025-Premios-Excelencia-2025-7309-750x337.jpg\" alt=\"Profesorado premiado por su excelencia docente\" width=\"750\" height=\"337\" srcset=\"https:\/\/www.upo.es\/diario\/wp-content\/uploads\/2025\/12\/15122025-Premios-Excelencia-2025-7309-750x337.jpg 750w, https:\/\/www.upo.es\/diario\/wp-content\/uploads\/2025\/12\/15122025-Premios-Excelencia-2025-7309-420x189.jpg 420w, https:\/\/www.upo.es\/diario\/wp-content\/uploads\/2025\/12\/15122025-Premios-Excelencia-2025-7309-768x346.jpg 768w, https:\/\/www.upo.es\/diario\/wp-content\/uploads\/2025\/12\/15122025-Premios-Excelencia-2025-7309-1536x691.jpg 1536w, https:\/\/www.upo.es\/diario\/wp-content\/uploads\/2025\/12\/15122025-Premios-Excelencia-2025-7309-2048x921.jpg 2048w, https:\/\/www.upo.es\/diario\/wp-content\/uploads\/2025\/12\/15122025-Premios-Excelencia-2025-7309-1320x594.jpg 1320w\" sizes=\"auto, (max-width: 750px) 100vw, 750px\" \/><\/a><figcaption id=\"caption-attachment-30889373\" class=\"wp-caption-text\">Profesorado premiado por su excelencia docente<\/figcaption><\/figure>\n<p>Los <strong>Premios Extraordinarios de Doctorado<\/strong> correspondientes al curso 2022\/23 han sido otorgados a Celia Andreu, Pablo Azaustre, Alexander J. Chaverri, M.\u00aa Jos\u00e9 Dorado, Laura Garc\u00eda, Carmen M.\u00aa Gonz\u00e1lez, Rafael Madero, David Manzano, Laura Melgar, M\u00f3nica Moreno, Heliodoro Moya, Javier Riscart, Marta Rodr\u00edguez, Victoria S\u00e1nchez, Carlos J. Sosa y \u00c1ngeles Trujillo. En cuanto a los premios del curso 2023\/24, han sido reconocidos Gustavo Alegr\u00eda, Pedro Cornejo, Mariagiulia Costanzo, Marta Cuevas, Nuria Falla, Elena G\u00f3mez, Alejandro G\u00f3mez, Diego Luna, Concepci\u00f3n Mart\u00edn, Susana Merino, Pablo A. Moral, Nelson Navas, M.\u00aa Dolores Pejenaute, Juan C. Rivera, Ana Trindade, Abel Rosales, Alejandro Rubio, Tadeo S\u00e1ez, Isabel Salado y M.\u00aa Carmen Velasco.<\/p>\n<p><a href=\"https:\/\/www.upo.es\/diario\/wp-content\/uploads\/2025\/12\/15122025-Premios-Excelencia-2025-7149-scaled.jpg\"><img loading=\"lazy\" decoding=\"async\" class=\"alignright size-medium wp-image-30889376\" src=\"https:\/\/www.upo.es\/diario\/wp-content\/uploads\/2025\/12\/15122025-Premios-Excelencia-2025-7149-420x280.jpg\" alt=\"Premios al rendimiento deportivo 2025\" width=\"420\" height=\"280\" srcset=\"https:\/\/www.upo.es\/diario\/wp-content\/uploads\/2025\/12\/15122025-Premios-Excelencia-2025-7149-420x280.jpg 420w, https:\/\/www.upo.es\/diario\/wp-content\/uploads\/2025\/12\/15122025-Premios-Excelencia-2025-7149-750x500.jpg 750w, https:\/\/www.upo.es\/diario\/wp-content\/uploads\/2025\/12\/15122025-Premios-Excelencia-2025-7149-768x512.jpg 768w, https:\/\/www.upo.es\/diario\/wp-content\/uploads\/2025\/12\/15122025-Premios-Excelencia-2025-7149-1536x1024.jpg 1536w, https:\/\/www.upo.es\/diario\/wp-content\/uploads\/2025\/12\/15122025-Premios-Excelencia-2025-7149-2048x1365.jpg 2048w, https:\/\/www.upo.es\/diario\/wp-content\/uploads\/2025\/12\/15122025-Premios-Excelencia-2025-7149-165x109.jpg 165w, https:\/\/www.upo.es\/diario\/wp-content\/uploads\/2025\/12\/15122025-Premios-Excelencia-2025-7149-1320x880.jpg 1320w\" sizes=\"auto, (max-width: 420px) 100vw, 420px\" \/><\/a>En el \u00e1mbito estudiantil, han recibido el <strong>Premio al Rendimiento Deportivo<\/strong> Teresa D\u00edaz y Pablo Fern\u00e1ndez. Por <strong>m\u00e9ritos acad\u00e9micos<\/strong>, se ha distinguido a Berta Mart\u00ednez, Dina Hidalgo y Adri\u00e1n Rodr\u00edguez. Tambi\u00e9n han sido reconocidos los <strong>mejores expedientes de cada centro en 2022\/23<\/strong>: M.\u00aa Luisa P\u00e9rez en Nutrici\u00f3n, Mar\u00eda Jim\u00e9nez en Humanidades, Alba Lancharro en Derecho y Criminolog\u00eda, Amparo Graciani en ADE, M.\u00aa Carmen Rivero en Trabajo Social y Educaci\u00f3n Social, Andr\u00e9s L\u00f3pez en Ciencias del Deporte, y Alejandra Acosta en Ingenier\u00eda Inform\u00e1tica. <strong>Por el curso 2023\/24<\/strong> han sido premiados Ana Vargas en Biotecnolog\u00eda, Miriam Quintana en Traducci\u00f3n, Jes\u00fas Aguilar en Derecho, Francisco Toledano en ADE, Carla Blanco en Sociolog\u00eda, Ismael S\u00e1nchez en Ciencias del Deporte y Francesc Rodr\u00edguez en Ingenier\u00eda Inform\u00e1tica.<\/p>\n<p>Los Premios a la Excelencia 2025 ponen de manifiesto que la calidad universitaria es el resultado del trabajo diario de cada una de las personas que forman parte de la Universidad Pablo de Olavide. El esfuerzo de quienes ense\u00f1an, investigan y aprenden en el campus fortalece de manera decisiva una universidad p\u00fablica comprometida con la mejora continua, una apuesta colectiva que redunda en beneficio de la sociedad y refuerza su v\u00ednculo con el entorno.<\/p>\n<p><a title=\"Premios a la Excelencia 2025\" href=\"https:\/\/www.flickr.com\/photos\/pablodeolavide\/albums\/72177720330962178\" data-flickr-embed=\"true\"><img loading=\"lazy\" decoding=\"async\" src=\"https:\/\/live.staticflickr.com\/65535\/54988084415_0a1a2ace89.jpg\" alt=\"Premios a la Excelencia 2025\" width=\"640\" height=\"480\" \/><\/a><script async src=\"\/\/embedr.flickr.com\/assets\/client-code.js\" charset=\"utf-8\"><\/script><\/p>\n","protected":false},"excerpt":{"rendered":"<p>La Universidad Pablo de Olavide ha celebrado este lunes en el Paraninfo el acto de entrega de los Premios a la Excelencia 2025, una ceremonia con la que la instituci\u00f3n reconoce p\u00fablicamente la labor destacada de su profesorado, estudiantado y nuevos doctores y doctoras, para reafirmar su compromiso con la calidad acad\u00e9mica, la innovaci\u00f3n y el esfuerzo.<\/p>\n","protected":false},"author":6,"featured_media":30889367,"comment_status":"closed","ping_status":"open","sticky":false,"template":"","format":"standard","meta":{"_monsterinsights_skip_tracking":false,"_monsterinsights_sitenote_active":false,"_monsterinsights_sitenote_note":"","_monsterinsights_sitenote_category":0,"footnotes":""},"categories":[6],"tags":[1973,973,21,6610,4021,888,1030,7775,5309,38],"class_list":["post-30889366","post","type-post","status-publish","format-standard","has-post-thumbnail","hentry","category-institucional","tag-docencia","tag-doctorado","tag-estudiantes","tag-excelencia-docente","tag-francisco-oliva-blazquez","tag-merito-deportivo","tag-premios","tag-premios-a-los-mejores-expedientes-academicos","tag-premios-docentia","tag-rector"],"_links":{"self":[{"href":"https:\/\/www.upo.es\/diario\/wp-json\/wp\/v2\/posts\/30889366","targetHints":{"allow":["GET"]}}],"collection":[{"href":"https:\/\/www.upo.es\/diario\/wp-json\/wp\/v2\/posts"}],"about":[{"href":"https:\/\/www.upo.es\/diario\/wp-json\/wp\/v2\/types\/post"}],"author":[{"embeddable":true,"href":"https:\/\/www.upo.es\/diario\/wp-json\/wp\/v2\/users\/6"}],"replies":[{"embeddable":true,"href":"https:\/\/www.upo.es\/diario\/wp-json\/wp\/v2\/comments?post=30889366"}],"version-history":[{"count":7,"href":"https:\/\/www.upo.es\/diario\/wp-json\/wp\/v2\/posts\/30889366\/revisions"}],"predecessor-version":[{"id":30889393,"href":"https:\/\/www.upo.es\/diario\/wp-json\/wp\/v2\/posts\/30889366\/revisions\/30889393"}],"wp:featuredmedia":[{"embeddable":true,"href":"https:\/\/www.upo.es\/diario\/wp-json\/wp\/v2\/media\/30889367"}],"wp:attachment":[{"href":"https:\/\/www.upo.es\/diario\/wp-json\/wp\/v2\/media?parent=30889366"}],"wp:term":[{"taxonomy":"category","embeddable":true,"href":"https:\/\/www.upo.es\/diario\/wp-json\/wp\/v2\/categories?post=30889366"},{"taxonomy":"post_tag","embeddable":true,"href":"https:\/\/www.upo.es\/diario\/wp-json\/wp\/v2\/tags?post=30889366"}],"curies":[{"name":"wp","href":"https:\/\/api.w.org\/{rel}","templated":true}]}}