{"id":30889401,"date":"2025-12-16T18:41:16","date_gmt":"2025-12-16T17:41:16","guid":{"rendered":"https:\/\/www.upo.es\/diario\/?p=30889401"},"modified":"2025-12-18T15:34:51","modified_gmt":"2025-12-18T14:34:51","slug":"las-universidades-rechazan-los-recortes-de-la-junta","status":"publish","type":"post","link":"https:\/\/www.upo.es\/diario\/institucional\/2025\/12\/las-universidades-rechazan-los-recortes-de-la-junta\/","title":{"rendered":"Las universidades rechazan los recortes de la Junta"},"content":{"rendered":"<figure id=\"attachment_30889402\" aria-describedby=\"caption-attachment-30889402\" style=\"width: 750px\" class=\"wp-caption aligncenter\"><a href=\"https:\/\/www.upo.es\/diario\/wp-content\/uploads\/2025\/12\/Paco-Oliva-y-Juanma-Moreno-en-la-apertura-del-curso-academico-2025-2026-scaled.jpeg\"><img loading=\"lazy\" decoding=\"async\" class=\"size-large wp-image-30889402\" src=\"https:\/\/www.upo.es\/diario\/wp-content\/uploads\/2025\/12\/Paco-Oliva-y-Juanma-Moreno-en-la-apertura-del-curso-academico-2025-2026-750x500.jpeg\" alt=\"Francisco Oliva y Juan Manuel Moreno en la Apertura del Curso 2025\/26\" width=\"750\" height=\"500\" srcset=\"https:\/\/www.upo.es\/diario\/wp-content\/uploads\/2025\/12\/Paco-Oliva-y-Juanma-Moreno-en-la-apertura-del-curso-academico-2025-2026-750x500.jpeg 750w, https:\/\/www.upo.es\/diario\/wp-content\/uploads\/2025\/12\/Paco-Oliva-y-Juanma-Moreno-en-la-apertura-del-curso-academico-2025-2026-420x280.jpeg 420w, https:\/\/www.upo.es\/diario\/wp-content\/uploads\/2025\/12\/Paco-Oliva-y-Juanma-Moreno-en-la-apertura-del-curso-academico-2025-2026-768x512.jpeg 768w, https:\/\/www.upo.es\/diario\/wp-content\/uploads\/2025\/12\/Paco-Oliva-y-Juanma-Moreno-en-la-apertura-del-curso-academico-2025-2026-1536x1024.jpeg 1536w, https:\/\/www.upo.es\/diario\/wp-content\/uploads\/2025\/12\/Paco-Oliva-y-Juanma-Moreno-en-la-apertura-del-curso-academico-2025-2026-2048x1365.jpeg 2048w, https:\/\/www.upo.es\/diario\/wp-content\/uploads\/2025\/12\/Paco-Oliva-y-Juanma-Moreno-en-la-apertura-del-curso-academico-2025-2026-165x109.jpeg 165w, https:\/\/www.upo.es\/diario\/wp-content\/uploads\/2025\/12\/Paco-Oliva-y-Juanma-Moreno-en-la-apertura-del-curso-academico-2025-2026-1320x880.jpeg 1320w\" sizes=\"auto, (max-width: 750px) 100vw, 750px\" \/><\/a><figcaption id=\"caption-attachment-30889402\" class=\"wp-caption-text\">Francisco Oliva y Juan Manuel Moreno en la Apertura del Curso Universitario 2025\/26<\/figcaption><\/figure>\n<p>Despu\u00e9s de meses de negociaci\u00f3n, las universidades andaluzas han mostrado su desacuerdo mayoritario con el segundo reparto del presupuesto universitario de 2025 en el Consejo Andaluz de Universidades celebrado hoy. En este sentido, la Orden de reparto propuesta por la Consejer\u00eda no ha obtenido el voto favorable de las instituciones acad\u00e9micas.<\/p>\n<p>De esta manera, las negociaciones que se ven\u00edan desarrollando no han fructificado, al no haberse incluido, entre otros conceptos, la partida de 16 millones comprometida durante la apertura del curso por el presidente de la Junta, Juan Manuel Moreno.<\/p>\n<p>Ante el incumplimiento del modelo de financiaci\u00f3n aprobado por la Administraci\u00f3n auton\u00f3mica en 2023, las universidades han recordado la obligaci\u00f3n legal que tiene la Junta de Andaluc\u00eda de cumplir con lo que aprob\u00f3 su propio Consejo de Gobierno. Asimismo, denuncian que \u00abel pago de 37 millones en conceptos retributivos, como si fueran proyectos estrat\u00e9gicos no consolidables, no se sostiene jur\u00eddicamente\u00bb, ha declarado el portavoz de las universidades.<\/p>\n<p>Por su parte, Francisco Oliva ha manifestado su decepci\u00f3n con el Gobierno andaluz, \u00abque sigue reduciendo la financiaci\u00f3n relativa de la educaci\u00f3n p\u00fablica, con unos presupuestos que ya ni siquiera alcanzan para pagar las n\u00f3minas en muchos casos\u00bb.<\/p>\n<p>Desde el sistema universitario p\u00fablico andaluz alertan del progresivo deterioro al que aboca este reparto de financiaci\u00f3n claramente insuficiente. Adem\u00e1s, conminan a la Consejer\u00eda a retomar una senda de financiaci\u00f3n efectiva, que permita cumplir el modelo de financiaci\u00f3n en todos sus t\u00e9rminos, as\u00ed como los acuerdos suscritos por los representantes del Gobierno andaluz.<\/p>\n","protected":false},"excerpt":{"rendered":"<p>El portavoz de las universidades andaluzas, Paco Oliva, ha denunciado que en 2025 se volver\u00e1 a incumplir el modelo de financiaci\u00f3n por segundo a\u00f1o consecutivo.<\/p>\n","protected":false},"author":6,"featured_media":30884666,"comment_status":"closed","ping_status":"open","sticky":false,"template":"","format":"standard","meta":{"_monsterinsights_skip_tracking":false,"_monsterinsights_sitenote_active":false,"_monsterinsights_sitenote_note":"","_monsterinsights_sitenote_category":0,"footnotes":""},"categories":[6],"tags":[2842,874,4021,5888,203,7415,8621,38,9052],"class_list":["post-30889401","post","type-post","status-publish","format-standard","has-post-thumbnail","hentry","category-institucional","tag-aupa","tag-financiacion","tag-francisco-oliva-blazquez","tag-juanma-moreno","tag-junta-de-andalucia","tag-modelo-de-financiacion","tag-portada","tag-rector","tag-universidades-publicas-de-andalucia"],"_links":{"self":[{"href":"https:\/\/www.upo.es\/diario\/wp-json\/wp\/v2\/posts\/30889401","targetHints":{"allow":["GET"]}}],"collection":[{"href":"https:\/\/www.upo.es\/diario\/wp-json\/wp\/v2\/posts"}],"about":[{"href":"https:\/\/www.upo.es\/diario\/wp-json\/wp\/v2\/types\/post"}],"author":[{"embeddable":true,"href":"https:\/\/www.upo.es\/diario\/wp-json\/wp\/v2\/users\/6"}],"replies":[{"embeddable":true,"href":"https:\/\/www.upo.es\/diario\/wp-json\/wp\/v2\/comments?post=30889401"}],"version-history":[{"count":2,"href":"https:\/\/www.upo.es\/diario\/wp-json\/wp\/v2\/posts\/30889401\/revisions"}],"predecessor-version":[{"id":30889404,"href":"https:\/\/www.upo.es\/diario\/wp-json\/wp\/v2\/posts\/30889401\/revisions\/30889404"}],"wp:featuredmedia":[{"embeddable":true,"href":"https:\/\/www.upo.es\/diario\/wp-json\/wp\/v2\/media\/30884666"}],"wp:attachment":[{"href":"https:\/\/www.upo.es\/diario\/wp-json\/wp\/v2\/media?parent=30889401"}],"wp:term":[{"taxonomy":"category","embeddable":true,"href":"https:\/\/www.upo.es\/diario\/wp-json\/wp\/v2\/categories?post=30889401"},{"taxonomy":"post_tag","embeddable":true,"href":"https:\/\/www.upo.es\/diario\/wp-json\/wp\/v2\/tags?post=30889401"}],"curies":[{"name":"wp","href":"https:\/\/api.w.org\/{rel}","templated":true}]}}