{"id":30889406,"date":"2025-12-17T10:49:43","date_gmt":"2025-12-17T09:49:43","guid":{"rendered":"https:\/\/www.upo.es\/diario\/?p=30889406"},"modified":"2026-02-09T10:36:03","modified_gmt":"2026-02-09T09:36:03","slug":"presupuesto-2026-planificacion-garantizar-calidad-servicios-esenciales","status":"publish","type":"post","link":"https:\/\/www.upo.es\/diario\/institucional\/2025\/12\/presupuesto-2026-planificacion-garantizar-calidad-servicios-esenciales\/","title":{"rendered":"La Olavide aprueba 122,3 M\u20ac para 2026 con una planificaci\u00f3n orientada a garantizar la calidad y la continuidad de servicios esenciales"},"content":{"rendered":"<figure id=\"attachment_30889408\" aria-describedby=\"caption-attachment-30889408\" style=\"width: 750px\" class=\"wp-caption aligncenter\"><a href=\"https:\/\/www.upo.es\/diario\/wp-content\/uploads\/2025\/12\/Consejo-Social-UPO_20251216-2-scaled.jpg\"><img loading=\"lazy\" decoding=\"async\" class=\"size-large wp-image-30889408\" src=\"https:\/\/www.upo.es\/diario\/wp-content\/uploads\/2025\/12\/Consejo-Social-UPO_20251216-2-750x338.jpg\" alt=\"Sesi\u00f3n del Consejo Social celebrada este martes en el Rectorado\" width=\"750\" height=\"338\" srcset=\"https:\/\/www.upo.es\/diario\/wp-content\/uploads\/2025\/12\/Consejo-Social-UPO_20251216-2-750x338.jpg 750w, https:\/\/www.upo.es\/diario\/wp-content\/uploads\/2025\/12\/Consejo-Social-UPO_20251216-2-420x189.jpg 420w, https:\/\/www.upo.es\/diario\/wp-content\/uploads\/2025\/12\/Consejo-Social-UPO_20251216-2-768x346.jpg 768w, https:\/\/www.upo.es\/diario\/wp-content\/uploads\/2025\/12\/Consejo-Social-UPO_20251216-2-1536x691.jpg 1536w, https:\/\/www.upo.es\/diario\/wp-content\/uploads\/2025\/12\/Consejo-Social-UPO_20251216-2-2048x922.jpg 2048w, https:\/\/www.upo.es\/diario\/wp-content\/uploads\/2025\/12\/Consejo-Social-UPO_20251216-2-1320x594.jpg 1320w\" sizes=\"auto, (max-width: 750px) 100vw, 750px\" \/><\/a><figcaption id=\"caption-attachment-30889408\" class=\"wp-caption-text\">Sesi\u00f3n del Consejo Social celebrada este martes en el Rectorado<\/figcaption><\/figure>\n<p>El Consejo Social de la Pablo de Olavide ha aprobado este martes, en una sesi\u00f3n presidida por <strong>Iv\u00e1n Pesta\u00f1a Ruiz<\/strong>, presidente en funciones, y por el rector <strong>Francisco Oliva Bl\u00e1zquez<\/strong>, el presupuesto para el ejercicio 2026 de la Universidad que, <strong>con un incremento del 6,27% respecto a 2025 (+7.212.708,64 euros), contempla un total de 122.300.595,02 euros en su estado de ingresos y gastos<\/strong>.<\/p>\n<figure id=\"attachment_30889409\" aria-describedby=\"caption-attachment-30889409\" style=\"width: 420px\" class=\"wp-caption alignright\"><a href=\"https:\/\/www.upo.es\/diario\/wp-content\/uploads\/2025\/12\/Consejo-Social-UPO_20251216-scaled.jpg\"><img loading=\"lazy\" decoding=\"async\" class=\"wp-image-30889409 size-medium\" src=\"https:\/\/www.upo.es\/diario\/wp-content\/uploads\/2025\/12\/Consejo-Social-UPO_20251216-420x236.jpg\" alt=\"Iv\u00e1n Pesta\u00f1a y Francisco Oliva durante el Consejo Social\" width=\"420\" height=\"236\" srcset=\"https:\/\/www.upo.es\/diario\/wp-content\/uploads\/2025\/12\/Consejo-Social-UPO_20251216-420x236.jpg 420w, https:\/\/www.upo.es\/diario\/wp-content\/uploads\/2025\/12\/Consejo-Social-UPO_20251216-750x422.jpg 750w, https:\/\/www.upo.es\/diario\/wp-content\/uploads\/2025\/12\/Consejo-Social-UPO_20251216-768x432.jpg 768w, https:\/\/www.upo.es\/diario\/wp-content\/uploads\/2025\/12\/Consejo-Social-UPO_20251216-1536x864.jpg 1536w, https:\/\/www.upo.es\/diario\/wp-content\/uploads\/2025\/12\/Consejo-Social-UPO_20251216-2048x1152.jpg 2048w, https:\/\/www.upo.es\/diario\/wp-content\/uploads\/2025\/12\/Consejo-Social-UPO_20251216-1320x743.jpg 1320w\" sizes=\"auto, (max-width: 420px) 100vw, 420px\" \/><\/a><figcaption id=\"caption-attachment-30889409\" class=\"wp-caption-text\">Iv\u00e1n Pesta\u00f1a y Francisco Oliva durante el Consejo Social<\/figcaption><\/figure>\n<p>Este crecimiento se explica, principalmente, por el mayor coste del cap\u00edtulo de personal, asociado a las subidas retributivas previstas por la Administraci\u00f3n General del Estado, la aplicaci\u00f3n de acuerdos sectoriales, el crecimiento vegetativo de la plantilla y la incorporaci\u00f3n de personal contratado a trav\u00e9s del Programa Mar\u00eda Goyri, dise\u00f1ado para reforzar la estabilidad del personal docente con nuevas plazas de Profesorado Ayudante Doctor. Asimismo, el presupuesto incorpora un incremento en gastos de funcionamiento y para la prestaci\u00f3n de servicios universitarios, en un contexto de evoluci\u00f3n general de precios.<\/p>\n<p>En un <strong>entorno presupuestario y financiero desafiante<\/strong> \u2014el proyecto de Ley de Presupuestos para 2026 para Andaluc\u00eda no incorpora para las universidades p\u00fablicas gastos para el mantenimiento de las infraestructuras ni inversiones en equipamientos de docencia e investigaci\u00f3n\u2014, <strong>las cuentas del pr\u00f3ximo a\u00f1o han sido elaboradas desde un planteamiento prudente, orientado a garantizar la continuidad y calidad de los servicios esenciales, con especial atenci\u00f3n al mantenimiento de infraestructuras y al refuerzo del equipamiento tecnol\u00f3gico<\/strong>, en un escenario condicionado por la falta de certidumbres sobre la financiaci\u00f3n final.<\/p>\n<p>Para su formulaci\u00f3n, se ha tomado en consideraci\u00f3n el Proyecto de ley de Presupuestos de la Comunidad Aut\u00f3noma de Andaluc\u00eda 2026, las bases del modelo de financiaci\u00f3n y la previsi\u00f3n de reparto de financiaci\u00f3n acordado.<\/p>\n<h3><strong>Ingresos: previsiones seg\u00fan la cl\u00e1usula de salvaguarda y coeficiente de actualizaci\u00f3n<\/strong><\/h3>\n<p>La previsi\u00f3n del aumento en la financiaci\u00f3n b\u00e1sica, conforme al <a href=\"https:\/\/www.juntadeandalucia.es\/boja\/2023\/183\/4\">Modelo de Financiaci\u00f3n 2023-2027<\/a>, se basa en la cl\u00e1usula de salvaguarda, que garantiza el 100% de la financiaci\u00f3n del a\u00f1o anterior m\u00e1s las subidas salariales, y el coeficiente anual de actualizaci\u00f3n, dise\u00f1ado para equilibrar los aumentos en gastos de bienes y servicios. En 2026 asciende a 93.787.443,91 euros, presupuestados en los cap\u00edtulos de ingresos III, IV y VII.<\/p>\n<p>La estructura de ingresos prevista refleja que <strong>los recursos propios alcanzan 14.119.920,47 euros<\/strong> (cap\u00edtulos III, V y VIII), lo que representa el 11,55% del total inicialmente disponible, mientras que la financiaci\u00f3n ajena se sit\u00faa en 108.180.674,55 euros (cap\u00edtulos IV, VII y IX), equivalente al 88,45%.<\/p>\n<p>Entre las principales magnitudes por cap\u00edtulos, el cap\u00edtulo III (tasas, precios p\u00fablicos y otros ingresos) se sit\u00faa en 13.466.357,78 euros, con un incremento del 3,03%; el cap\u00edtulo IV (transferencias corrientes) alcanza 88.834.728,47 euros, con un aumento del 12,01%, concentrando la mayor parte de la financiaci\u00f3n b\u00e1sica; el cap\u00edtulo V (ingresos patrimoniales) asciende a 593.562,69 euros, un 7% m\u00e1s vinculado, entre otros elementos, a la optimizaci\u00f3n de tesorer\u00eda; y el cap\u00edtulo VII (transferencias de capital) suma 19.345.946,08 euros, con una disminuci\u00f3n del 12,45%, atribuida principalmente a la previsi\u00f3n de cr\u00e9ditos afectados relacionados con investigaci\u00f3n.<\/p>\n<h3><strong>Gastos: predominio de operaciones corrientes<\/strong><\/h3>\n<p>En el estado de gastos, <strong>las operaciones corrientes ascienden a 104.635.076,69 euros (cap\u00edtulos I a IV), lo que representa el 85,56% del total<\/strong>. El cap\u00edtulo I de gastos de personal alcanza los 80.136.556,86 euros que representa un 65,52% sobre el total. Estos gastos se dividen en un 70,96% para Personal Docente e Investigador (PDI) y un 28,70% para Personal T\u00e9cnico, de Gesti\u00f3n y de Administraci\u00f3n y Servicios (PTGAS), m\u00e1s un 0,34% correspondiente a acci\u00f3n social.<\/p>\n<p>Asimismo destacan entre los cap\u00edtulos m\u00e1s extensos el de bienes y servicios, que asciende a 18.177.525,33 euros, lo que supone el 14,86% del total, con una reducci\u00f3n del 0,87% explicada por la reorientaci\u00f3n de recursos hacia el refuerzo de infraestructuras a trav\u00e9s de otros cap\u00edtulos; el cap\u00edtulo IV (transferencias corrientes) se sit\u00faa en 6.197.154,21 euros, el 5,07% del gasto, con una disminuci\u00f3n del 3,65% respecto a 2025; y las operaciones de capital alcanzan 17.665.518,33 euros (cap\u00edtulos VI, VIII y IX), el 14,44% del total, con inversiones reales por 16.933.456,36 euros; dentro de estas inversiones, se prev\u00e9 un incremento del 2,85% y destaca el aumento de dotaci\u00f3n con fondos propios para infraestructuras digitales (253.853,49 euros) y renovaci\u00f3n de edificios (1.501.490,59 euros), que incluye la cofinanciaci\u00f3n del edificio \u2018Central T\u00e9rmica\u2019<\/p>\n<h3><strong>Una planificaci\u00f3n marcada por la incertidumbre<\/strong><\/h3>\n<p>El ejercicio presupuestario de 2026 se ha formulado en un escenario marcado por una ausencia de certidumbres que condiciona la planificaci\u00f3n de la Universidad Pablo de Olavide. <strong>A pesar de que el modelo de financiaci\u00f3n 2023-2027 ofrece un marco te\u00f3rico claro, la falta de definici\u00f3n sobre la financiaci\u00f3n final impide dise\u00f1ar pol\u00edticas de medio y largo alcance con la estabilidad que una instituci\u00f3n universitaria requiere<\/strong>. La llegada tard\u00eda de partidas esenciales, y en ocasiones insuficientes, dificulta en gran medida impulsar inversiones en \u00e1mbitos clave como infraestructuras, tecnolog\u00edas o investigaci\u00f3n, y menoscaba la capacidad de mantener una oferta acad\u00e9mica de calidad y la actividad investigadora que la sociedad andaluza demanda y merece.<\/p>\n","protected":false},"excerpt":{"rendered":"<p>El Consejo Social de la Pablo de Olavide ha aprobado este martes, en una sesi\u00f3n presidida por Iv\u00e1n Pesta\u00f1a Ruiz, presidente en funciones, y por el rector Francisco Oliva Bl\u00e1zquez, el presupuesto para el ejercicio 2026 de la Universidad que, con un incremento del 6,27% respecto a 2025 (+7.212.708,64 euros), contempla un total de 122.300.595,02 euros en su estado de ingresos y gastos.<\/p>\n","protected":false},"author":6,"featured_media":30889409,"comment_status":"closed","ping_status":"open","sticky":false,"template":"","format":"standard","meta":{"_monsterinsights_skip_tracking":false,"_monsterinsights_sitenote_active":false,"_monsterinsights_sitenote_note":"","_monsterinsights_sitenote_category":0,"footnotes":""},"categories":[6],"tags":[112,2134,1973,874,4021,6611,9236,203,7415,113,199,9052],"class_list":["post-30889406","post","type-post","status-publish","format-standard","has-post-thumbnail","hentry","category-institucional","tag-consejo-social","tag-digitalizacion","tag-docencia","tag-financiacion","tag-francisco-oliva-blazquez","tag-infraestraucturas","tag-ivan-pestana-ruiz","tag-junta-de-andalucia","tag-modelo-de-financiacion","tag-presupuesto","tag-profesorado","tag-universidades-publicas-de-andalucia"],"_links":{"self":[{"href":"https:\/\/www.upo.es\/diario\/wp-json\/wp\/v2\/posts\/30889406","targetHints":{"allow":["GET"]}}],"collection":[{"href":"https:\/\/www.upo.es\/diario\/wp-json\/wp\/v2\/posts"}],"about":[{"href":"https:\/\/www.upo.es\/diario\/wp-json\/wp\/v2\/types\/post"}],"author":[{"embeddable":true,"href":"https:\/\/www.upo.es\/diario\/wp-json\/wp\/v2\/users\/6"}],"replies":[{"embeddable":true,"href":"https:\/\/www.upo.es\/diario\/wp-json\/wp\/v2\/comments?post=30889406"}],"version-history":[{"count":4,"href":"https:\/\/www.upo.es\/diario\/wp-json\/wp\/v2\/posts\/30889406\/revisions"}],"predecessor-version":[{"id":30889412,"href":"https:\/\/www.upo.es\/diario\/wp-json\/wp\/v2\/posts\/30889406\/revisions\/30889412"}],"wp:featuredmedia":[{"embeddable":true,"href":"https:\/\/www.upo.es\/diario\/wp-json\/wp\/v2\/media\/30889409"}],"wp:attachment":[{"href":"https:\/\/www.upo.es\/diario\/wp-json\/wp\/v2\/media?parent=30889406"}],"wp:term":[{"taxonomy":"category","embeddable":true,"href":"https:\/\/www.upo.es\/diario\/wp-json\/wp\/v2\/categories?post=30889406"},{"taxonomy":"post_tag","embeddable":true,"href":"https:\/\/www.upo.es\/diario\/wp-json\/wp\/v2\/tags?post=30889406"}],"curies":[{"name":"wp","href":"https:\/\/api.w.org\/{rel}","templated":true}]}}