{"id":30889418,"date":"2025-12-17T15:25:19","date_gmt":"2025-12-17T14:25:19","guid":{"rendered":"https:\/\/www.upo.es\/diario\/?p=30889418"},"modified":"2025-12-17T15:25:19","modified_gmt":"2025-12-17T14:25:19","slug":"sociologia-para-el-dia-a-dia-celebra-su-programa-numero-cincuenta-entrevistando-al-escritor-isaac-rosa","status":"publish","type":"post","link":"https:\/\/www.upo.es\/diario\/podcast\/2025\/12\/sociologia-para-el-dia-a-dia-celebra-su-programa-numero-cincuenta-entrevistando-al-escritor-isaac-rosa\/","title":{"rendered":"\u2018Sociolog\u00eda para el d\u00eda a d\u00eda\u2019 celebra su programa n\u00famero cincuenta entrevistando al escritor Isaac Rosa"},"content":{"rendered":"<figure id=\"attachment_30889425\" aria-describedby=\"caption-attachment-30889425\" style=\"width: 750px\" class=\"wp-caption aligncenter\"><a href=\"https:\/\/www.upo.es\/diario\/wp-content\/uploads\/2025\/12\/Isaac-Rosa_Luis-Navarro.jpg\"><img loading=\"lazy\" decoding=\"async\" class=\"wp-image-30889425 size-large\" src=\"https:\/\/www.upo.es\/diario\/wp-content\/uploads\/2025\/12\/Isaac-Rosa_Luis-Navarro-750x500.jpg\" alt=\"Isaac Rosa y Luis Navarro durante el programa\" width=\"750\" height=\"500\" srcset=\"https:\/\/www.upo.es\/diario\/wp-content\/uploads\/2025\/12\/Isaac-Rosa_Luis-Navarro-750x500.jpg 750w, https:\/\/www.upo.es\/diario\/wp-content\/uploads\/2025\/12\/Isaac-Rosa_Luis-Navarro-420x280.jpg 420w, https:\/\/www.upo.es\/diario\/wp-content\/uploads\/2025\/12\/Isaac-Rosa_Luis-Navarro-768x512.jpg 768w, https:\/\/www.upo.es\/diario\/wp-content\/uploads\/2025\/12\/Isaac-Rosa_Luis-Navarro-165x109.jpg 165w, https:\/\/www.upo.es\/diario\/wp-content\/uploads\/2025\/12\/Isaac-Rosa_Luis-Navarro-1320x880.jpg 1320w, https:\/\/www.upo.es\/diario\/wp-content\/uploads\/2025\/12\/Isaac-Rosa_Luis-Navarro.jpg 1530w\" sizes=\"auto, (max-width: 750px) 100vw, 750px\" \/><\/a><figcaption id=\"caption-attachment-30889425\" class=\"wp-caption-text\">Isaac Rosa y Luis Navarro durante el programa<\/figcaption><\/figure>\n<p><strong>Con motivo de sus cincuenta programas <em>Sociolog\u00eda para el d\u00eda a d\u00eda<\/em> ha entrevistado al novelista y periodista sevillano Isaac Rosa<\/strong>, en un programa presentado por Luis Navarro, profesor titular de la Universidad Pablo de Olavide. Durante la entrevista Rosa ha destacado como los temas que trata en sus obras usan \u00abuna sociolog\u00eda de andar por casa\u00bb; ya que su conciencia \u00abcr\u00edtica y de clase\u00bb le impulsa a incorporar una perspectiva donde las desigualdades sociales est\u00e1n muy presentes.<\/p>\n<p>Su \u00faltima novela, <em>Las buenas noches<\/em> (2025), se centra en un acto \u00abtan \u00edntimo e individual como es el descanso\u00bb, conect\u00e1ndolo con el insomnio como un problema colectivo. <strong><em>Las buenas noches<\/em> realiza una apuesta &#8216;sugerente&#8217;: partir del insomnio para hablarnos de c\u00f3mo vivimos y qu\u00e9 nos est\u00e1 pasando como sociedad<\/strong>. Como se\u00f1ala el autor, \u00abque Espa\u00f1a sea el pa\u00eds del mundo que m\u00e1s benzodiacepinas consume describe a una sociedad enferma\u00bb; a lo que a\u00f1ade, \u00absi hubiera una pol\u00edtica p\u00fablica de vivienda ambiciosa y que resolviera la crisis que tenemos, seguramente habr\u00eda gente que dormir\u00eda mejor\u00bb.<\/p>\n<p>Durante la grabaci\u00f3n del programa Luis Navarro le interpela sobre la construcci\u00f3n de sus personajes que logan \u00abencarnar lo colectivo, sin perder singularidad\u00bb. Rosa a\u00f1ade y reflexiona sobre la concepci\u00f3n social del descanso como \u00abuna p\u00e9rdida de tiempo, donde el capitalismo ha logrado abrir una brecha y vender productos \u2014cosm\u00e9ticos, m\u00e9tricas del sue\u00f1o, etc.\u2014 que aprovechen el coste de oportunidad que supone descansar de noche\u00bb; profundizando en un acto tan cotidiano como dormir, que encierra una dimensi\u00f3n social mucho m\u00e1s amplia de lo que a simple vista podr\u00eda parecer.<\/p>\n<p>Rosa se ha posicionado como una de las voces m\u00e1s destacadas de la literatura espa\u00f1ola por su manera de mirar el presente desde lo cotidiano y lo social, marcada por la mirada cr\u00edtica sobre la sociedad contempor\u00e1nea, la memoria hist\u00f3rica y las formas de desigualdad y malestar en la vida cotidiana. Columnista habitual en eldiario.es y otros medios, combina un estilo claro de escritura con tramas que convierten problemas colectivos \u2014trabajo, miedo, precariedad\u2014 en experiencias narrativas cercanas. Entre sus t\u00edtulos m\u00e1s conocidos destacan <em>El vano ayer<\/em>, <em>El pa\u00eds del miedo<\/em>, <em>La mano invisible<\/em> y <em>Feliz final<\/em>. En 2022 obtuvo el Premio Biblioteca Breve por <em>Lugar seguro<\/em>.<\/p>\n<p><strong><em>Sociolog\u00eda para el d\u00eda a d\u00eda. De la academia a la pr\u00e1ctica cotidiana<\/em><\/strong> es un programa de <strong>RadiOlavide<\/strong> dirigido por Luis Navarro Ardoy y Javier \u00c1guila D\u00edaz creado para divulgar sociolog\u00eda abordando tem\u00e1ticas de actualidad tales como las cifras negras del delito, el poliamor y el amor l\u00edquido, los tipos de carisma y de dominaci\u00f3n, el veganismo y las falsas noticias y medias verdades. Desde su creaci\u00f3n en 2023, han participado en el programa 118 personas, entre estudiantes, profesorado y personal investigador.<\/p>\n<p>Este programa especial se puede escuchar en formato podcast a trav\u00e9s del siguiente enlace: <a href=\"https:\/\/upotv.upo.es\/video\/69400893abe3c6a4338b4568\"><strong>https:\/\/upotv.upo.es\/video\/69400893abe3c6a4338b4568<\/strong><\/a><br \/>\n<iframe loading=\"lazy\" id=\"pumukitiframe\" src=\"https:\/\/upotv.upo.es\/iframe\/69400893abe3c6a4338b4568\" width=\"560\" height=\"315\" frameborder=\"0\" allowfullscreen=\"allowfullscreen\"><\/iframe><\/p>\n<p>Fuente: Fundaci\u00f3n Universidad Pablo de Olavide<\/p>\n","protected":false},"excerpt":{"rendered":"<p>Con motivo de sus cincuenta programas Sociolog\u00eda para el d\u00eda a d\u00eda ha entrevistado al novelista y periodista sevillano Isaac Rosa, en un programa presentado por Luis Navarro, profesor titular de la Universidad Pablo de Olavide. Durante la entrevista Rosa ha destacado como los temas que trata en sus obras usan \u00abuna sociolog\u00eda de andar por casa\u00bb; ya que su conciencia \u00abcr\u00edtica y de clase\u00bb le impulsa a incorporar una perspectiva donde las desigualdades sociales est\u00e1n muy presentes.<\/p>\n","protected":false},"author":6,"featured_media":30889425,"comment_status":"closed","ping_status":"open","sticky":false,"template":"","format":"video","meta":{"_monsterinsights_skip_tracking":false,"_monsterinsights_sitenote_active":false,"_monsterinsights_sitenote_note":"","_monsterinsights_sitenote_category":0,"footnotes":""},"categories":[8145],"tags":[5231,401,7066,3784],"class_list":["post-30889418","post","type-post","status-publish","format-video","has-post-thumbnail","hentry","category-podcast","tag-area-de-sociologia","tag-literatura","tag-luis-navarro-ardoy","tag-radiolavide","post_format-post-format-video"],"_links":{"self":[{"href":"https:\/\/www.upo.es\/diario\/wp-json\/wp\/v2\/posts\/30889418","targetHints":{"allow":["GET"]}}],"collection":[{"href":"https:\/\/www.upo.es\/diario\/wp-json\/wp\/v2\/posts"}],"about":[{"href":"https:\/\/www.upo.es\/diario\/wp-json\/wp\/v2\/types\/post"}],"author":[{"embeddable":true,"href":"https:\/\/www.upo.es\/diario\/wp-json\/wp\/v2\/users\/6"}],"replies":[{"embeddable":true,"href":"https:\/\/www.upo.es\/diario\/wp-json\/wp\/v2\/comments?post=30889418"}],"version-history":[{"count":3,"href":"https:\/\/www.upo.es\/diario\/wp-json\/wp\/v2\/posts\/30889418\/revisions"}],"predecessor-version":[{"id":30889427,"href":"https:\/\/www.upo.es\/diario\/wp-json\/wp\/v2\/posts\/30889418\/revisions\/30889427"}],"wp:featuredmedia":[{"embeddable":true,"href":"https:\/\/www.upo.es\/diario\/wp-json\/wp\/v2\/media\/30889425"}],"wp:attachment":[{"href":"https:\/\/www.upo.es\/diario\/wp-json\/wp\/v2\/media?parent=30889418"}],"wp:term":[{"taxonomy":"category","embeddable":true,"href":"https:\/\/www.upo.es\/diario\/wp-json\/wp\/v2\/categories?post=30889418"},{"taxonomy":"post_tag","embeddable":true,"href":"https:\/\/www.upo.es\/diario\/wp-json\/wp\/v2\/tags?post=30889418"}],"curies":[{"name":"wp","href":"https:\/\/api.w.org\/{rel}","templated":true}]}}