{"id":30889419,"date":"2025-12-17T15:17:18","date_gmt":"2025-12-17T14:17:18","guid":{"rendered":"https:\/\/www.upo.es\/diario\/?p=30889419"},"modified":"2025-12-22T11:34:20","modified_gmt":"2025-12-22T10:34:20","slug":"el-profesor-de-la-upo-manuel-jose-garcia-publica-una-guia-sobre-buenas-practicas-para-proteger-a-la-infancia-victima-de-violencia-sexual","status":"publish","type":"post","link":"https:\/\/www.upo.es\/diario\/docencia-formacion\/2025\/12\/el-profesor-de-la-upo-manuel-jose-garcia-publica-una-guia-sobre-buenas-practicas-para-proteger-a-la-infancia-victima-de-violencia-sexual\/","title":{"rendered":"El profesor de la UPO Manuel Jos\u00e9 Garc\u00eda publica una gu\u00eda sobre buenas pr\u00e1cticas para proteger a la infancia v\u00edctima de violencia sexual"},"content":{"rendered":"<figure id=\"attachment_30889420\" aria-describedby=\"caption-attachment-30889420\" style=\"width: 315px\" class=\"wp-caption alignright\"><a href=\"https:\/\/www.upo.es\/diario\/wp-content\/uploads\/2025\/12\/Foto_ManuelJoseGarciaRodriguez-scaled.jpg\"><img loading=\"lazy\" decoding=\"async\" class=\"size-medium wp-image-30889420\" src=\"https:\/\/www.upo.es\/diario\/wp-content\/uploads\/2025\/12\/Foto_ManuelJoseGarciaRodriguez-315x420.jpg\" alt=\"\" width=\"315\" height=\"420\" srcset=\"https:\/\/www.upo.es\/diario\/wp-content\/uploads\/2025\/12\/Foto_ManuelJoseGarciaRodriguez-315x420.jpg 315w, https:\/\/www.upo.es\/diario\/wp-content\/uploads\/2025\/12\/Foto_ManuelJoseGarciaRodriguez-394x525.jpg 394w, https:\/\/www.upo.es\/diario\/wp-content\/uploads\/2025\/12\/Foto_ManuelJoseGarciaRodriguez-768x1024.jpg 768w, https:\/\/www.upo.es\/diario\/wp-content\/uploads\/2025\/12\/Foto_ManuelJoseGarciaRodriguez-1152x1536.jpg 1152w, https:\/\/www.upo.es\/diario\/wp-content\/uploads\/2025\/12\/Foto_ManuelJoseGarciaRodriguez-1536x2048.jpg 1536w, https:\/\/www.upo.es\/diario\/wp-content\/uploads\/2025\/12\/Foto_ManuelJoseGarciaRodriguez-1320x1760.jpg 1320w, https:\/\/www.upo.es\/diario\/wp-content\/uploads\/2025\/12\/Foto_ManuelJoseGarciaRodriguez-scaled.jpg 1920w\" sizes=\"auto, (max-width: 315px) 100vw, 315px\" \/><\/a><figcaption id=\"caption-attachment-30889420\" class=\"wp-caption-text\">El profesor de la UPO Manuel Jos\u00e9 Garc\u00eda Rodr\u00edguez.<\/figcaption><\/figure>\n<p>El profesor del \u00c1rea de Derecho Penal de la Universidad Pablo de Olavide Manuel Jos\u00e9 Garc\u00eda Rodr\u00edguez ha publicado la monograf\u00eda <strong>\u2018Buenas pr\u00e1cticas para proteger a la infancia y adolescencia v\u00edctima sexual en su declaraci\u00f3n judicial\u2019<\/strong> presentada por el defensor de la Infancia y Adolescencia de Andaluc\u00eda, Jes\u00fas Maeztu Gregorio de Tejada.<\/p>\n<p>La monograf\u00eda, dirigida a profesionales del \u00e1mbito judicial, jur\u00eddico, psicosocial, sanitario y educativo, estudia las diferentes medidas articuladas para proteger a la infancia y adolescencia v\u00edctima de violencia sexual en su declaraci\u00f3n judicial, y propone las buenas pr\u00e1cticas que deben ser observadas por todos los profesionales que participen en ella para dar una respuesta adaptada a sus necesidades con ocasi\u00f3n de sus relaciones con el sistema penal y paliar, de este modo, los riesgos de sufrir una doble victimizaci\u00f3n.<\/p>\n<p>El defensor de la Infancia y Adolescencia de Andaluc\u00eda, <strong>Jes\u00fas Maeztu Gregorio de Tejada<\/strong>, subraya en la presentaci\u00f3n que \u201cel modo en que un ni\u00f1o, ni\u00f1a o adolescente participa en un proceso judicial puede marcar su vida tanto como el propio hecho que motiv\u00f3 la denuncia\u201d, advirtiendo de que la violencia sexual \u201cpuede volver a hacer da\u00f1o si el sistema que debe protegerlos no est\u00e1 preparado para escucharlos con garant\u00edas, sin da\u00f1o a\u00f1adido y con pleno respeto a su dignidad\u201d. En este sentido, destaca que la obra es \u201cuna gu\u00eda \u00fatil para quienes tienen en sus manos la capacidad y la obligaci\u00f3n de garantizar que la declaraci\u00f3n judicial de un menor no se convierta en una nueva forma de violencia\u201d.<\/p>\n<p><a href=\"https:\/\/www.upo.es\/diario\/wp-content\/uploads\/2025\/12\/PortadaLibro_BuenaspracticasprotegerInfancia_Atelier2025-scaled.jpg\"><img loading=\"lazy\" decoding=\"async\" class=\"alignleft size-medium wp-image-30889421\" src=\"https:\/\/www.upo.es\/diario\/wp-content\/uploads\/2025\/12\/PortadaLibro_BuenaspracticasprotegerInfancia_Atelier2025-298x420.jpg\" alt=\"\" width=\"298\" height=\"420\" srcset=\"https:\/\/www.upo.es\/diario\/wp-content\/uploads\/2025\/12\/PortadaLibro_BuenaspracticasprotegerInfancia_Atelier2025-298x420.jpg 298w, https:\/\/www.upo.es\/diario\/wp-content\/uploads\/2025\/12\/PortadaLibro_BuenaspracticasprotegerInfancia_Atelier2025-372x525.jpg 372w, https:\/\/www.upo.es\/diario\/wp-content\/uploads\/2025\/12\/PortadaLibro_BuenaspracticasprotegerInfancia_Atelier2025-768x1083.jpg 768w, https:\/\/www.upo.es\/diario\/wp-content\/uploads\/2025\/12\/PortadaLibro_BuenaspracticasprotegerInfancia_Atelier2025-1089x1536.jpg 1089w, https:\/\/www.upo.es\/diario\/wp-content\/uploads\/2025\/12\/PortadaLibro_BuenaspracticasprotegerInfancia_Atelier2025-1452x2048.jpg 1452w, https:\/\/www.upo.es\/diario\/wp-content\/uploads\/2025\/12\/PortadaLibro_BuenaspracticasprotegerInfancia_Atelier2025-1320x1861.jpg 1320w, https:\/\/www.upo.es\/diario\/wp-content\/uploads\/2025\/12\/PortadaLibro_BuenaspracticasprotegerInfancia_Atelier2025-scaled.jpg 1815w\" sizes=\"auto, (max-width: 298px) 100vw, 298px\" \/><\/a>La obra se estructura en cuatro cap\u00edtulos en los que se abordan los est\u00e1ndares internacionales y europeos destinados a garantizar una eficaz tutela\u00a0 de estos colectivos en el marco del procedimiento judicial; se describe y valora los progresos en el ordenamiento jur\u00eddico espa\u00f1ol para proteger a la infancia y adolescencia v\u00edctima de violencia sexual durante su declaraci\u00f3n judicial, analizando las reformas de la LO\u00a0 8\/2021, LO 10\/2022 y LO 1\/2025; se estudia la nueva regulaci\u00f3n de la prueba preconstituida para facilitar la declaraci\u00f3n de los ni\u00f1os, ni\u00f1as y adolescentes v\u00edctimas en este tipo de casos; y, por \u00faltimo, se analizan las ventajas que ofrece la implantaci\u00f3n del modelo <em>Barnahus<\/em> en Espa\u00f1a, describiendo sus normas de funcionamiento y est\u00e1ndares de calidad para conseguir una justicia amigable y adaptada a la infancia, mediante la cooperaci\u00f3n y coordinaci\u00f3n entre el Estado y las Comunidades Aut\u00f3nomas.<\/p>\n<p>El <strong>monogr\u00e1fico \u2018Buenas pr\u00e1cticas para proteger a la infancia y adolescencia de violencia sexual en su declaraci\u00f3n juridicial\u201d<\/strong> es parte del proyecto de I+D+i \u2018VISPRO-Victimizaci\u00f3n sexual y proceso penal: percepci\u00f3n, protecci\u00f3n, participaci\u00f3n y reparaci\u00f3n (2024-2027) PID2023-150974OBI00\u2019, financiado por el Ministerio de Ciencia, Innovaci\u00f3n y Universidades, desarrollado en el marco del Grupo Interuniversitario e Interdisciplinario de Investigaciones sobre la Criminalidad (SEJ678), contando adem\u00e1s con la ayuda de la Facultad de Derecho de la Universidad Pablo de Olavide.<\/p>\n<p>La monograf\u00eda est\u00e1 disponible en acceso abierto y puede consultarse en: <a href=\"https:\/\/atelieropenaccess.com\/products\/buenas-practicas-para-proteger-a-la-infancia-y-adolescencia-victima-de-violencia-sexual-en-su-declaracion-judicial\">https:\/\/atelieropenaccess.com\/products\/buenas-practicas-para-proteger-a-la-infancia-y-adolescencia-victima-de-violencia-sexual-en-su-declaracion-judicial<\/a><\/p>\n<p><strong>Referencia bibliogr\u00e1fica:<\/strong><\/p>\n<div>\n<p>Garc\u00eda Rodr\u00edguez, M. J. (2025). <strong><i>Buenas pr\u00e1cticas para proteger a la infancia y adolescencia v\u00edctima de violencia sexual en su declaraci\u00f3n judicial<\/i><\/strong>. Atelier <span class=\"url\"><a href=\"https:\/\/doi.org\/10.71237\/g3c17r7s\">https:\/\/doi.org\/10.71237\/g3c17r7s<\/a><\/span><\/p>\n<\/div>\n<p>&nbsp;<\/p>\n<p>&nbsp;<\/p>\n<p>&nbsp;<\/p>\n","protected":false},"excerpt":{"rendered":"<p>El profesor del \u00c1rea de Derecho Penal de la Universidad Pablo de Olavide Manuel Jos\u00e9 Garc\u00eda Rodr\u00edguez ha publicado la monograf\u00eda \u2018Buenas pr\u00e1cticas para proteger a la infancia y adolescencia v\u00edctima sexual en su declaraci\u00f3n judicial\u2019 presentada por el defensor de la Infancia y Adolescencia de Andaluc\u00eda, Jes\u00fas Maeztu Gregorio de Tejada.<\/p>\n","protected":false},"author":4,"featured_media":30889424,"comment_status":"closed","ping_status":"open","sticky":false,"template":"","format":"standard","meta":{"_monsterinsights_skip_tracking":false,"_monsterinsights_sitenote_active":false,"_monsterinsights_sitenote_note":"","_monsterinsights_sitenote_category":0,"footnotes":""},"categories":[2779],"tags":[81,8509,9354,732,2998],"class_list":["post-30889419","post","type-post","status-publish","format-standard","has-post-thumbnail","hentry","category-docencia-formacion","tag-facultad-de-derecho","tag-infancia-y-adolescencia","tag-manuel-jose-garcia-rodriguez","tag-monografia","tag-violencia-sexual"],"_links":{"self":[{"href":"https:\/\/www.upo.es\/diario\/wp-json\/wp\/v2\/posts\/30889419","targetHints":{"allow":["GET"]}}],"collection":[{"href":"https:\/\/www.upo.es\/diario\/wp-json\/wp\/v2\/posts"}],"about":[{"href":"https:\/\/www.upo.es\/diario\/wp-json\/wp\/v2\/types\/post"}],"author":[{"embeddable":true,"href":"https:\/\/www.upo.es\/diario\/wp-json\/wp\/v2\/users\/4"}],"replies":[{"embeddable":true,"href":"https:\/\/www.upo.es\/diario\/wp-json\/wp\/v2\/comments?post=30889419"}],"version-history":[{"count":7,"href":"https:\/\/www.upo.es\/diario\/wp-json\/wp\/v2\/posts\/30889419\/revisions"}],"predecessor-version":[{"id":30889476,"href":"https:\/\/www.upo.es\/diario\/wp-json\/wp\/v2\/posts\/30889419\/revisions\/30889476"}],"wp:featuredmedia":[{"embeddable":true,"href":"https:\/\/www.upo.es\/diario\/wp-json\/wp\/v2\/media\/30889424"}],"wp:attachment":[{"href":"https:\/\/www.upo.es\/diario\/wp-json\/wp\/v2\/media?parent=30889419"}],"wp:term":[{"taxonomy":"category","embeddable":true,"href":"https:\/\/www.upo.es\/diario\/wp-json\/wp\/v2\/categories?post=30889419"},{"taxonomy":"post_tag","embeddable":true,"href":"https:\/\/www.upo.es\/diario\/wp-json\/wp\/v2\/tags?post=30889419"}],"curies":[{"name":"wp","href":"https:\/\/api.w.org\/{rel}","templated":true}]}}