{"id":30889428,"date":"2025-12-17T07:26:24","date_gmt":"2025-12-17T06:26:24","guid":{"rendered":"https:\/\/www.upo.es\/diario\/?p=30889428"},"modified":"2025-12-17T19:27:37","modified_gmt":"2025-12-17T18:27:37","slug":"la-universidad-pablo-de-olavide-celebra-el-dia-internacional-del-voluntariado-con-un-encuentro-de-asociaciones","status":"publish","type":"post","link":"https:\/\/www.upo.es\/diario\/cultura-social\/2025\/12\/la-universidad-pablo-de-olavide-celebra-el-dia-internacional-del-voluntariado-con-un-encuentro-de-asociaciones\/","title":{"rendered":"La Universidad Pablo de Olavide celebra el \u2018D\u00eda Internacional del Voluntariado\u2019 con un encuentro de asociaciones"},"content":{"rendered":"<p><a href=\"https:\/\/www.upo.es\/diario\/wp-content\/uploads\/2025\/12\/IMG_3670-scaled.jpg\"><img loading=\"lazy\" decoding=\"async\" class=\"aligncenter size-large wp-image-30889430\" src=\"https:\/\/www.upo.es\/diario\/wp-content\/uploads\/2025\/12\/IMG_3670-750x436.jpg\" alt=\"\" width=\"750\" height=\"436\" srcset=\"https:\/\/www.upo.es\/diario\/wp-content\/uploads\/2025\/12\/IMG_3670-750x436.jpg 750w, https:\/\/www.upo.es\/diario\/wp-content\/uploads\/2025\/12\/IMG_3670-420x244.jpg 420w, https:\/\/www.upo.es\/diario\/wp-content\/uploads\/2025\/12\/IMG_3670-768x446.jpg 768w, https:\/\/www.upo.es\/diario\/wp-content\/uploads\/2025\/12\/IMG_3670-1536x892.jpg 1536w, https:\/\/www.upo.es\/diario\/wp-content\/uploads\/2025\/12\/IMG_3670-2048x1189.jpg 2048w, https:\/\/www.upo.es\/diario\/wp-content\/uploads\/2025\/12\/IMG_3670-1320x767.jpg 1320w\" sizes=\"auto, (max-width: 750px) 100vw, 750px\" \/><\/a>El campus de la Universidad Pablo de\u00a0 ha acogido en la ma\u00f1ana de este mi\u00e9rcoles la <strong>celebraci\u00f3n del \u2018D\u00eda Internacional del Voluntariado\u2019<\/strong> en la Universidad Pablo de Olavide, una conmemoraci\u00f3n en la que se han dado cita entidades y asociaciones del tercer sector con las que la universidad viene colaborando en materia de voluntariado. El encuentro, organizado por el Vicerrectorado de Cultura y Pol\u00edticas Sociales, a trav\u00e9s de la Oficina de Voluntariado y Compromiso Social, tiene como objetivo concienciar y sensibilizar de la necesidad de la acci\u00f3n voluntaria en la comunidad universitaria.<\/p>\n<figure id=\"attachment_30889431\" aria-describedby=\"caption-attachment-30889431\" style=\"width: 420px\" class=\"wp-caption alignright\"><a href=\"https:\/\/www.upo.es\/diario\/wp-content\/uploads\/2025\/12\/IMG_3663_v2-scaled.jpg\"><img loading=\"lazy\" decoding=\"async\" class=\"size-medium wp-image-30889431\" src=\"https:\/\/www.upo.es\/diario\/wp-content\/uploads\/2025\/12\/IMG_3663_v2-420x219.jpg\" alt=\"Laura G\u00f3mez y Concepci\u00f3n Cardesa \" width=\"420\" height=\"219\" srcset=\"https:\/\/www.upo.es\/diario\/wp-content\/uploads\/2025\/12\/IMG_3663_v2-420x219.jpg 420w, https:\/\/www.upo.es\/diario\/wp-content\/uploads\/2025\/12\/IMG_3663_v2-750x390.jpg 750w, https:\/\/www.upo.es\/diario\/wp-content\/uploads\/2025\/12\/IMG_3663_v2-768x400.jpg 768w, https:\/\/www.upo.es\/diario\/wp-content\/uploads\/2025\/12\/IMG_3663_v2-1536x799.jpg 1536w, https:\/\/www.upo.es\/diario\/wp-content\/uploads\/2025\/12\/IMG_3663_v2-2048x1066.jpg 2048w, https:\/\/www.upo.es\/diario\/wp-content\/uploads\/2025\/12\/IMG_3663_v2-1320x687.jpg 1320w\" sizes=\"auto, (max-width: 420px) 100vw, 420px\" \/><\/a><figcaption id=\"caption-attachment-30889431\" class=\"wp-caption-text\">Concepci\u00f3n Cardesa y Laura G\u00f3mez<\/figcaption><\/figure>\n<p>El acto ha sido inaugurado por la vicerrectora de Cultura y Pol\u00edticas Sociales,<strong> Laura G\u00f3mez Ruiz<\/strong>, y por la secretaria general de Familias, Igualdad, Violencia de G\u00e9nero y Diversidad de la Junta de Andaluc\u00eda, <strong>Concepci\u00f3n Cardesa Cabrera<\/strong>. Y ha contado con la presencia del director general de Pol\u00edticas Sociales, Ra\u00fal \u00c1lvarez P\u00e9rez, as\u00ed como representantes de las diferentes entidades que participan en el evento, personal de la Oficina de Voluntariado y Compromiso Social y personas voluntarias.<\/p>\n<p>Tras la inauguraci\u00f3n, se ha celebrado la primera de las mesas, titulada<strong> \u2018Entidades por la infancia y la juventud\u2019<\/strong> y en ella han participado las asociaciones: Horizontes Abiertos, Manos Abiertas, Fundaci\u00f3n Jos\u00e9 Manuel Lara, Equitea, Engloba, Acercando realidades y Entreculturas. Tras esta primera mesa de debate se ha analizado \u2018El papel del voluntariado en la discapacidad\u2019, una segunda mesa que ha contado con Asaenes, Fundaci\u00f3n TAS, Mater et Magistra, Paz y Bien, Asperger Tea y Aspace.<\/p>\n<p>El segundo bloque de la jornada se ha iniciado con la tercera mesa en la que se ha debatido sobre <strong>\u2018Voluntariado sin edad ni barreras\u2019<\/strong> y que ha contado con las asociaciones DACE, CODISA, Incluocio, ASLA, Amigos de los Mayores y Cudeca; y por \u00faltimo, se ha celebrado la cuarta \u00a0mesa, \u00a0titulada \u2018Tejiendo redes de solidaridad\u2019, y que ha contado con la Asociaci\u00f3n Espa\u00f1ola Contra el C\u00e1ncer, la Asociaci\u00f3n de Enfermos y Familiares con Hipertensi\u00f3n Craneal Idiop\u00e1tica, el Banco de Alimentos, la Asociaci\u00f3n Pasaje Bego\u00f1a, la Fundaci\u00f3n Manolita Chen, Hogar s\u00ed y Fakali.<\/p>\n<p>La <strong>Oficina de Voluntariado y Compromiso Social de la UPO<\/strong>, creada en el a\u00f1o 1999, es referente en materia de voluntariado universitario en Andaluc\u00eda y fue la primera entidad universitaria en apoyar la sensibilizaci\u00f3n y formaci\u00f3n en esta materia. A lo largo de los m\u00e1s de 25 a\u00f1os de vida de la oficina se ha convertido en un punto de encuentro entre las asociaciones y la comunidad universitaria, y ha acogido a m\u00e1s de 5000 personas voluntarias en las m\u00e1s de 300 actividades, programas y proyectos realizados.<\/p>\n<p>Fuente: Fundaci\u00f3n Universidad Pablo de Olavide<\/p>\n<p>&nbsp;<\/p>\n","protected":false},"excerpt":{"rendered":"<p>M\u00e1s de 25 entidades se han dado cita en este encuentro anual que busca sensibilizar a la comunidad universitaria y conmemorar el \u2018D\u00eda Internacional del Voluntariado\u2019 celebrado el pasado 5 de diciembre.<\/p>\n","protected":false},"author":6,"featured_media":30889430,"comment_status":"closed","ping_status":"open","sticky":false,"template":"","format":"standard","meta":{"_monsterinsights_skip_tracking":false,"_monsterinsights_sitenote_active":false,"_monsterinsights_sitenote_note":"","_monsterinsights_sitenote_category":0,"footnotes":""},"categories":[5843],"tags":[5698,7824,7484,7194],"class_list":["post-30889428","post","type-post","status-publish","format-standard","has-post-thumbnail","hentry","category-cultura-social","tag-dia-internacional-de-voluntariado","tag-laura-gomez-ruiz","tag-oficina-de-voluntariado-y-compromiso-social","tag-vicerrectorado-de-cultura-y-politicas-sociales"],"_links":{"self":[{"href":"https:\/\/www.upo.es\/diario\/wp-json\/wp\/v2\/posts\/30889428","targetHints":{"allow":["GET"]}}],"collection":[{"href":"https:\/\/www.upo.es\/diario\/wp-json\/wp\/v2\/posts"}],"about":[{"href":"https:\/\/www.upo.es\/diario\/wp-json\/wp\/v2\/types\/post"}],"author":[{"embeddable":true,"href":"https:\/\/www.upo.es\/diario\/wp-json\/wp\/v2\/users\/6"}],"replies":[{"embeddable":true,"href":"https:\/\/www.upo.es\/diario\/wp-json\/wp\/v2\/comments?post=30889428"}],"version-history":[{"count":2,"href":"https:\/\/www.upo.es\/diario\/wp-json\/wp\/v2\/posts\/30889428\/revisions"}],"predecessor-version":[{"id":30889433,"href":"https:\/\/www.upo.es\/diario\/wp-json\/wp\/v2\/posts\/30889428\/revisions\/30889433"}],"wp:featuredmedia":[{"embeddable":true,"href":"https:\/\/www.upo.es\/diario\/wp-json\/wp\/v2\/media\/30889430"}],"wp:attachment":[{"href":"https:\/\/www.upo.es\/diario\/wp-json\/wp\/v2\/media?parent=30889428"}],"wp:term":[{"taxonomy":"category","embeddable":true,"href":"https:\/\/www.upo.es\/diario\/wp-json\/wp\/v2\/categories?post=30889428"},{"taxonomy":"post_tag","embeddable":true,"href":"https:\/\/www.upo.es\/diario\/wp-json\/wp\/v2\/tags?post=30889428"}],"curies":[{"name":"wp","href":"https:\/\/api.w.org\/{rel}","templated":true}]}}