{"id":30889591,"date":"2026-01-14T14:14:00","date_gmt":"2026-01-14T13:14:00","guid":{"rendered":"https:\/\/www.upo.es\/diario\/?p=30889591"},"modified":"2026-01-19T10:27:45","modified_gmt":"2026-01-19T09:27:45","slug":"crue-expresa-su-firme-condena-ante-la-intervencion-militar-del-6-de-enero-en-la-universidad-palestina-de-birzeit","status":"publish","type":"post","link":"https:\/\/www.upo.es\/diario\/institucional\/2026\/01\/crue-expresa-su-firme-condena-ante-la-intervencion-militar-del-6-de-enero-en-la-universidad-palestina-de-birzeit\/","title":{"rendered":"CRUE expresa su firme condena ante la intervenci\u00f3n militar del 6 de enero en la Universidad palestina de Birzeit"},"content":{"rendered":"<p><a href=\"https:\/\/www.upo.es\/diario\/wp-content\/uploads\/2019\/12\/Logo-Crue-Universidades-Espa\u00f1olas-1-320x256.jpg\"><img loading=\"lazy\" decoding=\"async\" class=\"alignright wp-image-30859082 size-full\" src=\"https:\/\/www.upo.es\/diario\/wp-content\/uploads\/2019\/12\/Logo-Crue-Universidades-Espa\u00f1olas-1-320x256.jpg\" alt=\"Crue Universidades Espa\u00f1olas\" width=\"320\" height=\"256\" \/><\/a>La Conferencia de Rectores y Rectoras de las Universidades Espa\u00f1olas (CRUE) expresa su profunda preocupaci\u00f3n y su firme condena por los hechos sucedidos el pasado 6 de enero en la Universidad de Birzeit, en Cisjordania, relativos a una actuaci\u00f3n militar del ej\u00e9rcito israel\u00ed que tuvo lugar en el campus de la instituci\u00f3n universitaria durante el desarrollo de la actividad acad\u00e9mica y que, seg\u00fan la informaci\u00f3n disponible, se sald\u00f3 con personas heridas.<\/p>\n<p>Las instituciones universitarias representan \u00e1mbitos fundamentales para el desarrollo del conocimiento, la educaci\u00f3n superior y el ejercicio de la libertad acad\u00e9mica. Cualquier acci\u00f3n que altere por la fuerza el normal funcionamiento de estos espacios supone una amenaza directa al derecho a la educaci\u00f3n y a los principios que sustentan la misi\u00f3n universitaria a nivel internacional.<\/p>\n<p>CRUE recuerda que la protecci\u00f3n de los espacios educativos y de quienes los integran constituye una obligaci\u00f3n recogida en el marco del derecho internacional, y subraya la necesidad de garantizar la seguridad, la integridad y la autonom\u00eda de las universidades, al margen de los contextos de conflicto o tensi\u00f3n pol\u00edtica en los que puedan encontrarse.<\/p>\n<p>La Conferencia expresa su solidaridad con la Universidad de Birzeit, con su estudiantado, profesorado y personal, y traslada su apoyo a todas las personas afectadas por estos acontecimientos, reiterando su compromiso con la defensa de la educaci\u00f3n superior como bien p\u00fablico, con la cooperaci\u00f3n acad\u00e9mica internacional y con los valores de paz, respeto a los derechos humanos y convivencia que deben regir la vida universitaria.<\/p>\n<p>Fuente: Crue Universidades Espa\u00f1olas<\/p>\n","protected":false},"excerpt":{"rendered":"<p>La Conferencia de Rectores y Rectoras de las Universidades Espa\u00f1olas (CRUE) expresa su profunda preocupaci\u00f3n y su firme condena por los hechos sucedidos el pasado 6 de enero en la Universidad de Birzeit, en Cisjordania, relativos a una actuaci\u00f3n militar del ej\u00e9rcito israel\u00ed que tuvo lugar en el campus de la instituci\u00f3n universitaria durante el desarrollo de la actividad acad\u00e9mica y que, seg\u00fan la informaci\u00f3n disponible, se sald\u00f3 con personas heridas.<\/p>\n","protected":false},"author":4,"featured_media":30859082,"comment_status":"closed","ping_status":"open","sticky":false,"template":"","format":"standard","meta":{"_monsterinsights_skip_tracking":false,"_monsterinsights_sitenote_active":false,"_monsterinsights_sitenote_note":"","_monsterinsights_sitenote_category":0,"footnotes":""},"categories":[6],"tags":[243,352,8621,9379],"class_list":["post-30889591","post","type-post","status-publish","format-standard","has-post-thumbnail","hentry","category-institucional","tag-crue","tag-palestina","tag-portada","tag-universidad-de-birzeit"],"_links":{"self":[{"href":"https:\/\/www.upo.es\/diario\/wp-json\/wp\/v2\/posts\/30889591","targetHints":{"allow":["GET"]}}],"collection":[{"href":"https:\/\/www.upo.es\/diario\/wp-json\/wp\/v2\/posts"}],"about":[{"href":"https:\/\/www.upo.es\/diario\/wp-json\/wp\/v2\/types\/post"}],"author":[{"embeddable":true,"href":"https:\/\/www.upo.es\/diario\/wp-json\/wp\/v2\/users\/4"}],"replies":[{"embeddable":true,"href":"https:\/\/www.upo.es\/diario\/wp-json\/wp\/v2\/comments?post=30889591"}],"version-history":[{"count":2,"href":"https:\/\/www.upo.es\/diario\/wp-json\/wp\/v2\/posts\/30889591\/revisions"}],"predecessor-version":[{"id":30889593,"href":"https:\/\/www.upo.es\/diario\/wp-json\/wp\/v2\/posts\/30889591\/revisions\/30889593"}],"wp:featuredmedia":[{"embeddable":true,"href":"https:\/\/www.upo.es\/diario\/wp-json\/wp\/v2\/media\/30859082"}],"wp:attachment":[{"href":"https:\/\/www.upo.es\/diario\/wp-json\/wp\/v2\/media?parent=30889591"}],"wp:term":[{"taxonomy":"category","embeddable":true,"href":"https:\/\/www.upo.es\/diario\/wp-json\/wp\/v2\/categories?post=30889591"},{"taxonomy":"post_tag","embeddable":true,"href":"https:\/\/www.upo.es\/diario\/wp-json\/wp\/v2\/tags?post=30889591"}],"curies":[{"name":"wp","href":"https:\/\/api.w.org\/{rel}","templated":true}]}}