{"id":30889594,"date":"2026-01-20T12:21:03","date_gmt":"2026-01-20T11:21:03","guid":{"rendered":"https:\/\/www.upo.es\/diario\/?p=30889594"},"modified":"2026-01-20T15:23:39","modified_gmt":"2026-01-20T14:23:39","slug":"minuto-de-silencio-por-el-tragico-accidente-ferroviario-manana-martes-a-las-12-horas","status":"publish","type":"post","link":"https:\/\/www.upo.es\/diario\/institucional\/2026\/01\/minuto-de-silencio-por-el-tragico-accidente-ferroviario-manana-martes-a-las-12-horas\/","title":{"rendered":"Minuto de silencio por el tr\u00e1gico accidente ferroviario de Adamuz"},"content":{"rendered":"<p><a href=\"https:\/\/www.upo.es\/diario\/wp-content\/uploads\/2026\/01\/20012026-Adamuz_Minuto-Silencio-1117-scaled.jpg\"><img loading=\"lazy\" decoding=\"async\" class=\"aligncenter size-large wp-image-30889620\" src=\"https:\/\/www.upo.es\/diario\/wp-content\/uploads\/2026\/01\/20012026-Adamuz_Minuto-Silencio-1117-750x422.jpg\" alt=\"Minuto de silencio guardado en el campus de la UPO por el accidente de Adamuz\" width=\"750\" height=\"422\" srcset=\"https:\/\/www.upo.es\/diario\/wp-content\/uploads\/2026\/01\/20012026-Adamuz_Minuto-Silencio-1117-750x422.jpg 750w, https:\/\/www.upo.es\/diario\/wp-content\/uploads\/2026\/01\/20012026-Adamuz_Minuto-Silencio-1117-420x236.jpg 420w, https:\/\/www.upo.es\/diario\/wp-content\/uploads\/2026\/01\/20012026-Adamuz_Minuto-Silencio-1117-768x432.jpg 768w, https:\/\/www.upo.es\/diario\/wp-content\/uploads\/2026\/01\/20012026-Adamuz_Minuto-Silencio-1117-1536x864.jpg 1536w, https:\/\/www.upo.es\/diario\/wp-content\/uploads\/2026\/01\/20012026-Adamuz_Minuto-Silencio-1117-2048x1152.jpg 2048w, https:\/\/www.upo.es\/diario\/wp-content\/uploads\/2026\/01\/20012026-Adamuz_Minuto-Silencio-1117-1320x743.jpg 1320w\" sizes=\"auto, (max-width: 750px) 100vw, 750px\" \/><\/a>La Universidad Pablo de Olavide se suma a las muestras de p\u00e9same por el tr\u00e1gico accidente ferroviario ocurrido este domingo en Adamuz (C\u00f3rdoba) y expresa su m\u00e1s sincero apoyo y solidaridad a las personas afectadas y a sus familiares.<\/p>\n<p>En el campus de la Universidad Pablo de Olavide se ha guardado esta ma\u00f1ana un minuto de silencio como muestra de duelo y condolencias hacia familiares y amigos de las personas fallecidas.<\/p>\n","protected":false},"excerpt":{"rendered":"<p>La Universidad Pablo de Olavide se suma a las muestras de p\u00e9same por el tr\u00e1gico accidente ferroviario ocurrido este domingo en Adamuz (C\u00f3rdoba) y expresa su m\u00e1s sincero apoyo y solidaridad a las personas afectadas y a sus familiares.<\/p>\n","protected":false},"author":4,"featured_media":30889620,"comment_status":"closed","ping_status":"open","sticky":false,"template":"","format":"standard","meta":{"_monsterinsights_skip_tracking":false,"_monsterinsights_sitenote_active":false,"_monsterinsights_sitenote_note":"","_monsterinsights_sitenote_category":0,"footnotes":""},"categories":[6],"tags":[9382,9380,548,9381],"class_list":["post-30889594","post","type-post","status-publish","format-standard","has-post-thumbnail","hentry","category-institucional","tag-accidente-ferroviario","tag-condolencia","tag-cordoba","tag-minuto-de-silencio"],"_links":{"self":[{"href":"https:\/\/www.upo.es\/diario\/wp-json\/wp\/v2\/posts\/30889594","targetHints":{"allow":["GET"]}}],"collection":[{"href":"https:\/\/www.upo.es\/diario\/wp-json\/wp\/v2\/posts"}],"about":[{"href":"https:\/\/www.upo.es\/diario\/wp-json\/wp\/v2\/types\/post"}],"author":[{"embeddable":true,"href":"https:\/\/www.upo.es\/diario\/wp-json\/wp\/v2\/users\/4"}],"replies":[{"embeddable":true,"href":"https:\/\/www.upo.es\/diario\/wp-json\/wp\/v2\/comments?post=30889594"}],"version-history":[{"count":8,"href":"https:\/\/www.upo.es\/diario\/wp-json\/wp\/v2\/posts\/30889594\/revisions"}],"predecessor-version":[{"id":30889623,"href":"https:\/\/www.upo.es\/diario\/wp-json\/wp\/v2\/posts\/30889594\/revisions\/30889623"}],"wp:featuredmedia":[{"embeddable":true,"href":"https:\/\/www.upo.es\/diario\/wp-json\/wp\/v2\/media\/30889620"}],"wp:attachment":[{"href":"https:\/\/www.upo.es\/diario\/wp-json\/wp\/v2\/media?parent=30889594"}],"wp:term":[{"taxonomy":"category","embeddable":true,"href":"https:\/\/www.upo.es\/diario\/wp-json\/wp\/v2\/categories?post=30889594"},{"taxonomy":"post_tag","embeddable":true,"href":"https:\/\/www.upo.es\/diario\/wp-json\/wp\/v2\/tags?post=30889594"}],"curies":[{"name":"wp","href":"https:\/\/api.w.org\/{rel}","templated":true}]}}