{"id":30889598,"date":"2026-01-20T11:00:10","date_gmt":"2026-01-20T10:00:10","guid":{"rendered":"https:\/\/www.upo.es\/diario\/?p=30889598"},"modified":"2026-01-21T14:51:38","modified_gmt":"2026-01-21T13:51:38","slug":"la-upo-acoge-seminario-internacional-de-teoria-critica-de-los-derechos-humanos","status":"publish","type":"post","link":"https:\/\/www.upo.es\/diario\/docencia-formacion\/2026\/01\/la-upo-acoge-seminario-internacional-de-teoria-critica-de-los-derechos-humanos\/","title":{"rendered":"La UPO acoge la 16\u00aa edici\u00f3n del Seminario Internacional de Teor\u00eda Cr\u00edtica de los Derechos Humanos"},"content":{"rendered":"<p>&nbsp;<\/p>\n<p><u><a href=\"https:\/\/www.upo.es\/diario\/wp-content\/uploads\/2026\/01\/Sem-DDHH06.jpg\"><img loading=\"lazy\" decoding=\"async\" class=\"aligncenter size-large wp-image-30889628\" src=\"https:\/\/www.upo.es\/diario\/wp-content\/uploads\/2026\/01\/Sem-DDHH06-750x500.jpg\" alt=\"\" width=\"750\" height=\"500\" srcset=\"https:\/\/www.upo.es\/diario\/wp-content\/uploads\/2026\/01\/Sem-DDHH06-750x500.jpg 750w, https:\/\/www.upo.es\/diario\/wp-content\/uploads\/2026\/01\/Sem-DDHH06-420x280.jpg 420w, https:\/\/www.upo.es\/diario\/wp-content\/uploads\/2026\/01\/Sem-DDHH06-768x512.jpg 768w, https:\/\/www.upo.es\/diario\/wp-content\/uploads\/2026\/01\/Sem-DDHH06-1536x1024.jpg 1536w, https:\/\/www.upo.es\/diario\/wp-content\/uploads\/2026\/01\/Sem-DDHH06-2048x1366.jpg 2048w, https:\/\/www.upo.es\/diario\/wp-content\/uploads\/2026\/01\/Sem-DDHH06-165x109.jpg 165w, https:\/\/www.upo.es\/diario\/wp-content\/uploads\/2026\/01\/Sem-DDHH06-1320x880.jpg 1320w\" sizes=\"auto, (max-width: 750px) 100vw, 750px\" \/><\/a><\/u><\/p>\n<p><u>La Universidad Pablo de Olavide acoge los d\u00edas 20, 21 y 22 de enero,<\/u> la <strong>16\u00aa edici\u00f3n del Seminario Internacional de Teor\u00eda Cr\u00edtica de los Derechos Humanos<\/strong>, bajo el t\u00edtulo <strong><a href=\"https:\/\/eventos.upo.es\/getFiles\/hash\/MkJDN5MWMxYWNmVTOjRWN1ATY3IGZ0cjMUTZ4UGM2Ez:NExXZnJ1VERlekg0OTJNK05RblN6cW1ENkdaY1JWNEd3UnFwVnBuOWlTWkltSlBkQ0p1Sy9FUStRSjFjVDdsdG90SDE4WWJyQnV2K0EyUVBhcld6YWE2elUySlVMeWNxZlhGcEpCOVUycGhiN1k3RUpqSkRqczA4V3hFTDhraXBmWmVhVy90K1FFNGpOVVg2dWdYNUtERUpuM1ZqdjFNbm56MTVDOXhxN3RJM3JIM2FTN3EwNDZsWkNNLy92c05CdUQ4eTFSTDhJY2twbVQxNk1sYVVrUT09\">\u2018Democracia, Soberan\u00eda y Derechos Humanos: la humanidad en una encrucijada historia\u2019<\/a><\/strong>, organizado por el Instituto Joaqu\u00edn Herrera Flores, el <a href=\"https:\/\/www.upo.es\/master\/Master-Oficial-Derechos-Humanos-Interculturalidad-y-Desarrollo\/\">M\u00e1ster Interuniversitario en Derechos Humanos, Interculturalidad y Desarrollo de la UPO y la Universidad Internacional de Andaluc\u00eda<\/a>, con el apoyo de instituciones asociadas.<\/p>\n<p>El seminario ha sido inaugurado por el rector de la UPO, Francisco Oliva Bl\u00e1zquez; el defensor p\u00fablico de la Defensor\u00eda P\u00fablica Federal de Brasil, Leonardo Magalh\u00e2es; y los coodirectores del seminario, Francisco Infante Ruiz, catedr\u00e1tico de Derecho Civil de la UPO, y Carol Proner, profesora de Derecho Internacional de la Universidad Federal do Rio de Janeiro.<\/p>\n<p>Durante la inauguraci\u00f3n, el rector de la UPO ha resaltado la <strong>firma de un convenio con la Defensor\u00eda P\u00fablica Federal de Brasil<\/strong> para hacer tareas de formaci\u00f3n e investigaci\u00f3n conjuntas que \u201cvan a traer muy buenos resultados para ambos pa\u00edses y para la cooperaci\u00f3n acad\u00e9mica tan importante que se est\u00e1 desarrollando entre Brasil y Espa\u00f1a a trav\u00e9s de la Universidad Pablo de Olavide\u201d.<\/p>\n<p>Asimismo, Francisco Oliva tambi\u00e9n ha destacado la importancia de la tem\u00e1tica de esta edici\u00f3n, ya que \u201cdebemos aspirar a una sociedad en la que estos tres conceptos -democracia, soberan\u00eda y derechos humanos- est\u00e9n coordinados, en perfecta armon\u00eda a lo largo del tiempo e interconectados porque si esas conexiones fallan, el sistema comienza a fallar\u201d.<\/p>\n<figure id=\"attachment_30889629\" aria-describedby=\"caption-attachment-30889629\" style=\"width: 750px\" class=\"wp-caption aligncenter\"><a href=\"https:\/\/www.upo.es\/diario\/wp-content\/uploads\/2026\/01\/Sem-DDHH07.jpg\"><img loading=\"lazy\" decoding=\"async\" class=\"size-large wp-image-30889629\" src=\"https:\/\/www.upo.es\/diario\/wp-content\/uploads\/2026\/01\/Sem-DDHH07-750x500.jpg\" alt=\"\" width=\"750\" height=\"500\" srcset=\"https:\/\/www.upo.es\/diario\/wp-content\/uploads\/2026\/01\/Sem-DDHH07-750x500.jpg 750w, https:\/\/www.upo.es\/diario\/wp-content\/uploads\/2026\/01\/Sem-DDHH07-420x280.jpg 420w, https:\/\/www.upo.es\/diario\/wp-content\/uploads\/2026\/01\/Sem-DDHH07-768x512.jpg 768w, https:\/\/www.upo.es\/diario\/wp-content\/uploads\/2026\/01\/Sem-DDHH07-1536x1024.jpg 1536w, https:\/\/www.upo.es\/diario\/wp-content\/uploads\/2026\/01\/Sem-DDHH07-2048x1366.jpg 2048w, https:\/\/www.upo.es\/diario\/wp-content\/uploads\/2026\/01\/Sem-DDHH07-165x109.jpg 165w, https:\/\/www.upo.es\/diario\/wp-content\/uploads\/2026\/01\/Sem-DDHH07-1320x880.jpg 1320w\" sizes=\"auto, (max-width: 750px) 100vw, 750px\" \/><\/a><figcaption id=\"caption-attachment-30889629\" class=\"wp-caption-text\">De izquierda a derecha: Carol Proner, Leonardo Magalh\u00e2es, Francisco Oliva y Francisco Infante.<\/figcaption><\/figure>\n<p>El encuentro re\u00fane a especialistas, acad\u00e9micos y acad\u00e9micas, juristas y liderazgos pol\u00edticos de distintos pa\u00edses para una reflexi\u00f3n cr\u00edtica sobre los desaf\u00edos actuales a la protecci\u00f3n de los derechos fundamentales a escala global. En este sentido, las ponencias y mesas de discusi\u00f3n de este encuentro se convierten en un espacio cualificado de an\u00e1lisis cr\u00edtico, di\u00e1logo y construcci\u00f3n de respuestas colectivas para la defensa de los Derechos Humanos universales.<\/p>\n<p>El seminario contar\u00e1, a lo largo de estas tres jornadas, con la participaci\u00f3n de figuras de reconocida trayectoria como la vicepresidenta segunda del Gobierno de Espa\u00f1a y ministra de Trabajo y Econom\u00eda Social, Yolanda D\u00edaz; el jurista Baltasar Garz\u00f3n; Mar\u00eda Jos\u00e9 Fari\u00f1as Dulce, de la Universidad Carlos III; la exministra de Justicia, Dolores Delgado; y la ministra del Tribunal Superior Electoral de Brasil, Estela Aranha, as\u00ed como otros invitados e invitadas nacionales e internacionales, que contribuyen al debate desde diversas perspectivas acad\u00e9micas, institucionales y pol\u00edticas.<\/p>\n<p>Entre los temas a debatir abordar\u00e1n los desaf\u00edos a la democracia y a la soberan\u00eda popular, las violaciones de los derechos humanos en situaciones de crisis, las relaciones entre econom\u00eda, capitalismo y patrimonializaci\u00f3n de los derechos, as\u00ed como los procesos de justicia transicional, memoria hist\u00f3rica y jurisdicci\u00f3n universal.<\/p>\n<p><strong><a href=\"https:\/\/eventos.upo.es\/getFiles\/hash\/MkJDN5MWMxYWNmVTOjRWN1ATY3IGZ0cjMUTZ4UGM2Ez:NExXZnJ1VERlekg0OTJNK05RblN6cW1ENkdaY1JWNEd3UnFwVnBuOWlTWkltSlBkQ0p1Sy9FUStRSjFjVDdsdG90SDE4WWJyQnV2K0EyUVBhcld6YWE2elUySlVMeWNxZlhGcEpCOVUycGhiN1k3RUpqSkRqczA4V3hFTDhraXBmWmVhVy90K1FFNGpOVVg2dWdYNUtERUpuM1ZqdjFNbm56MTVDOXhxN3RJM3JIM2FTN3EwNDZsWkNNLy92c05CdUQ4eTFSTDhJY2twbVQxNk1sYVVrUT09\">Programa completo<\/a><\/strong><\/p>\n<p><a href=\"https:\/\/www.upo.es\/diario\/wp-content\/uploads\/2026\/01\/Derechos-Humanos-Seminario.png\"><img loading=\"lazy\" decoding=\"async\" class=\"aligncenter size-large wp-image-30889599\" src=\"https:\/\/www.upo.es\/diario\/wp-content\/uploads\/2026\/01\/Derechos-Humanos-Seminario-750x247.png\" alt=\"\" width=\"750\" height=\"247\" srcset=\"https:\/\/www.upo.es\/diario\/wp-content\/uploads\/2026\/01\/Derechos-Humanos-Seminario-750x247.png 750w, https:\/\/www.upo.es\/diario\/wp-content\/uploads\/2026\/01\/Derechos-Humanos-Seminario-420x138.png 420w, https:\/\/www.upo.es\/diario\/wp-content\/uploads\/2026\/01\/Derechos-Humanos-Seminario-768x253.png 768w, https:\/\/www.upo.es\/diario\/wp-content\/uploads\/2026\/01\/Derechos-Humanos-Seminario-1536x505.png 1536w, https:\/\/www.upo.es\/diario\/wp-content\/uploads\/2026\/01\/Derechos-Humanos-Seminario-2048x674.png 2048w, https:\/\/www.upo.es\/diario\/wp-content\/uploads\/2026\/01\/Derechos-Humanos-Seminario-1320x434.png 1320w\" sizes=\"auto, (max-width: 750px) 100vw, 750px\" \/><\/a><\/p>\n","protected":false},"excerpt":{"rendered":"<p>El encuentro re\u00fane a especialistas, acad\u00e9micos y acad\u00e9micas, juristas y liderazgos pol\u00edticos de distintos pa\u00edses para una reflexi\u00f3n cr\u00edtica sobre los desaf\u00edos actuales a la protecci\u00f3n de los derechos fundamentales a escala global. En este sentido, las ponencias y mesas de discusi\u00f3n de este encuentro se convierten en un espacio cualificado de an\u00e1lisis cr\u00edtico, di\u00e1logo y construcci\u00f3n de respuestas colectivas para la defensa de los Derechos Humanos universales.<\/p>\n","protected":false},"author":4,"featured_media":30889629,"comment_status":"closed","ping_status":"open","sticky":false,"template":"","format":"standard","meta":{"_monsterinsights_skip_tracking":false,"_monsterinsights_sitenote_active":false,"_monsterinsights_sitenote_note":"","_monsterinsights_sitenote_category":0,"footnotes":""},"categories":[2779],"tags":[744,92,4626,3832,8187,9383],"class_list":["post-30889598","post","type-post","status-publish","format-standard","has-post-thumbnail","hentry","category-docencia-formacion","tag-democracia","tag-derechos-humanos","tag-francisco-infante-ruiz","tag-master-en-derechos-humanos-interculturalidad-y-desarrollo","tag-seminario-de-teoria-critica","tag-soberania"],"_links":{"self":[{"href":"https:\/\/www.upo.es\/diario\/wp-json\/wp\/v2\/posts\/30889598","targetHints":{"allow":["GET"]}}],"collection":[{"href":"https:\/\/www.upo.es\/diario\/wp-json\/wp\/v2\/posts"}],"about":[{"href":"https:\/\/www.upo.es\/diario\/wp-json\/wp\/v2\/types\/post"}],"author":[{"embeddable":true,"href":"https:\/\/www.upo.es\/diario\/wp-json\/wp\/v2\/users\/4"}],"replies":[{"embeddable":true,"href":"https:\/\/www.upo.es\/diario\/wp-json\/wp\/v2\/comments?post=30889598"}],"version-history":[{"count":9,"href":"https:\/\/www.upo.es\/diario\/wp-json\/wp\/v2\/posts\/30889598\/revisions"}],"predecessor-version":[{"id":30889638,"href":"https:\/\/www.upo.es\/diario\/wp-json\/wp\/v2\/posts\/30889598\/revisions\/30889638"}],"wp:featuredmedia":[{"embeddable":true,"href":"https:\/\/www.upo.es\/diario\/wp-json\/wp\/v2\/media\/30889629"}],"wp:attachment":[{"href":"https:\/\/www.upo.es\/diario\/wp-json\/wp\/v2\/media?parent=30889598"}],"wp:term":[{"taxonomy":"category","embeddable":true,"href":"https:\/\/www.upo.es\/diario\/wp-json\/wp\/v2\/categories?post=30889598"},{"taxonomy":"post_tag","embeddable":true,"href":"https:\/\/www.upo.es\/diario\/wp-json\/wp\/v2\/tags?post=30889598"}],"curies":[{"name":"wp","href":"https:\/\/api.w.org\/{rel}","templated":true}]}}