{"id":30889610,"date":"2026-01-19T22:49:49","date_gmt":"2026-01-19T21:49:49","guid":{"rendered":"https:\/\/www.upo.es\/diario\/?p=30889610"},"modified":"2026-01-19T23:54:01","modified_gmt":"2026-01-19T22:54:01","slug":"condolencias-y-luto-oficial-de-las-universidades-publicas-de-andalucia-por-el-accidente-ferroviario-de-adamuz","status":"publish","type":"post","link":"https:\/\/www.upo.es\/diario\/institucional\/2026\/01\/condolencias-y-luto-oficial-de-las-universidades-publicas-de-andalucia-por-el-accidente-ferroviario-de-adamuz\/","title":{"rendered":"Condolencias y luto oficial de las universidades p\u00fablicas de Andaluc\u00eda por el accidente ferroviario de Adamuz"},"content":{"rendered":"<p><a href=\"https:\/\/www.upo.es\/diario\/wp-content\/uploads\/2025\/02\/AUPA-Identidad-Imagotipo-horizontal.png\"><img loading=\"lazy\" decoding=\"async\" class=\"alignright size-medium wp-image-30885059\" src=\"https:\/\/www.upo.es\/diario\/wp-content\/uploads\/2025\/02\/AUPA-Identidad-Imagotipo-horizontal-420x150.png\" alt=\"Universidades P\u00fablicas de Andaluc\u00eda\" width=\"420\" height=\"150\" srcset=\"https:\/\/www.upo.es\/diario\/wp-content\/uploads\/2025\/02\/AUPA-Identidad-Imagotipo-horizontal-420x150.png 420w, https:\/\/www.upo.es\/diario\/wp-content\/uploads\/2025\/02\/AUPA-Identidad-Imagotipo-horizontal-750x268.png 750w, https:\/\/www.upo.es\/diario\/wp-content\/uploads\/2025\/02\/AUPA-Identidad-Imagotipo-horizontal-768x275.png 768w, https:\/\/www.upo.es\/diario\/wp-content\/uploads\/2025\/02\/AUPA-Identidad-Imagotipo-horizontal-1536x550.png 1536w, https:\/\/www.upo.es\/diario\/wp-content\/uploads\/2025\/02\/AUPA-Identidad-Imagotipo-horizontal-2048x733.png 2048w, https:\/\/www.upo.es\/diario\/wp-content\/uploads\/2025\/02\/AUPA-Identidad-Imagotipo-horizontal-1320x472.png 1320w\" sizes=\"auto, (max-width: 420px) 100vw, 420px\" \/><\/a>Desde las Universidades p\u00fablicas de Andaluc\u00eda nos sumamos con enorme tristeza y pesar al luto oficial decretado por el Gobierno de Espa\u00f1a, en se\u00f1al de duelo y recuerdo de las v\u00edctimas del grave accidente ferroviario de Adamuz.<\/p>\n<p>En este tr\u00e1gico incidente han perdido la vida y han resultado heridos varios miembros de nuestra comunidad universitaria.<\/p>\n<p>Sirva este comunicado para honrar su memoria, y como expresi\u00f3n de nuestro m\u00e1ximo cari\u00f1o y solidaridad hacia todas las personas afectadas, sus familiares y seres queridos.<\/p>\n<p>Asimismo, hacemos un llamamiento a toda la comunidad universitaria a sumarse al minuto de silencio que tendr\u00e1 lugar ma\u00f1ana martes 20 en cada campus.<\/p>\n","protected":false},"excerpt":{"rendered":"<p>Desde las Universidades p\u00fablicas de Andaluc\u00eda nos sumamos con enorme tristeza y pesar al luto oficial decretado por el Gobierno de Espa\u00f1a, en se\u00f1al de duelo y recuerdo de las v\u00edctimas del grave accidente ferroviario de Adamuz.<\/p>\n","protected":false},"author":6,"featured_media":30884666,"comment_status":"closed","ping_status":"open","sticky":false,"template":"","format":"standard","meta":{"_monsterinsights_skip_tracking":false,"_monsterinsights_sitenote_active":false,"_monsterinsights_sitenote_note":"","_monsterinsights_sitenote_category":0,"footnotes":""},"categories":[6],"tags":[37,8621,9052],"class_list":["post-30889610","post","type-post","status-publish","format-standard","has-post-thumbnail","hentry","category-institucional","tag-comunicado","tag-portada","tag-universidades-publicas-de-andalucia"],"_links":{"self":[{"href":"https:\/\/www.upo.es\/diario\/wp-json\/wp\/v2\/posts\/30889610","targetHints":{"allow":["GET"]}}],"collection":[{"href":"https:\/\/www.upo.es\/diario\/wp-json\/wp\/v2\/posts"}],"about":[{"href":"https:\/\/www.upo.es\/diario\/wp-json\/wp\/v2\/types\/post"}],"author":[{"embeddable":true,"href":"https:\/\/www.upo.es\/diario\/wp-json\/wp\/v2\/users\/6"}],"replies":[{"embeddable":true,"href":"https:\/\/www.upo.es\/diario\/wp-json\/wp\/v2\/comments?post=30889610"}],"version-history":[{"count":1,"href":"https:\/\/www.upo.es\/diario\/wp-json\/wp\/v2\/posts\/30889610\/revisions"}],"predecessor-version":[{"id":30889611,"href":"https:\/\/www.upo.es\/diario\/wp-json\/wp\/v2\/posts\/30889610\/revisions\/30889611"}],"wp:featuredmedia":[{"embeddable":true,"href":"https:\/\/www.upo.es\/diario\/wp-json\/wp\/v2\/media\/30884666"}],"wp:attachment":[{"href":"https:\/\/www.upo.es\/diario\/wp-json\/wp\/v2\/media?parent=30889610"}],"wp:term":[{"taxonomy":"category","embeddable":true,"href":"https:\/\/www.upo.es\/diario\/wp-json\/wp\/v2\/categories?post=30889610"},{"taxonomy":"post_tag","embeddable":true,"href":"https:\/\/www.upo.es\/diario\/wp-json\/wp\/v2\/tags?post=30889610"}],"curies":[{"name":"wp","href":"https:\/\/api.w.org\/{rel}","templated":true}]}}