{"id":30889637,"date":"2026-01-21T14:50:19","date_gmt":"2026-01-21T13:50:19","guid":{"rendered":"https:\/\/www.upo.es\/diario\/?p=30889637"},"modified":"2026-02-09T10:35:29","modified_gmt":"2026-02-09T09:35:29","slug":"yolanda-diaz-participa-en-el-seminario-de-teoria-critica-de-los-derechos-humanos-de-la-upo","status":"publish","type":"post","link":"https:\/\/www.upo.es\/diario\/docencia-formacion\/2026\/01\/yolanda-diaz-participa-en-el-seminario-de-teoria-critica-de-los-derechos-humanos-de-la-upo\/","title":{"rendered":"Yolanda D\u00edaz participa en el Seminario de Teor\u00eda Cr\u00edtica de los Derechos Humanos de la UPO"},"content":{"rendered":"<p><a href=\"https:\/\/www.upo.es\/diario\/wp-content\/uploads\/2026\/01\/21012026-Confe-DDHH-YolandaDiaz-1419-scaled.jpg\"><img loading=\"lazy\" decoding=\"async\" class=\"aligncenter size-large wp-image-30889640\" src=\"https:\/\/www.upo.es\/diario\/wp-content\/uploads\/2026\/01\/21012026-Confe-DDHH-YolandaDiaz-1419-750x500.jpg\" alt=\"\" width=\"750\" height=\"500\" srcset=\"https:\/\/www.upo.es\/diario\/wp-content\/uploads\/2026\/01\/21012026-Confe-DDHH-YolandaDiaz-1419-750x500.jpg 750w, https:\/\/www.upo.es\/diario\/wp-content\/uploads\/2026\/01\/21012026-Confe-DDHH-YolandaDiaz-1419-420x280.jpg 420w, https:\/\/www.upo.es\/diario\/wp-content\/uploads\/2026\/01\/21012026-Confe-DDHH-YolandaDiaz-1419-768x512.jpg 768w, https:\/\/www.upo.es\/diario\/wp-content\/uploads\/2026\/01\/21012026-Confe-DDHH-YolandaDiaz-1419-1536x1024.jpg 1536w, https:\/\/www.upo.es\/diario\/wp-content\/uploads\/2026\/01\/21012026-Confe-DDHH-YolandaDiaz-1419-2048x1365.jpg 2048w, https:\/\/www.upo.es\/diario\/wp-content\/uploads\/2026\/01\/21012026-Confe-DDHH-YolandaDiaz-1419-165x109.jpg 165w, https:\/\/www.upo.es\/diario\/wp-content\/uploads\/2026\/01\/21012026-Confe-DDHH-YolandaDiaz-1419-1320x880.jpg 1320w\" sizes=\"auto, (max-width: 750px) 100vw, 750px\" \/><\/a><\/p>\n<p>La vicepresidenta segunda del Gobierno y ministra de Trabajo y Econom\u00eda Social, <strong>Yolanda D\u00edaz P\u00e9rez<\/strong>, ha participado en la 16\u00aa edici\u00f3n del <strong>Seminario Internacional de Teor\u00eda Cr\u00edtica de los Derechos Humanos<\/strong>, que bajo el t\u00edtulo <a href=\"https:\/\/eventos.upo.es\/getFiles\/hash\/MkJDN5MWMxYWNmVTOjRWN1ATY3IGZ0cjMUTZ4UGM2Ez:NExXZnJ1VERlekg0OTJNK05RblN6cW1ENkdaY1JWNEd3UnFwVnBuOWlTWkltSlBkQ0p1Sy9FUStRSjFjVDdsdG90SDE4WWJyQnV2K0EyUVBhcld6YWE2elUySlVMeWNxZlhGcEpCOVUycGhiN1k3RUpqSkRqczA4V3hFTDhraXBmWmVhVy90K1FFNGpOVVg2dWdYNUtERUpuM1ZqdjFNbm56MTVDOXhxN3RJM3JIM2FTN3EwNDZsWkNNLy92c05CdUQ4eTFSTDhJY2twbVQxNk1sYVVrUT09\"><strong>\u2018Democracia, Soberan\u00eda y Derechos Humanos: la humanidad en una encrucijada hist\u00f3rica\u2019<\/strong><\/a>, se est\u00e1 celebrando en la Universidad Pablo de Olavide los d\u00edas 20, 21 y 22 enero.<\/p>\n<figure id=\"attachment_30889639\" aria-describedby=\"caption-attachment-30889639\" style=\"width: 420px\" class=\"wp-caption alignright\"><a href=\"https:\/\/www.upo.es\/diario\/wp-content\/uploads\/2026\/01\/21012026-Confe-DDHH-YolandaDiaz-1383-scaled.jpg\"><img loading=\"lazy\" decoding=\"async\" class=\"size-medium wp-image-30889639\" src=\"https:\/\/www.upo.es\/diario\/wp-content\/uploads\/2026\/01\/21012026-Confe-DDHH-YolandaDiaz-1383-420x280.jpg\" alt=\"\" width=\"420\" height=\"280\" srcset=\"https:\/\/www.upo.es\/diario\/wp-content\/uploads\/2026\/01\/21012026-Confe-DDHH-YolandaDiaz-1383-420x280.jpg 420w, https:\/\/www.upo.es\/diario\/wp-content\/uploads\/2026\/01\/21012026-Confe-DDHH-YolandaDiaz-1383-750x500.jpg 750w, https:\/\/www.upo.es\/diario\/wp-content\/uploads\/2026\/01\/21012026-Confe-DDHH-YolandaDiaz-1383-768x512.jpg 768w, https:\/\/www.upo.es\/diario\/wp-content\/uploads\/2026\/01\/21012026-Confe-DDHH-YolandaDiaz-1383-1536x1024.jpg 1536w, https:\/\/www.upo.es\/diario\/wp-content\/uploads\/2026\/01\/21012026-Confe-DDHH-YolandaDiaz-1383-2048x1365.jpg 2048w, https:\/\/www.upo.es\/diario\/wp-content\/uploads\/2026\/01\/21012026-Confe-DDHH-YolandaDiaz-1383-165x109.jpg 165w, https:\/\/www.upo.es\/diario\/wp-content\/uploads\/2026\/01\/21012026-Confe-DDHH-YolandaDiaz-1383-1320x880.jpg 1320w\" sizes=\"auto, (max-width: 420px) 100vw, 420px\" \/><\/a><figcaption id=\"caption-attachment-30889639\" class=\"wp-caption-text\">Yolanda D\u00edaz, ministra de Trabajo y Econom\u00eda Social.<\/figcaption><\/figure>\n<p>La ministra Yolanda D\u00edaz, durante su conferencia, ha querido resaltar la importancia de vincular la soberan\u00eda y los derechos humanos como una v\u00eda clave para reactivar la democracia, tanto a nivel interno como a nivel internacional.<\/p>\n<p>El seminario, organizado por el Instituto Joaqu\u00edn Herrera Flores, el <a href=\"https:\/\/www.upo.es\/master\/Master-Oficial-Derechos-Humanos-Interculturalidad-y-Desarrollo\/\">M\u00e1ster Interuniversitario en Derechos Humanos, Interculturalidad y Desarrollo de la UPO y la Universidad Internacional de Andaluc\u00eda<\/a> y el apoyo de instituciones asociadas, re\u00fane a especialistas, acad\u00e9micos y acad\u00e9micas, juristas y liderazgos pol\u00edticos de distintos pa\u00edses para una reflexi\u00f3n cr\u00edtica sobre los desaf\u00edos actuales a la protecci\u00f3n de los derechos fundamentales a escala global.<\/p>\n<p>Entre los temas a debatir est\u00e1n los desaf\u00edos a la democracia y a la soberan\u00eda popular, las violaciones de los derechos humanos en situaciones de crisis, las relaciones entre econom\u00eda, capitalismo y patrimonializaci\u00f3n de los derechos, as\u00ed como los procesos de justicia transicional, memoria hist\u00f3rica y jurisdicci\u00f3n universal.<\/p>\n<p>El seminario cuenta con la participaci\u00f3n de otras figuras de reconocida trayectoria en el \u00e1mbito de los derechos humanos y del derecho internacional como el jurista Baltasar Garz\u00f3n; Mar\u00eda Jos\u00e9 Fari\u00f1as Dulce, de la Universidad Carlos III; la exministra de Justicia, Dolores Delgado; y la ministra del Tribunal Superior Electoral de Brasil, Estela Aranha, as\u00ed como otros invitados e invitadas nacionales e internacionales, que contribuyen al debate desde diversas perspectivas acad\u00e9micas, institucionales y pol\u00edticas.<\/p>\n<p><a href=\"https:\/\/www.upo.es\/diario\/wp-content\/uploads\/2026\/01\/Derechos-Humanos-Seminario.png\"><img loading=\"lazy\" decoding=\"async\" class=\"aligncenter wp-image-30889599 size-large\" src=\"https:\/\/www.upo.es\/diario\/wp-content\/uploads\/2026\/01\/Derechos-Humanos-Seminario-750x247.png\" alt=\"\" width=\"750\" height=\"247\" srcset=\"https:\/\/www.upo.es\/diario\/wp-content\/uploads\/2026\/01\/Derechos-Humanos-Seminario-750x247.png 750w, https:\/\/www.upo.es\/diario\/wp-content\/uploads\/2026\/01\/Derechos-Humanos-Seminario-420x138.png 420w, https:\/\/www.upo.es\/diario\/wp-content\/uploads\/2026\/01\/Derechos-Humanos-Seminario-768x253.png 768w, https:\/\/www.upo.es\/diario\/wp-content\/uploads\/2026\/01\/Derechos-Humanos-Seminario-1536x505.png 1536w, https:\/\/www.upo.es\/diario\/wp-content\/uploads\/2026\/01\/Derechos-Humanos-Seminario-2048x674.png 2048w, https:\/\/www.upo.es\/diario\/wp-content\/uploads\/2026\/01\/Derechos-Humanos-Seminario-1320x434.png 1320w\" sizes=\"auto, (max-width: 750px) 100vw, 750px\" \/><\/a><\/p>\n<p><a href=\"https:\/\/eventos.upo.es\/getFiles\/hash\/MkJDN5MWMxYWNmVTOjRWN1ATY3IGZ0cjMUTZ4UGM2Ez:NExXZnJ1VERlekg0OTJNK05RblN6cW1ENkdaY1JWNEd3UnFwVnBuOWlTWkltSlBkQ0p1Sy9FUStRSjFjVDdsdG90SDE4WWJyQnV2K0EyUVBhcld6YWE2elUySlVMeWNxZlhGcEpCOVUycGhiN1k3RUpqSkRqczA4V3hFTDhraXBmWmVhVy90K1FFNGpOVVg2dWdYNUtERUpuM1ZqdjFNbm56MTVDOXhxN3RJM3JIM2FTN3EwNDZsWkNNLy92c05CdUQ4eTFSTDhJY2twbVQxNk1sYVVrUT09\"><strong>Programa completo<\/strong><\/a><\/p>\n<p>&nbsp;<\/p>\n<p>&nbsp;<\/p>\n<p>&nbsp;<\/p>\n","protected":false},"excerpt":{"rendered":"<p>La vicepresidenta segunda del Gobierno y ministra de Trabajo y Econom\u00eda Social, Yolanda D\u00edaz P\u00e9rez, ha participado en la 16\u00aa edici\u00f3n del Seminario Internacional de Teor\u00eda Cr\u00edtica de los Derechos Humanos, que bajo el t\u00edtulo \u2018Democracia, Soberan\u00eda y Derechos Humanos: la humanidad en una encrucijada hist\u00f3rica\u2019, se est\u00e1 celebrando en la Universidad Pablo de Olavide los d\u00edas 20, 21 y 22 enero.<\/p>\n","protected":false},"author":4,"featured_media":30889639,"comment_status":"closed","ping_status":"open","sticky":false,"template":"","format":"standard","meta":{"_monsterinsights_skip_tracking":false,"_monsterinsights_sitenote_active":false,"_monsterinsights_sitenote_note":"","_monsterinsights_sitenote_category":0,"footnotes":""},"categories":[2779],"tags":[744,92,4626,3832,8187,9383,9386],"class_list":["post-30889637","post","type-post","status-publish","format-standard","has-post-thumbnail","hentry","category-docencia-formacion","tag-democracia","tag-derechos-humanos","tag-francisco-infante-ruiz","tag-master-en-derechos-humanos-interculturalidad-y-desarrollo","tag-seminario-de-teoria-critica","tag-soberania","tag-yolanda-diaz"],"_links":{"self":[{"href":"https:\/\/www.upo.es\/diario\/wp-json\/wp\/v2\/posts\/30889637","targetHints":{"allow":["GET"]}}],"collection":[{"href":"https:\/\/www.upo.es\/diario\/wp-json\/wp\/v2\/posts"}],"about":[{"href":"https:\/\/www.upo.es\/diario\/wp-json\/wp\/v2\/types\/post"}],"author":[{"embeddable":true,"href":"https:\/\/www.upo.es\/diario\/wp-json\/wp\/v2\/users\/4"}],"replies":[{"embeddable":true,"href":"https:\/\/www.upo.es\/diario\/wp-json\/wp\/v2\/comments?post=30889637"}],"version-history":[{"count":2,"href":"https:\/\/www.upo.es\/diario\/wp-json\/wp\/v2\/posts\/30889637\/revisions"}],"predecessor-version":[{"id":30889642,"href":"https:\/\/www.upo.es\/diario\/wp-json\/wp\/v2\/posts\/30889637\/revisions\/30889642"}],"wp:featuredmedia":[{"embeddable":true,"href":"https:\/\/www.upo.es\/diario\/wp-json\/wp\/v2\/media\/30889639"}],"wp:attachment":[{"href":"https:\/\/www.upo.es\/diario\/wp-json\/wp\/v2\/media?parent=30889637"}],"wp:term":[{"taxonomy":"category","embeddable":true,"href":"https:\/\/www.upo.es\/diario\/wp-json\/wp\/v2\/categories?post=30889637"},{"taxonomy":"post_tag","embeddable":true,"href":"https:\/\/www.upo.es\/diario\/wp-json\/wp\/v2\/tags?post=30889637"}],"curies":[{"name":"wp","href":"https:\/\/api.w.org\/{rel}","templated":true}]}}