{"id":30889672,"date":"2026-01-27T13:53:19","date_gmt":"2026-01-27T12:53:19","guid":{"rendered":"https:\/\/www.upo.es\/diario\/?p=30889672"},"modified":"2026-02-09T10:35:23","modified_gmt":"2026-02-09T09:35:23","slug":"comienzan-los-seminarios-academicos-del-aula-abierta-de-mayores","status":"publish","type":"post","link":"https:\/\/www.upo.es\/diario\/cultura-social\/2026\/01\/comienzan-los-seminarios-academicos-del-aula-abierta-de-mayores\/","title":{"rendered":"Comienzan los Seminarios Acad\u00e9micos del Aula Abierta de Mayores"},"content":{"rendered":"<figure id=\"attachment_30889673\" aria-describedby=\"caption-attachment-30889673\" style=\"width: 750px\" class=\"wp-caption aligncenter\"><a href=\"https:\/\/www.upo.es\/diario\/wp-content\/uploads\/2026\/01\/IMG_3818-scaled.jpg\"><img loading=\"lazy\" decoding=\"async\" class=\"size-large wp-image-30889673\" src=\"https:\/\/www.upo.es\/diario\/wp-content\/uploads\/2026\/01\/IMG_3818-750x429.jpg\" alt=\"\" width=\"750\" height=\"429\" srcset=\"https:\/\/www.upo.es\/diario\/wp-content\/uploads\/2026\/01\/IMG_3818-750x429.jpg 750w, https:\/\/www.upo.es\/diario\/wp-content\/uploads\/2026\/01\/IMG_3818-420x240.jpg 420w, https:\/\/www.upo.es\/diario\/wp-content\/uploads\/2026\/01\/IMG_3818-768x439.jpg 768w, https:\/\/www.upo.es\/diario\/wp-content\/uploads\/2026\/01\/IMG_3818-1536x878.jpg 1536w, https:\/\/www.upo.es\/diario\/wp-content\/uploads\/2026\/01\/IMG_3818-2048x1170.jpg 2048w, https:\/\/www.upo.es\/diario\/wp-content\/uploads\/2026\/01\/IMG_3818-1320x754.jpg 1320w\" sizes=\"auto, (max-width: 750px) 100vw, 750px\" \/><\/a><figcaption id=\"caption-attachment-30889673\" class=\"wp-caption-text\">Seminarios del Aula Abierta de Mayores en el Paraninfo<\/figcaption><\/figure>\n<p>El Paraninfo de la Universidad Pablo de Olavide ha acogido en la ma\u00f1ana de este martes la inauguraci\u00f3n de los <strong>Seminarios Acad\u00e9micos del programa Aula Abierta de Mayores<\/strong>, una actividad que se desarrollar\u00e1 en dos d\u00edas y en la que participan personas mayores de 50 a\u00f1os inscritas en el programa en las 23 sedes universitarias activas durante este curso acad\u00e9mico 2025\/2026. La actividad est\u00e1 organizada por el vicerrectorado de Cultura y Pol\u00edticas Sociales y se enmarca en el Programa de Envejecimiento Activo y Solidaridad Intergeneracional.<\/p>\n<p>Los seminarios han sido inaugurados por la vicerrectora de Cultura y Pol\u00edticas Sociales, Laura G\u00f3mez-Ruiz, y por la directora acad\u00e9mica del programa, Manuela Dom\u00ednguez Orta, quienes han dado la bienvenida a los primeros municipios que participan en estos seminarios, una actividad que complementa el programa acad\u00e9mico que se desarrolla en cada una de las sedes a la vez que crea un espacio de encuentro para el alumnado de las diferentes sedes y un nexo de uni\u00f3n con su universidad. Durante ambas jornadas, las diferentes sedes municipales tendr\u00e1n la oportunidad de conocer aspectos m\u00e1s concretos de la inteligencia artificial, tem\u00e1tica que centra la programaci\u00f3n de los seminarios en esta edici\u00f3n.<\/p>\n<p>Tras la inauguraci\u00f3n, se ha celebrado la primera de las dos ponencias que se desarrollar\u00e1n en cada una de las sesiones, bajo el t\u00edtulo \u2018\u00bfInteligencia artificial vs inteligencia cr\u00edtica? Algunas ideas para pensar un humanismo tecnol\u00f3gico\u2019 el profesor Rafael Rodr\u00edguez Prieto, catedr\u00e1tico del \u00e1rea de Filosof\u00eda del Derecho y Pol\u00edtica de la UPO, ha abordado de manera cr\u00edtica el uso de redes sociales, Internet y la Inteligencia Artificial. A continuaci\u00f3n, y en el mismo campo, \u00c1ngel M. Delgado V\u00e1zquez, jefe del Servicio de Soporte al Aprendizaje y la Investigaci\u00f3n en la Biblioteca\/CRAI de la universidad, ha desarrollado la ponencia \u2018La inteligencia artificial explicada sin tecnicismos: c\u00f3mo funciona y c\u00f3mo influye en nuestra vida diaria\u2019, abordando la forma en la que esta herramienta ha pasado a formar parte de nuestra vida cotidiana como una herramienta \u00fatil y positiva si se usa con criterio y sentido com\u00fan.<\/p>\n<p><a href=\"https:\/\/www.upo.es\/diario\/wp-content\/uploads\/2026\/01\/IMG_3854-scaled.jpg\"><img loading=\"lazy\" decoding=\"async\" class=\"alignright size-medium wp-image-30889674\" src=\"https:\/\/www.upo.es\/diario\/wp-content\/uploads\/2026\/01\/IMG_3854-420x280.jpg\" alt=\"\" width=\"420\" height=\"280\" srcset=\"https:\/\/www.upo.es\/diario\/wp-content\/uploads\/2026\/01\/IMG_3854-420x280.jpg 420w, https:\/\/www.upo.es\/diario\/wp-content\/uploads\/2026\/01\/IMG_3854-750x500.jpg 750w, https:\/\/www.upo.es\/diario\/wp-content\/uploads\/2026\/01\/IMG_3854-768x512.jpg 768w, https:\/\/www.upo.es\/diario\/wp-content\/uploads\/2026\/01\/IMG_3854-1536x1024.jpg 1536w, https:\/\/www.upo.es\/diario\/wp-content\/uploads\/2026\/01\/IMG_3854-2048x1365.jpg 2048w, https:\/\/www.upo.es\/diario\/wp-content\/uploads\/2026\/01\/IMG_3854-165x109.jpg 165w, https:\/\/www.upo.es\/diario\/wp-content\/uploads\/2026\/01\/IMG_3854-1320x880.jpg 1320w\" sizes=\"auto, (max-width: 420px) 100vw, 420px\" \/><\/a>A esta primera sesi\u00f3n de los Seminarios Acad\u00e9micos han acudido los alumnos y alumnas de los municipios de: Almensilla, Aznalc\u00f3llar, Bormujos, Casariche, El Viso del Alcor, Gilena, Gines, La Puebla de Cazalla, Mairena del Alcor, Pedrera, Pilas y Tomares. La segunda jornada, que se celebrar\u00e1 ma\u00f1ana con la misma programaci\u00f3n, contar\u00e1 con la asistencia del alumnado de las sedes municipales de: Alcal\u00e1 de Guada\u00edra, Bollullos de la Mitaci\u00f3n, Castilleja de la Cuesta, Dos Hermanas, Gerena, Herrera, La Algaba, Las Cabezas de San Juan, Lebrija, Salteras y Santiponce.<\/p>\n<p>El Aula Abierta de Mayores de la UPO, gestionada por la Fundaci\u00f3n Universidad Pablo de Olavide, tiene como principal objetivo integrar a las personas mayores en la vida universitaria, ampliando sus conocimientos y promoviendo su participaci\u00f3n en la sociedad a trav\u00e9s de actividades art\u00edsticas y culturales. El programa Aula Abierta de Mayores, que en este curso acad\u00e9mico cuenta con m\u00e1s de 1.300 mayores inscritos, est\u00e1 financiado por la Diputaci\u00f3n de Sevilla, la Consejer\u00eda de Inclusi\u00f3n Social, Juventud, Familias e Igualdad de la Junta de Andaluc\u00eda, la Fundaci\u00f3n La Caixa y los ayuntamientos de los municipios adscritos al programa.<\/p>\n<p>M\u00e1s informaci\u00f3n: <a href=\"https:\/\/www.upo.es\/aula-mayores\/envejecimiento-activo\/seminarios_academicos\/\">Seminarios Acad\u00e9micos AAM<\/a><\/p>\n<p>Fuente: Fundaci\u00f3n Universidad Pablo de Olavide<\/p>\n<p>&nbsp;<\/p>\n<p>&nbsp;<\/p>\n<p>&nbsp;<\/p>\n","protected":false},"excerpt":{"rendered":"<p>El Paraninfo de la Universidad Pablo de Olavide ha acogido la inauguraci\u00f3n de los Seminarios Acad\u00e9micos del programa Aula Abierta de Mayores, una actividad que se desarrollar\u00e1 en dos d\u00edas y en la que participan personas mayores de 50 a\u00f1os inscritas en el programa en las 23 sedes universitarias activas durante este curso acad\u00e9mico 2025\/2026. La actividad est\u00e1 organizada por el vicerrectorado de Cultura y Pol\u00edticas Sociales y se enmarca en el Programa de Envejecimiento Activo y Solidaridad Intergeneracional.<\/p>\n","protected":false},"author":4,"featured_media":30889673,"comment_status":"closed","ping_status":"open","sticky":false,"template":"","format":"standard","meta":{"_monsterinsights_skip_tracking":false,"_monsterinsights_sitenote_active":false,"_monsterinsights_sitenote_note":"","_monsterinsights_sitenote_category":0,"footnotes":""},"categories":[5843],"tags":[52,2474,7824,1996,7194],"class_list":["post-30889672","post","type-post","status-publish","format-standard","has-post-thumbnail","hentry","category-cultura-social","tag-aula-abierta-de-mayores","tag-fundacion-universidad-pablo-de-olavide","tag-laura-gomez-ruiz","tag-seminarios","tag-vicerrectorado-de-cultura-y-politicas-sociales"],"_links":{"self":[{"href":"https:\/\/www.upo.es\/diario\/wp-json\/wp\/v2\/posts\/30889672","targetHints":{"allow":["GET"]}}],"collection":[{"href":"https:\/\/www.upo.es\/diario\/wp-json\/wp\/v2\/posts"}],"about":[{"href":"https:\/\/www.upo.es\/diario\/wp-json\/wp\/v2\/types\/post"}],"author":[{"embeddable":true,"href":"https:\/\/www.upo.es\/diario\/wp-json\/wp\/v2\/users\/4"}],"replies":[{"embeddable":true,"href":"https:\/\/www.upo.es\/diario\/wp-json\/wp\/v2\/comments?post=30889672"}],"version-history":[{"count":2,"href":"https:\/\/www.upo.es\/diario\/wp-json\/wp\/v2\/posts\/30889672\/revisions"}],"predecessor-version":[{"id":30889676,"href":"https:\/\/www.upo.es\/diario\/wp-json\/wp\/v2\/posts\/30889672\/revisions\/30889676"}],"wp:featuredmedia":[{"embeddable":true,"href":"https:\/\/www.upo.es\/diario\/wp-json\/wp\/v2\/media\/30889673"}],"wp:attachment":[{"href":"https:\/\/www.upo.es\/diario\/wp-json\/wp\/v2\/media?parent=30889672"}],"wp:term":[{"taxonomy":"category","embeddable":true,"href":"https:\/\/www.upo.es\/diario\/wp-json\/wp\/v2\/categories?post=30889672"},{"taxonomy":"post_tag","embeddable":true,"href":"https:\/\/www.upo.es\/diario\/wp-json\/wp\/v2\/tags?post=30889672"}],"curies":[{"name":"wp","href":"https:\/\/api.w.org\/{rel}","templated":true}]}}