{"id":30889677,"date":"2026-01-27T15:45:30","date_gmt":"2026-01-27T14:45:30","guid":{"rendered":"https:\/\/www.upo.es\/diario\/?p=30889677"},"modified":"2026-01-28T09:33:25","modified_gmt":"2026-01-28T08:33:25","slug":"la-upo-acoge-la-reunion-entre-la-consejeria-de-cultura-y-el-tejido-asociativo-del-flamenco","status":"publish","type":"post","link":"https:\/\/www.upo.es\/diario\/cultura-social\/2026\/01\/la-upo-acoge-la-reunion-entre-la-consejeria-de-cultura-y-el-tejido-asociativo-del-flamenco\/","title":{"rendered":"La UPO acoge la reuni\u00f3n entre la Consejer\u00eda de Cultura y el tejido asociativo del Flamenco"},"content":{"rendered":"<figure id=\"attachment_30889678\" aria-describedby=\"caption-attachment-30889678\" style=\"width: 750px\" class=\"wp-caption aligncenter\"><a href=\"https:\/\/www.upo.es\/diario\/wp-content\/uploads\/2026\/01\/Flamenco-IAF01.jpg\"><img loading=\"lazy\" decoding=\"async\" class=\"size-large wp-image-30889678\" src=\"https:\/\/www.upo.es\/diario\/wp-content\/uploads\/2026\/01\/Flamenco-IAF01-750x513.jpg\" alt=\"\" width=\"750\" height=\"513\" srcset=\"https:\/\/www.upo.es\/diario\/wp-content\/uploads\/2026\/01\/Flamenco-IAF01-750x513.jpg 750w, https:\/\/www.upo.es\/diario\/wp-content\/uploads\/2026\/01\/Flamenco-IAF01-420x287.jpg 420w, https:\/\/www.upo.es\/diario\/wp-content\/uploads\/2026\/01\/Flamenco-IAF01-768x525.jpg 768w, https:\/\/www.upo.es\/diario\/wp-content\/uploads\/2026\/01\/Flamenco-IAF01-1536x1051.jpg 1536w, https:\/\/www.upo.es\/diario\/wp-content\/uploads\/2026\/01\/Flamenco-IAF01-2048x1401.jpg 2048w, https:\/\/www.upo.es\/diario\/wp-content\/uploads\/2026\/01\/Flamenco-IAF01-1320x903.jpg 1320w\" sizes=\"auto, (max-width: 750px) 100vw, 750px\" \/><\/a><figcaption id=\"caption-attachment-30889678\" class=\"wp-caption-text\">El director de la C\u00e1tedra Olavide de Flamenco, Norberto D\u00edaz, y el secretario general de Innovaci\u00f3n Cultural y Museos, Jos\u00e9 \u00c1ngel V\u00e9lez, junto a representantes del tejido asociativo del Flamenco de Andaluc\u00eda.<\/figcaption><\/figure>\n<p>Con el objetivo de impulsar la colaboraci\u00f3n institucional y reforzar su papel en la preservaci\u00f3n y difusi\u00f3n del arte jondo en Andaluc\u00eda, la Universidad Pablo de Olavide, a trav\u00e9s de su <a href=\"https:\/\/catedraflamencoupo.com\/\"><strong>C\u00e1tedra Olavide de Flamenco<\/strong><\/a>, ha acogido esta ma\u00f1ana el <strong>encuentro anual entre la Consejer\u00eda de Cultura y Deportes y la Confederaci\u00f3n Andaluza de Pe\u00f1as Flamencas, as\u00ed como las ocho federaciones provinciales <\/strong>para plantear las principales l\u00edneas de trabajo previstas para el a\u00f1o 2026.<\/p>\n<p>El encuentro ha sido presentado por el director de la C\u00e1tedra Olavide de Flamenco, Norberto D\u00edaz D\u00edaz, y han participado Jos\u00e9 \u00c1ngel V\u00e9lez, secretario general de Innovaci\u00f3n Cultural y Museos, y Crist\u00f3bal Ortega, director del Instituto Andaluz del Flamenco. Por parte de las pe\u00f1as andaluzas ha encabezado la delegaci\u00f3n la presidenta de la Confederaci\u00f3n Andaluza de Pe\u00f1as Flamencas, Concha Prieto, as\u00ed como portavoces de las federaciones provinciales de C\u00e1diz, C\u00f3rdoba, Huelva, Ja\u00e9n, M\u00e1laga y Sevilla.<\/p>\n<p>Durante la presentaci\u00f3n, el director de la C\u00e1tedra Olavide de Flamenco, <strong>Norberto D\u00edaz<\/strong>, ha resaltado que \u201cpara la Universidad Pablo de Olavide es fundamental abrir sus puertas al entramado de pe\u00f1as y federaciones, tal y como impulsa la Ley Andaluza del Flamenco, y situar a la Universidad en el coraz\u00f3n de la vida flamenca, acompa\u00f1ando al Instituto Andaluz del Flamenco y al movimiento asociativo en sus retos presentes y futuros\u201d.<\/p>\n<p><a href=\"https:\/\/www.upo.es\/diario\/wp-content\/uploads\/2026\/01\/Flamenco-IAF03.jpg\"><img loading=\"lazy\" decoding=\"async\" class=\"alignright wp-image-30889679 size-medium\" src=\"https:\/\/www.upo.es\/diario\/wp-content\/uploads\/2026\/01\/Flamenco-IAF03-420x280.jpg\" alt=\"\" width=\"420\" height=\"280\" srcset=\"https:\/\/www.upo.es\/diario\/wp-content\/uploads\/2026\/01\/Flamenco-IAF03-420x280.jpg 420w, https:\/\/www.upo.es\/diario\/wp-content\/uploads\/2026\/01\/Flamenco-IAF03-750x500.jpg 750w, https:\/\/www.upo.es\/diario\/wp-content\/uploads\/2026\/01\/Flamenco-IAF03-768x512.jpg 768w, https:\/\/www.upo.es\/diario\/wp-content\/uploads\/2026\/01\/Flamenco-IAF03-1536x1024.jpg 1536w, https:\/\/www.upo.es\/diario\/wp-content\/uploads\/2026\/01\/Flamenco-IAF03-2048x1366.jpg 2048w, https:\/\/www.upo.es\/diario\/wp-content\/uploads\/2026\/01\/Flamenco-IAF03-165x109.jpg 165w, https:\/\/www.upo.es\/diario\/wp-content\/uploads\/2026\/01\/Flamenco-IAF03-1320x880.jpg 1320w\" sizes=\"auto, (max-width: 420px) 100vw, 420px\" \/><\/a>Por su parte, el secretario general de Innovaci\u00f3n Cultural y Museos, <strong>Jos\u00e9 \u00c1ngel V\u00e9lez<\/strong>, ha destacado que estos programas \u201cconfirman el compromiso de la Consejer\u00eda de Cultura con las pe\u00f1as flamencas, aut\u00e9nticas guardianas del patrimonio cultural andaluz\u201d.<\/p>\n<p>La UPO acoge en su campus esta cita anual como expresi\u00f3n de su compromiso con el Flamenco como patrimonio cultural, acad\u00e9mico y social. \u00a0La C\u00e1tedra Olavide de Flamenco ha colaborado en la organizaci\u00f3n de este encuentro, reafirmando su vocaci\u00f3n de convertirse en un espacio de di\u00e1logo entre el mundo acad\u00e9mico, las instituciones p\u00fablicas y el tejido asociativo.<\/p>\n<p>Desde su creaci\u00f3n, la C\u00e1tedra, integrada en la pol\u00edtica cultural del Vicerrectorado de Cultura y Pol\u00edticas Sociales de la UPO, impulsa proyectos orientados a la investigaci\u00f3n, la formaci\u00f3n, la promoci\u00f3n y la difusi\u00f3n del flamenco para acercar la Universidad al seno del flamenco y consolidarse como un instrumento al servicio de la cultura andaluza y de la colaboraci\u00f3n con las instituciones y colectivos que la hacen posible.<\/p>\n","protected":false},"excerpt":{"rendered":"<p>Con el objetivo de impulsar la colaboraci\u00f3n institucional y reforzar su papel en la preservaci\u00f3n y difusi\u00f3n del arte jondo en Andaluc\u00eda, la Universidad Pablo de Olavide, a trav\u00e9s de su C\u00e1tedra Olavide de Flamenco, ha acogido el encuentro anual entre la Consejer\u00eda de Cultura y Deportes y la Confederaci\u00f3n Andaluza de Pe\u00f1as Flamencas, as\u00ed como las ocho federaciones provinciales para plantear las principales l\u00edneas de trabajo previstas para el a\u00f1o 2026.<\/p>\n","protected":false},"author":4,"featured_media":30889678,"comment_status":"closed","ping_status":"open","sticky":false,"template":"","format":"standard","meta":{"_monsterinsights_skip_tracking":false,"_monsterinsights_sitenote_active":false,"_monsterinsights_sitenote_note":"","_monsterinsights_sitenote_category":0,"footnotes":""},"categories":[5843],"tags":[9302,9116,3939,9390,6082,7194],"class_list":["post-30889677","post","type-post","status-publish","format-standard","has-post-thumbnail","hentry","category-cultura-social","tag-catedra-olavide-de-flamenco","tag-consejeria-de-cultura-y-deporte","tag-instituto-andaluz-del-flamenco","tag-penas-flamencas","tag-reunion-de-trabajo","tag-vicerrectorado-de-cultura-y-politicas-sociales"],"_links":{"self":[{"href":"https:\/\/www.upo.es\/diario\/wp-json\/wp\/v2\/posts\/30889677","targetHints":{"allow":["GET"]}}],"collection":[{"href":"https:\/\/www.upo.es\/diario\/wp-json\/wp\/v2\/posts"}],"about":[{"href":"https:\/\/www.upo.es\/diario\/wp-json\/wp\/v2\/types\/post"}],"author":[{"embeddable":true,"href":"https:\/\/www.upo.es\/diario\/wp-json\/wp\/v2\/users\/4"}],"replies":[{"embeddable":true,"href":"https:\/\/www.upo.es\/diario\/wp-json\/wp\/v2\/comments?post=30889677"}],"version-history":[{"count":2,"href":"https:\/\/www.upo.es\/diario\/wp-json\/wp\/v2\/posts\/30889677\/revisions"}],"predecessor-version":[{"id":30889681,"href":"https:\/\/www.upo.es\/diario\/wp-json\/wp\/v2\/posts\/30889677\/revisions\/30889681"}],"wp:featuredmedia":[{"embeddable":true,"href":"https:\/\/www.upo.es\/diario\/wp-json\/wp\/v2\/media\/30889678"}],"wp:attachment":[{"href":"https:\/\/www.upo.es\/diario\/wp-json\/wp\/v2\/media?parent=30889677"}],"wp:term":[{"taxonomy":"category","embeddable":true,"href":"https:\/\/www.upo.es\/diario\/wp-json\/wp\/v2\/categories?post=30889677"},{"taxonomy":"post_tag","embeddable":true,"href":"https:\/\/www.upo.es\/diario\/wp-json\/wp\/v2\/tags?post=30889677"}],"curies":[{"name":"wp","href":"https:\/\/api.w.org\/{rel}","templated":true}]}}