{"id":30889696,"date":"2026-01-28T13:45:32","date_gmt":"2026-01-28T12:45:32","guid":{"rendered":"https:\/\/www.upo.es\/diario\/?p=30889696"},"modified":"2026-02-09T10:35:17","modified_gmt":"2026-02-09T09:35:17","slug":"mas-430-estudiantes-extranjeros-inician-semestre-centro-universitario-internacional-upo","status":"publish","type":"post","link":"https:\/\/www.upo.es\/diario\/comunidad\/2026\/01\/mas-430-estudiantes-extranjeros-inician-semestre-centro-universitario-internacional-upo\/","title":{"rendered":"M\u00e1s de 430 estudiantes extranjeros inician el semestre en el Centro Universitario Internacional de la UPO"},"content":{"rendered":"<figure id=\"attachment_30889698\" aria-describedby=\"caption-attachment-30889698\" style=\"width: 750px\" class=\"wp-caption aligncenter\"><a href=\"https:\/\/www.upo.es\/diario\/wp-content\/uploads\/2026\/01\/Estudiantes-Extranjeros-CUI-2.jpg\"><img loading=\"lazy\" decoding=\"async\" class=\"size-large wp-image-30889698\" src=\"https:\/\/www.upo.es\/diario\/wp-content\/uploads\/2026\/01\/Estudiantes-Extranjeros-CUI-2-750x500.jpg\" alt=\"\" width=\"750\" height=\"500\" srcset=\"https:\/\/www.upo.es\/diario\/wp-content\/uploads\/2026\/01\/Estudiantes-Extranjeros-CUI-2-750x500.jpg 750w, https:\/\/www.upo.es\/diario\/wp-content\/uploads\/2026\/01\/Estudiantes-Extranjeros-CUI-2-420x280.jpg 420w, https:\/\/www.upo.es\/diario\/wp-content\/uploads\/2026\/01\/Estudiantes-Extranjeros-CUI-2-768x512.jpg 768w, https:\/\/www.upo.es\/diario\/wp-content\/uploads\/2026\/01\/Estudiantes-Extranjeros-CUI-2-1536x1024.jpg 1536w, https:\/\/www.upo.es\/diario\/wp-content\/uploads\/2026\/01\/Estudiantes-Extranjeros-CUI-2-2048x1366.jpg 2048w, https:\/\/www.upo.es\/diario\/wp-content\/uploads\/2026\/01\/Estudiantes-Extranjeros-CUI-2-165x109.jpg 165w, https:\/\/www.upo.es\/diario\/wp-content\/uploads\/2026\/01\/Estudiantes-Extranjeros-CUI-2-1320x880.jpg 1320w\" sizes=\"auto, (max-width: 750px) 100vw, 750px\" \/><\/a><figcaption id=\"caption-attachment-30889698\" class=\"wp-caption-text\">El Centro Universitario Internacional de la UPO da la bienvenida a los estudiantes extranjeros.<\/figcaption><\/figure>\n<p>El Paraninfo de la Universidad Pablo de Olavide ha acogido la jornada de bienvenida y recepci\u00f3n de los <strong>m\u00e1s de 430 nuevos estudiantes del <\/strong><a href=\"https:\/\/www.upo.es\/intl\/\"><strong>Centro Universitario Internacional (CUI),<\/strong><\/a> que este semestre cursar\u00e1n alguno de los programas que ofrece este centro para el alumnado de otros pa\u00edses que quieren estudiar en Espa\u00f1a. Esta cifra supone un aumento con respecto al n\u00famero de estudiantes que visitaron la UPO en 2025, consolidando los programas para alumnado extranjero del CUI.<\/p>\n<p>Entre la oferta acad\u00e9mica ofertada propuesta para este semestre se encuentran: el <strong>Programa de Estudios Multidisciplinares<\/strong>, que est\u00e1 dise\u00f1ado para estudiantes de otros pa\u00edses que quieran cursar un semestre o a\u00f1o en el extranjero mientras contin\u00faan con sus estudios universitarios; y el <strong>Programa de Inmersi\u00f3n Universitaria (PIU)<\/strong>, que est\u00e1 dise\u00f1ado para el alumnado con un nivel muy avanzado de la lengua espa\u00f1ola y que desean integrarse plenamente en una universidad espa\u00f1ola. Adem\u00e1s de estos dos programas, los m\u00e1s demandados, el CUI ofrece otros programas de lengua espa\u00f1ola, de corta duraci\u00f3n y dirigidos a estudiantes extranjeros que desean practicar el espa\u00f1ol.<\/p>\n<p><a href=\"https:\/\/www.upo.es\/diario\/wp-content\/uploads\/2026\/01\/Estudiantes-Extranjeros-CUI-1.jpg\"><img loading=\"lazy\" decoding=\"async\" class=\"alignright size-medium wp-image-30889697\" src=\"https:\/\/www.upo.es\/diario\/wp-content\/uploads\/2026\/01\/Estudiantes-Extranjeros-CUI-1-420x280.jpg\" alt=\"\" width=\"420\" height=\"280\" srcset=\"https:\/\/www.upo.es\/diario\/wp-content\/uploads\/2026\/01\/Estudiantes-Extranjeros-CUI-1-420x280.jpg 420w, https:\/\/www.upo.es\/diario\/wp-content\/uploads\/2026\/01\/Estudiantes-Extranjeros-CUI-1-750x500.jpg 750w, https:\/\/www.upo.es\/diario\/wp-content\/uploads\/2026\/01\/Estudiantes-Extranjeros-CUI-1-768x512.jpg 768w, https:\/\/www.upo.es\/diario\/wp-content\/uploads\/2026\/01\/Estudiantes-Extranjeros-CUI-1-1536x1024.jpg 1536w, https:\/\/www.upo.es\/diario\/wp-content\/uploads\/2026\/01\/Estudiantes-Extranjeros-CUI-1-2048x1366.jpg 2048w, https:\/\/www.upo.es\/diario\/wp-content\/uploads\/2026\/01\/Estudiantes-Extranjeros-CUI-1-165x109.jpg 165w, https:\/\/www.upo.es\/diario\/wp-content\/uploads\/2026\/01\/Estudiantes-Extranjeros-CUI-1-1320x880.jpg 1320w\" sizes=\"auto, (max-width: 420px) 100vw, 420px\" \/><\/a>Seg\u00fan su procedencia, la mayor\u00eda de alumnos y alumnas de este semestre provienen de pa\u00edses como Alemania, Brasil, Canad\u00e1, Costa Rica, Espa\u00f1a, Estados Unidos, Etiop\u00eda, Francia, Georgia, Hungr\u00eda, Irlanda, Jap\u00f3n, Jordania, Bahamas, Luxemburgo, Per\u00fa y Rep\u00fablica Dominicana.<\/p>\n<p>Adem\u00e1s de la formaci\u00f3n acad\u00e9mica que se ofrece a los nuevos estudiantes, durante los pr\u00f3ximos meses el alumnado participar\u00e1 en actividades que organiza el CUI para que conozcan el entorno social y cultural de la ciudad, as\u00ed como del resto de Andaluc\u00eda, a la vez que se proponen actividades l\u00fadicas y deportivas para fomentar la relaci\u00f3n y el intercambio cultural con el resto de estudiantes de la Universidad Pablo de Olavide.<\/p>\n<p>El Centro Universitario Internacional, gestionado por la Fundaci\u00f3n Universidad Pablo de Olavide, se fund\u00f3 en el a\u00f1o 2003 y desde entonces ofrece una amplia variedad de programas abiertas a estudiantes de los diferentes pa\u00edses del mundo. Adem\u00e1s, es un centro miembro de la Asociaci\u00f3n de Programas Universitarios Norteamericanos en Espa\u00f1a (APUNE) y del Servicio Espa\u00f1ol para la Internacionalizaci\u00f3n de la Educaci\u00f3n (SEPIE).<\/p>\n<p>Fuente: Fundaci\u00f3n Universidad Pablo de Olavide<\/p>\n","protected":false},"excerpt":{"rendered":"<p>El Paraninfo de la Universidad Pablo de Olavide ha acogido la jornada de bienvenida y recepci\u00f3n de los m\u00e1s de 430 nuevos estudiantes extranjeros del Centro Universitario Internacional (CUI), que este semestre cursar\u00e1n alguno de los programas que ofrece este centro para el alumnado de otros pa\u00edses que quieren estudiar en Espa\u00f1a. Esta cifra supone un aumento con respecto al n\u00famero de estudiantes que visitaron la UPO en 2025, consolidando los programas para alumnado extranjero del CUI.<\/p>\n","protected":false},"author":4,"featured_media":30889698,"comment_status":"closed","ping_status":"open","sticky":false,"template":"","format":"standard","meta":{"_monsterinsights_skip_tracking":false,"_monsterinsights_sitenote_active":false,"_monsterinsights_sitenote_note":"","_monsterinsights_sitenote_category":0,"footnotes":""},"categories":[5842],"tags":[155,906,4874,3531,2474],"class_list":["post-30889696","post","type-post","status-publish","format-standard","has-post-thumbnail","hentry","category-comunidad","tag-centro-universitario-internacional","tag-cui","tag-ensenanza-de-espanol","tag-estudiantes-internacionales","tag-fundacion-universidad-pablo-de-olavide"],"_links":{"self":[{"href":"https:\/\/www.upo.es\/diario\/wp-json\/wp\/v2\/posts\/30889696","targetHints":{"allow":["GET"]}}],"collection":[{"href":"https:\/\/www.upo.es\/diario\/wp-json\/wp\/v2\/posts"}],"about":[{"href":"https:\/\/www.upo.es\/diario\/wp-json\/wp\/v2\/types\/post"}],"author":[{"embeddable":true,"href":"https:\/\/www.upo.es\/diario\/wp-json\/wp\/v2\/users\/4"}],"replies":[{"embeddable":true,"href":"https:\/\/www.upo.es\/diario\/wp-json\/wp\/v2\/comments?post=30889696"}],"version-history":[{"count":2,"href":"https:\/\/www.upo.es\/diario\/wp-json\/wp\/v2\/posts\/30889696\/revisions"}],"predecessor-version":[{"id":30889700,"href":"https:\/\/www.upo.es\/diario\/wp-json\/wp\/v2\/posts\/30889696\/revisions\/30889700"}],"wp:featuredmedia":[{"embeddable":true,"href":"https:\/\/www.upo.es\/diario\/wp-json\/wp\/v2\/media\/30889698"}],"wp:attachment":[{"href":"https:\/\/www.upo.es\/diario\/wp-json\/wp\/v2\/media?parent=30889696"}],"wp:term":[{"taxonomy":"category","embeddable":true,"href":"https:\/\/www.upo.es\/diario\/wp-json\/wp\/v2\/categories?post=30889696"},{"taxonomy":"post_tag","embeddable":true,"href":"https:\/\/www.upo.es\/diario\/wp-json\/wp\/v2\/tags?post=30889696"}],"curies":[{"name":"wp","href":"https:\/\/api.w.org\/{rel}","templated":true}]}}