{"id":30889714,"date":"2026-01-29T12:36:21","date_gmt":"2026-01-29T11:36:21","guid":{"rendered":"https:\/\/www.upo.es\/diario\/?p=30889714"},"modified":"2026-02-09T10:34:40","modified_gmt":"2026-02-09T09:34:40","slug":"upo-consejeria-cultura-lanzan-nueva-edicion-microcredencial-gestion-cultural-flamenco","status":"publish","type":"post","link":"https:\/\/www.upo.es\/diario\/institucional\/2026\/01\/upo-consejeria-cultura-lanzan-nueva-edicion-microcredencial-gestion-cultural-flamenco\/","title":{"rendered":"La UPO y la Consejer\u00eda de Cultura lanzan una nueva edici\u00f3n de su microcredencial en gesti\u00f3n cultural del flamenco"},"content":{"rendered":"<p><a href=\"https:\/\/www.upo.es\/diario\/wp-content\/uploads\/2026\/01\/microcredencial-flamenco-UPO.jpg\"><img loading=\"lazy\" decoding=\"async\" class=\"aligncenter size-large wp-image-30889715\" src=\"https:\/\/www.upo.es\/diario\/wp-content\/uploads\/2026\/01\/microcredencial-flamenco-UPO-750x500.jpg\" alt=\"\" width=\"750\" height=\"500\" srcset=\"https:\/\/www.upo.es\/diario\/wp-content\/uploads\/2026\/01\/microcredencial-flamenco-UPO-750x500.jpg 750w, https:\/\/www.upo.es\/diario\/wp-content\/uploads\/2026\/01\/microcredencial-flamenco-UPO-420x280.jpg 420w, https:\/\/www.upo.es\/diario\/wp-content\/uploads\/2026\/01\/microcredencial-flamenco-UPO-768x512.jpg 768w, https:\/\/www.upo.es\/diario\/wp-content\/uploads\/2026\/01\/microcredencial-flamenco-UPO-1536x1024.jpg 1536w, https:\/\/www.upo.es\/diario\/wp-content\/uploads\/2026\/01\/microcredencial-flamenco-UPO-165x109.jpg 165w, https:\/\/www.upo.es\/diario\/wp-content\/uploads\/2026\/01\/microcredencial-flamenco-UPO-1320x880.jpg 1320w, https:\/\/www.upo.es\/diario\/wp-content\/uploads\/2026\/01\/microcredencial-flamenco-UPO.jpg 1920w\" sizes=\"auto, (max-width: 750px) 100vw, 750px\" \/><\/a><\/p>\n<p>La <strong>Universidad Pablo de Olavide<\/strong> y <strong>el Instituto Andaluz del Flamenco<\/strong>, dependiente de la <strong>Consejer\u00eda de Cultura y Deporte<\/strong>, comienzan el pr\u00f3ximo 24 de febrero una nueva edici\u00f3n, la tercera, de su <strong>microcredencial conjunta \u2018Especialista en gesti\u00f3n cultural del flamenco\u2019<\/strong>, una formaci\u00f3n especializada que busca promover el conocimiento y la difusi\u00f3n del flamenco a trav\u00e9s de la profesionalizaci\u00f3n del sector y que cuenta con la colaboraci\u00f3n de la <strong>C\u00e1tedra de Flamenco de la UPO<\/strong>.<\/p>\n<p>Este t\u00edtulo ofrece una formaci\u00f3n te\u00f3rica de 75 horas de docencia y 10 cr\u00e9ditos ECTS, abordando los principales aspectos, claves y conocimientos necesarios para capacitarse como especialista en gesti\u00f3n cultural del flamenco. El curso estar\u00e1 impartido por profesionales de cada una de las ramas que se han incluido en el programa y pretende ofrecer un completo y profundo conocimiento sobre la tem\u00e1tica.<\/p>\n<p>Esta microcredencial, que ya ha formado a 50 profesionales en la materia, est\u00e1 dirigida fundamentalmente a gestores culturales, artistas de flamenco y a estudiantes y profesionales de la Administraci\u00f3n y Direcci\u00f3n de Empresas, o perfiles similares, con o sin experiencia en el \u00e1mbito del flamenco. El curso cuenta con la direcci\u00f3n acad\u00e9mica de Norberto D\u00edaz, director de la C\u00e1tedra de Flamenco de la UPO; y con la direcci\u00f3n ejecutiva de Crist\u00f3bal Ortega, director del Instituto Andaluz del Flamenco.<\/p>\n<p>El curso centrar\u00e1 sus contenidos en el estudio y an\u00e1lisis del flamenco como industria cultural, aspectos espec\u00edficos de su gesti\u00f3n, la distribuci\u00f3n, financiaci\u00f3n, producci\u00f3n y marketing de proyectos culturales, as\u00ed como los aspectos legales relacionados con estos contenidos. La formaci\u00f3n se cerrar\u00e1 con la realizaci\u00f3n y presentaci\u00f3n por parte del alumnado de un proyecto final en el que se aplicar\u00e1n los conocimientos adquiridos.<\/p>\n<p>Esta formaci\u00f3n est\u00e1 gestionada por la Fundaci\u00f3n Universidad Pablo de Olavide y se enmarca en el convenio de colaboraci\u00f3n firmado entre la Universidad Pablo de Olavide y la Consejer\u00eda de Cultura y Deporte para apoyar la realizaci\u00f3n de actividades de formaci\u00f3n, investigaci\u00f3n, difusi\u00f3n y transferencia del conocimiento y la producci\u00f3n y creaci\u00f3n cultural y art\u00edsticas en el \u00e1mbito universitario y que incluye entre otras actividades el Festival Universitario de Flamenco de la UPO.<\/p>\n<p>El programa formativo se impartir\u00e1 todos los martes y mi\u00e9rcoles en horario de 16,30 a 20,30 horas, y las personas interesadas pueden acceder a toda la informaci\u00f3n relativa al curso, as\u00ed como realizar su matr\u00edcula, a trav\u00e9s del siguiente enlace: <a href=\"https:\/\/www.upo.es\/formacionpermanente\/microcredenciales\/especialista-en-gestion-cultural-del-flamenco\/\">Microcredencial \u2018Especialista en gesti\u00f3n cultural del flamenco, III Ed.<\/a><\/p>\n<p>Fuente: Fundaci\u00f3n Universidad Pablo de Olavide<\/p>\n<p>&nbsp;<\/p>\n<p><strong>\u00a0<\/strong><\/p>\n","protected":false},"excerpt":{"rendered":"<p>La Universidad Pablo de Olavide y el Instituto Andaluz del Flamenco, dependiente de la Consejer\u00eda de Cultura y Deporte, comienzan el pr\u00f3ximo 24 de febrero una nueva edici\u00f3n, la tercera, de su microcredencial conjunta \u2018Especialista en gesti\u00f3n cultural del flamenco\u2019, una formaci\u00f3n especializada que busca promover el conocimiento y la difusi\u00f3n del flamenco a trav\u00e9s de la profesionalizaci\u00f3n del sector y que cuenta con la colaboraci\u00f3n de la C\u00e1tedra de Flamenco de la UPO.<\/p>\n","protected":false},"author":4,"featured_media":30889715,"comment_status":"closed","ping_status":"open","sticky":false,"template":"","format":"standard","meta":{"_monsterinsights_skip_tracking":false,"_monsterinsights_sitenote_active":false,"_monsterinsights_sitenote_note":"","_monsterinsights_sitenote_category":0,"footnotes":""},"categories":[6],"tags":[93,328,2474,4360,3939,9140],"class_list":["post-30889714","post","type-post","status-publish","format-standard","has-post-thumbnail","hentry","category-institucional","tag-flamenco","tag-formacion-permanente","tag-fundacion-universidad-pablo-de-olavide","tag-gestion-cultural","tag-instituto-andaluz-del-flamenco","tag-microcredencial"],"_links":{"self":[{"href":"https:\/\/www.upo.es\/diario\/wp-json\/wp\/v2\/posts\/30889714","targetHints":{"allow":["GET"]}}],"collection":[{"href":"https:\/\/www.upo.es\/diario\/wp-json\/wp\/v2\/posts"}],"about":[{"href":"https:\/\/www.upo.es\/diario\/wp-json\/wp\/v2\/types\/post"}],"author":[{"embeddable":true,"href":"https:\/\/www.upo.es\/diario\/wp-json\/wp\/v2\/users\/4"}],"replies":[{"embeddable":true,"href":"https:\/\/www.upo.es\/diario\/wp-json\/wp\/v2\/comments?post=30889714"}],"version-history":[{"count":1,"href":"https:\/\/www.upo.es\/diario\/wp-json\/wp\/v2\/posts\/30889714\/revisions"}],"predecessor-version":[{"id":30889716,"href":"https:\/\/www.upo.es\/diario\/wp-json\/wp\/v2\/posts\/30889714\/revisions\/30889716"}],"wp:featuredmedia":[{"embeddable":true,"href":"https:\/\/www.upo.es\/diario\/wp-json\/wp\/v2\/media\/30889715"}],"wp:attachment":[{"href":"https:\/\/www.upo.es\/diario\/wp-json\/wp\/v2\/media?parent=30889714"}],"wp:term":[{"taxonomy":"category","embeddable":true,"href":"https:\/\/www.upo.es\/diario\/wp-json\/wp\/v2\/categories?post=30889714"},{"taxonomy":"post_tag","embeddable":true,"href":"https:\/\/www.upo.es\/diario\/wp-json\/wp\/v2\/tags?post=30889714"}],"curies":[{"name":"wp","href":"https:\/\/api.w.org\/{rel}","templated":true}]}}