{"id":30890279,"date":"2026-03-09T15:38:55","date_gmt":"2026-03-09T14:38:55","guid":{"rendered":"https:\/\/www.upo.es\/diario\/?p=30890279"},"modified":"2026-03-11T15:11:29","modified_gmt":"2026-03-11T14:11:29","slug":"homenaje-gonzalo-musitu","status":"publish","type":"post","link":"https:\/\/www.upo.es\/diario\/comunidad\/2026\/03\/homenaje-gonzalo-musitu\/","title":{"rendered":"La Universidad Pablo de Olavide proyecta hacia el futuro el legado acad\u00e9mico y humano de Gonzalo Musitu"},"content":{"rendered":"<figure id=\"attachment_30890290\" aria-describedby=\"caption-attachment-30890290\" style=\"width: 750px\" class=\"wp-caption aligncenter\"><a href=\"https:\/\/www.upo.es\/diario\/wp-content\/uploads\/2026\/03\/09032026-Homenaje-Gonzalo-Musitu-3915-scaled.jpg\"><img loading=\"lazy\" decoding=\"async\" class=\"size-large wp-image-30890290\" src=\"https:\/\/www.upo.es\/diario\/wp-content\/uploads\/2026\/03\/09032026-Homenaje-Gonzalo-Musitu-3915-750x422.jpg\" alt=\"Juan Miguel G\u00f3mez Espino, Jos\u00e9 Antonio S\u00e1nchez Medina y Encarnaci\u00f3n Pedrero Garc\u00eda en la apertura del Homenaje\" width=\"750\" height=\"422\" srcset=\"https:\/\/www.upo.es\/diario\/wp-content\/uploads\/2026\/03\/09032026-Homenaje-Gonzalo-Musitu-3915-750x422.jpg 750w, https:\/\/www.upo.es\/diario\/wp-content\/uploads\/2026\/03\/09032026-Homenaje-Gonzalo-Musitu-3915-420x236.jpg 420w, https:\/\/www.upo.es\/diario\/wp-content\/uploads\/2026\/03\/09032026-Homenaje-Gonzalo-Musitu-3915-768x432.jpg 768w, https:\/\/www.upo.es\/diario\/wp-content\/uploads\/2026\/03\/09032026-Homenaje-Gonzalo-Musitu-3915-1536x864.jpg 1536w, https:\/\/www.upo.es\/diario\/wp-content\/uploads\/2026\/03\/09032026-Homenaje-Gonzalo-Musitu-3915-2048x1152.jpg 2048w, https:\/\/www.upo.es\/diario\/wp-content\/uploads\/2026\/03\/09032026-Homenaje-Gonzalo-Musitu-3915-1320x743.jpg 1320w\" sizes=\"auto, (max-width: 750px) 100vw, 750px\" \/><\/a><figcaption id=\"caption-attachment-30890290\" class=\"wp-caption-text\">J.M. G\u00f3mez Espino, J.A. S\u00e1nchez Medina y Encarnaci\u00f3n Pedrero en la apertura del homenaje al profesor Gonzalo Musitu<\/figcaption><\/figure>\n<p>La Universidad Pablo de Olavide ha rendido esta ma\u00f1ana <strong>homenaje al profesor<\/strong> <strong>Gonzalo Musitu Ochoa<\/strong> (\u00c1lava, 1945-Pamplona, 2025) en un acto institucional organizado por la Facultad de Ciencias Sociales y el Departamento de Educaci\u00f3n y Psicolog\u00eda Social, con el fin de <strong>reconocer una trayectoria acad\u00e9mica e investigadora que ha dejado una profunda huella en la Psicolog\u00eda Social y en la comunidad universitaria UPO<\/strong>.<\/p>\n<p>El encuentro ha reunido a representantes institucionales, profesorado, investigadoras e investigadores que compartieron su tiempo en la Olavide, disc\u00edpulos, familiares y amistades para <strong>poner de relieve tanto su aportaci\u00f3n cient\u00edfica como su dimensi\u00f3n humana<\/strong>. M\u00e1s all\u00e1 del recuerdo, durante el homenaje ha quedado patente la vigencia de un legado que contin\u00faa proyect\u00e1ndose en nuevas l\u00edneas de investigaci\u00f3n, en equipos como el <a href=\"https:\/\/lisis.blogs.uv.es\/\">Grupo Lisis<\/a> y en generaciones de profesionales formados bajo su magisterio.<\/p>\n<p>Porque esa es la palabra que se ha escuchado en boca de colegas y compa\u00f1eros, Gonzalo Musitu era un maestro, un maestro de vida y un acad\u00e9mico total. \u00abMaestro con <em>M<\/em> may\u00fascula, de los que hay pocos, con una trayectoria acad\u00e9mica extraordinaria y una dedicaci\u00f3n constante a la psicolog\u00eda social\u00bb, ha destacado <strong>Encarnaci\u00f3n Pedrero<\/strong>, directora del Departamento, quien subray\u00f3 su labor en el desarrollo de esta disciplina en la UPO: \u00abera una persona que constru\u00eda con su sola presencia, con la convicci\u00f3n de que la Universidad deb\u00eda ser, ante todo, un lugar de crecimiento colectivo\u00bb.<\/p>\n<p>Generosidad, otra faceta de Gonzalo Musitu que ha sido descrita como unida a su nombre. \u00abEra generoso hasta en el sonre\u00edr. Un hombre bueno en el sentido machadiano de la palabra\u00bb, ha se\u00f1alado <strong>Juan Miguel G\u00f3mez Espino<\/strong>, decano de la Facultad de Ciencias Sociales, quien anunci\u00f3 la creaci\u00f3n de un premio en la Universidad que llevar\u00e1 su nombre.<\/p>\n<p><strong>Jos\u00e9 Antonio S\u00e1nchez Medina<\/strong>, vicerrector de Estrategia y compa\u00f1ero del profesor Musitu Ochoa, hizo tambi\u00e9n referencia a su generosidad durante un homenaje en el que ha proyectado su visi\u00f3n en el presente y hacia el futuro: \u00abnos apela a ser generosos, a dialogar, a tender puentes. Siempre fue generoso, con su disciplina y con la sociedad, eso es academia, eso es universidad\u00bb.<\/p>\n<p>El rector de la Universidad Pablo de Olavide, <strong>Francisco Oliva<\/strong>, que intervino a trav\u00e9s de un v\u00eddeo por encontrarse en Per\u00fa de viaje institucional, resalt\u00f3 su \u00abfaceta humana y acad\u00e9mica, comprometida con la UPO, con tareas de gesti\u00f3n en el Departamento que hicieron que creciera y se fortaleciera\u00bb.<\/p>\n<figure id=\"attachment_30890291\" aria-describedby=\"caption-attachment-30890291\" style=\"width: 750px\" class=\"wp-caption aligncenter\"><a href=\"https:\/\/www.upo.es\/diario\/wp-content\/uploads\/2026\/03\/09032026-Homenaje-Gonzalo-Musitu-3944-scaled.jpg\"><img loading=\"lazy\" decoding=\"async\" class=\"size-large wp-image-30890291\" src=\"https:\/\/www.upo.es\/diario\/wp-content\/uploads\/2026\/03\/09032026-Homenaje-Gonzalo-Musitu-3944-750x338.jpg\" alt=\"Carmen Monreal realiz\u00f3 la semblanza acad\u00e9mica del Dr. Musitu Ochoa\" width=\"750\" height=\"338\" srcset=\"https:\/\/www.upo.es\/diario\/wp-content\/uploads\/2026\/03\/09032026-Homenaje-Gonzalo-Musitu-3944-750x338.jpg 750w, https:\/\/www.upo.es\/diario\/wp-content\/uploads\/2026\/03\/09032026-Homenaje-Gonzalo-Musitu-3944-420x189.jpg 420w, https:\/\/www.upo.es\/diario\/wp-content\/uploads\/2026\/03\/09032026-Homenaje-Gonzalo-Musitu-3944-768x346.jpg 768w, https:\/\/www.upo.es\/diario\/wp-content\/uploads\/2026\/03\/09032026-Homenaje-Gonzalo-Musitu-3944-1536x691.jpg 1536w, https:\/\/www.upo.es\/diario\/wp-content\/uploads\/2026\/03\/09032026-Homenaje-Gonzalo-Musitu-3944-2048x922.jpg 2048w, https:\/\/www.upo.es\/diario\/wp-content\/uploads\/2026\/03\/09032026-Homenaje-Gonzalo-Musitu-3944-1320x594.jpg 1320w\" sizes=\"auto, (max-width: 750px) 100vw, 750px\" \/><\/a><figcaption id=\"caption-attachment-30890291\" class=\"wp-caption-text\">Carmen Monreal durante la semblanza acad\u00e9mica de Gonzalo Musitu Ochoa<\/figcaption><\/figure>\n<p><strong>Mar\u00eda del Carmen Monreal<\/strong>, que ha realizado la semblanza acad\u00e9mica \u2014autora de <a href=\"https:\/\/www.infocop.es\/wp-content\/uploads\/2026\/02\/v44n1a6.pdf\"><em>Memoria de un Maestro: Gonzalo Musitu Ochoa<\/em><\/a>, texto publicado en <em>Apuntes de Psicolog\u00eda<\/em>\u2014, record\u00f3 el momento en que, siendo ya catedr\u00e1tico en la Universidad de Valencia, quiso incorporarse en el a\u00f1o 2005 a la Universidad Pablo de Olavide, y su implicaci\u00f3n no solo acad\u00e9mica, como la que tuvo con las comunidades ind\u00edgenas en el Estado de Morelos (M\u00e9xico), cuya Universidad le concedi\u00f3 el Doctorado Honoris Causa. Referente de la psicolog\u00eda comunitaria, Carmen Monreal record\u00f3 sobre todo \u00absu pasi\u00f3n por la vida, su capacidad de disfrutar de la vida, era un maestro de vida\u00bb.<\/p>\n<p>El acto de homenaje ha incluido un bloque dedicado a la trayectoria compartida en el \u00e1rea de Psicolog\u00eda Social, con las intervenciones de Amapola Povedano, Cristian Su\u00e1rez, Gonzalo del Moral y Ana Romero, as\u00ed como un espacio centrado en su compromiso investigador con el grupo Lisis, en el que participaron Terebel Jim\u00e9nez, Celeste Marcela Le\u00f3n y David Moreno.<\/p>\n","protected":false},"excerpt":{"rendered":"<p>La Facultad de Ciencias Sociales y el Departamento de Educaci\u00f3n y Psicolog\u00eda Social celebran un acto institucional en memoria del profesor Gonzalo Musitu Ochoa, cuya trayectoria sigue inspirando a colegas y disc\u00edpulos.<\/p>\n","protected":false},"author":6,"featured_media":30890290,"comment_status":"closed","ping_status":"open","sticky":false,"template":"","format":"standard","meta":{"_monsterinsights_skip_tracking":false,"_monsterinsights_sitenote_active":false,"_monsterinsights_sitenote_note":"","_monsterinsights_sitenote_category":0,"footnotes":""},"categories":[5842],"tags":[5152,487,308,5858,8805,2983],"class_list":["post-30890279","post","type-post","status-publish","format-standard","has-post-thumbnail","hentry","category-comunidad","tag-departamento-de-educacion-y-psicologia-social","tag-facultad-ciencias-sociales","tag-homenaje","tag-jose-antonio-sanchez-medina","tag-juan-miguel-gomez-espino","tag-psicologia-social"],"_links":{"self":[{"href":"https:\/\/www.upo.es\/diario\/wp-json\/wp\/v2\/posts\/30890279","targetHints":{"allow":["GET"]}}],"collection":[{"href":"https:\/\/www.upo.es\/diario\/wp-json\/wp\/v2\/posts"}],"about":[{"href":"https:\/\/www.upo.es\/diario\/wp-json\/wp\/v2\/types\/post"}],"author":[{"embeddable":true,"href":"https:\/\/www.upo.es\/diario\/wp-json\/wp\/v2\/users\/6"}],"replies":[{"embeddable":true,"href":"https:\/\/www.upo.es\/diario\/wp-json\/wp\/v2\/comments?post=30890279"}],"version-history":[{"count":18,"href":"https:\/\/www.upo.es\/diario\/wp-json\/wp\/v2\/posts\/30890279\/revisions"}],"predecessor-version":[{"id":30890302,"href":"https:\/\/www.upo.es\/diario\/wp-json\/wp\/v2\/posts\/30890279\/revisions\/30890302"}],"wp:featuredmedia":[{"embeddable":true,"href":"https:\/\/www.upo.es\/diario\/wp-json\/wp\/v2\/media\/30890290"}],"wp:attachment":[{"href":"https:\/\/www.upo.es\/diario\/wp-json\/wp\/v2\/media?parent=30890279"}],"wp:term":[{"taxonomy":"category","embeddable":true,"href":"https:\/\/www.upo.es\/diario\/wp-json\/wp\/v2\/categories?post=30890279"},{"taxonomy":"post_tag","embeddable":true,"href":"https:\/\/www.upo.es\/diario\/wp-json\/wp\/v2\/tags?post=30890279"}],"curies":[{"name":"wp","href":"https:\/\/api.w.org\/{rel}","templated":true}]}}