{"id":30890303,"date":"2026-03-10T13:23:13","date_gmt":"2026-03-10T12:23:13","guid":{"rendered":"https:\/\/www.upo.es\/diario\/?p=30890303"},"modified":"2026-03-17T15:08:36","modified_gmt":"2026-03-17T14:08:36","slug":"la-upo-promueve-la-proteccion-de-menores-frente-a-la-violencia-en-el-deporte-con-el-proyecto-score-4-inclusion","status":"publish","type":"post","link":"https:\/\/www.upo.es\/diario\/docencia-formacion\/2026\/03\/la-upo-promueve-la-proteccion-de-menores-frente-a-la-violencia-en-el-deporte-con-el-proyecto-score-4-inclusion\/","title":{"rendered":"La UPO promueve la protecci\u00f3n de menores frente a la violencia en el deporte con el proyecto Score 4 Inclusion"},"content":{"rendered":"<figure id=\"attachment_30890304\" aria-describedby=\"caption-attachment-30890304\" style=\"width: 750px\" class=\"wp-caption aligncenter\"><a href=\"https:\/\/www.upo.es\/diario\/wp-content\/uploads\/2026\/03\/Foto-Familia.jpg\"><img loading=\"lazy\" decoding=\"async\" class=\"wp-image-30890304 size-large\" src=\"https:\/\/www.upo.es\/diario\/wp-content\/uploads\/2026\/03\/Foto-Familia-750x338.jpg\" alt=\"\" width=\"750\" height=\"338\" srcset=\"https:\/\/www.upo.es\/diario\/wp-content\/uploads\/2026\/03\/Foto-Familia-750x338.jpg 750w, https:\/\/www.upo.es\/diario\/wp-content\/uploads\/2026\/03\/Foto-Familia-420x189.jpg 420w, https:\/\/www.upo.es\/diario\/wp-content\/uploads\/2026\/03\/Foto-Familia-768x346.jpg 768w, https:\/\/www.upo.es\/diario\/wp-content\/uploads\/2026\/03\/Foto-Familia-1536x691.jpg 1536w, https:\/\/www.upo.es\/diario\/wp-content\/uploads\/2026\/03\/Foto-Familia-1320x594.jpg 1320w, https:\/\/www.upo.es\/diario\/wp-content\/uploads\/2026\/03\/Foto-Familia.jpg 2000w\" sizes=\"auto, (max-width: 750px) 100vw, 750px\" \/><\/a><figcaption id=\"caption-attachment-30890304\" class=\"wp-caption-text\">Jornada de presentaci\u00f3n del proyecto europeo Score 4 Inclusion.<\/figcaption><\/figure>\n<p>El <strong>proyecto europeo <a href=\"https:\/\/iees.pt\/score4inclusion-quem-somos\/\"><em>Score 4 Inclusion<\/em><\/a><\/strong> de la Universidad Pablo de Olavide y el Instituto Europeo de Estudios Superiores (IEES) de Portugal, financiado por la Uni\u00f3n Europea<strong>*<\/strong>, ha concluido tras 12 meses de trabajos orientado a promover el respeto, la igualdad, la seguridad y la no violencia en el deporte base.<\/p>\n<p>En este proyecto, que forma parte de la iniciativa <em>Erasmus + Sport + K2<\/em>, participan por parte del IEES de Portugal <strong>Dimas Pinto<\/strong>, <strong>Aldina Sofia Oliveira da Silva<\/strong> y, como coordinadora, <strong>Joana Costa<\/strong>. En la Universidad Pablo de Olavide, integran el equipo investigador los profesores <strong>Jos\u00e9 Carlos Jaenes S\u00e1nchez<\/strong>, <strong>Rosario Teva Vill\u00e9n<\/strong>, <strong>David Alarc\u00f3n Rubio<\/strong> y su coordinadora <strong>Marta Garc\u00eda Tasc\u00f3n<\/strong>, profesora del Departamento de Deporte e Inform\u00e1tica.<\/p>\n<p>El proyecto <strong><em>Score 4 Inclusion<\/em><\/strong> promueve acciones formativas para la promoci\u00f3n de la inclusi\u00f3n, la igualdad y la no violencia en deporte base, tanto en Espa\u00f1a como en Portugal y que sirvan a las pol\u00edticas europeas para establecer pautas y medidas dirigidas a la protecci\u00f3n de los j\u00f3venes deportistas. Este proyecto tambi\u00e9n est\u00e1 apoyado por <a href=\"http:\/\/www.riasport.es\">Riasport<\/a>, red de investigaci\u00f3n aplicada a la seguridad deportiva con sede en la UPO y dirig\u00eda por la profesora Marta Garc\u00eda Tasc\u00f3n.<\/p>\n<p>En la ma\u00f1ana de hoy martes se ha celebrado unas <strong>jornadas de presentaci\u00f3n de<\/strong> <strong>resultados <\/strong>en las que se ha reflexionado sobre los retos actuales en la protecci\u00f3n de menores en el deporte. El acto ha sido inaugurado por el vicerrector de Campus Saludable y Deporte de la UPO, Antonio Fern\u00e1ndez Mart\u00ednez, junto a los responsables del proyecto, Dima Pinto de la IEES de Portugal y la profesora de la UPO Marta Garc\u00eda Tasc\u00f3n.<\/p>\n<figure id=\"attachment_30890305\" aria-describedby=\"caption-attachment-30890305\" style=\"width: 582px\" class=\"wp-caption aligncenter\"><a href=\"https:\/\/www.upo.es\/diario\/wp-content\/uploads\/2026\/03\/Jorn-Score4Inclusion2.jpg\"><img loading=\"lazy\" decoding=\"async\" class=\" wp-image-30890305\" src=\"https:\/\/www.upo.es\/diario\/wp-content\/uploads\/2026\/03\/Jorn-Score4Inclusion2-750x500.jpg\" alt=\"\" width=\"582\" height=\"388\" srcset=\"https:\/\/www.upo.es\/diario\/wp-content\/uploads\/2026\/03\/Jorn-Score4Inclusion2-750x500.jpg 750w, https:\/\/www.upo.es\/diario\/wp-content\/uploads\/2026\/03\/Jorn-Score4Inclusion2-420x280.jpg 420w, https:\/\/www.upo.es\/diario\/wp-content\/uploads\/2026\/03\/Jorn-Score4Inclusion2-768x512.jpg 768w, https:\/\/www.upo.es\/diario\/wp-content\/uploads\/2026\/03\/Jorn-Score4Inclusion2-1536x1024.jpg 1536w, https:\/\/www.upo.es\/diario\/wp-content\/uploads\/2026\/03\/Jorn-Score4Inclusion2-2048x1366.jpg 2048w, https:\/\/www.upo.es\/diario\/wp-content\/uploads\/2026\/03\/Jorn-Score4Inclusion2-165x109.jpg 165w, https:\/\/www.upo.es\/diario\/wp-content\/uploads\/2026\/03\/Jorn-Score4Inclusion2-1320x880.jpg 1320w\" sizes=\"auto, (max-width: 582px) 100vw, 582px\" \/><\/a><figcaption id=\"caption-attachment-30890305\" class=\"wp-caption-text\">El vicerrector de Campus Saludable y Deporte de la UPO, Antonio Fern\u00e1ndez, ha inaugurado las jornadas.<\/figcaption><\/figure>\n<p>Entre los principales logros del proyecto destaca \u201cel trabajo realizado en la sensibilizaci\u00f3n, divulgaci\u00f3n e implicaci\u00f3n en la promoci\u00f3n de la seguridad y la no violencia, no s\u00f3lo de la persona menor practicante sino de cualquier deportista de las diferentes modalidades deportivas\u201d, declara la profesora <strong>Garc\u00eda Tasc\u00f3n<\/strong>.<\/p>\n<p>Adem\u00e1s, la profesora <strong>Joana Costa<\/strong> apostilla que \u201cel deporte es m\u00e1s que <em>simplemente<\/em> ganar; es donde aprendemos valores, y donde aceptamos y toleramos las diferencias para seguir compartiendo y avanzando\u201d, para conseguir una sociedad m\u00e1s justa e inclusiva. Esta opini\u00f3n ha sido compartida por los m\u00e1s de 100 atletas participantes en los laboratorios de Espa\u00f1a y Portugal desarrollados en este proyecto, as\u00ed como por los m\u00e1s de 500 estudiantes de Ciencias de la Actividad F\u00edsica y del Deporte de ambos pa\u00edses, entre otros atletas, entrenadores, dirigentes y representantes de las administraciones p\u00fablicas y entidades privadas que han colaborado en las diferentes actividades desarrolladas en el proyecto.<\/p>\n<p>Las jornadas han contado adem\u00e1s con diversas intervenciones centradas en la prevenci\u00f3n de la violencia y la promoci\u00f3n de valores en el \u00e1mbito deportivo. La profesora de la UPO <strong>Blanca L\u00f3pez Catal\u00e1n<\/strong> ha abordado el <em>bullying<\/em> a trav\u00e9s de su libro \u2018El ni\u00f1o que entr\u00f3 por la ventana\u2019; la delegada de Protecci\u00f3n del Menor de la Junta de Andaluc\u00eda, <strong>M\u00aa Rosario Navarro Fern\u00e1ndez<\/strong> ha hablado sobre la protecci\u00f3n del ni\u00f1o, ni\u00f1a y adolescente deportista en Andaluc\u00eda y, para finalizar, el entrenador y formador <strong>Jos\u00e9<\/strong> <strong>Emilio del Pino<\/strong> ha compartido su experiencia en la trasmisi\u00f3n de valores en el deporte como herramienta clave para la protecci\u00f3n del menor.<\/p>\n<hr \/>\n<p><strong>*<\/strong>Las opiniones y puntos de vista expresados solo comprometen a su(s) autor(es) y no reflejan necesariamente los de la Uni\u00f3n Europea o los de la Agencia Ejecutiva Europea de Educaci\u00f3n y Cultura (EACEA). Ni la Uni\u00f3n Europea ni la EACEA pueden ser considerados responsables de ellos.<\/p>\n","protected":false},"excerpt":{"rendered":"<p>El proyecto Score 4 Inclusion promueve acciones formativas para la promoci\u00f3n de la inclusi\u00f3n, la igualdad y la no violencia en deporte base, tanto en Espa\u00f1a como en Portugal y que sirvan a las pol\u00edticas europeas para establecer pautas y medidas dirigidas a la protecci\u00f3n de los j\u00f3venes deportistas<\/p>\n","protected":false},"author":4,"featured_media":30890304,"comment_status":"closed","ping_status":"open","sticky":false,"template":"","format":"standard","meta":{"_monsterinsights_skip_tracking":false,"_monsterinsights_sitenote_active":false,"_monsterinsights_sitenote_note":"","_monsterinsights_sitenote_category":0,"footnotes":""},"categories":[2779],"tags":[541,9417,4382,9415,1982,6524,9416,143],"class_list":["post-30890303","post","type-post","status-publish","format-standard","has-post-thumbnail","hentry","category-docencia-formacion","tag-deporte","tag-iees","tag-marta-garcia-tascon","tag-menor","tag-portugal","tag-riasport","tag-score-4-inclusion","tag-violencia"],"_links":{"self":[{"href":"https:\/\/www.upo.es\/diario\/wp-json\/wp\/v2\/posts\/30890303","targetHints":{"allow":["GET"]}}],"collection":[{"href":"https:\/\/www.upo.es\/diario\/wp-json\/wp\/v2\/posts"}],"about":[{"href":"https:\/\/www.upo.es\/diario\/wp-json\/wp\/v2\/types\/post"}],"author":[{"embeddable":true,"href":"https:\/\/www.upo.es\/diario\/wp-json\/wp\/v2\/users\/4"}],"replies":[{"embeddable":true,"href":"https:\/\/www.upo.es\/diario\/wp-json\/wp\/v2\/comments?post=30890303"}],"version-history":[{"count":4,"href":"https:\/\/www.upo.es\/diario\/wp-json\/wp\/v2\/posts\/30890303\/revisions"}],"predecessor-version":[{"id":30890318,"href":"https:\/\/www.upo.es\/diario\/wp-json\/wp\/v2\/posts\/30890303\/revisions\/30890318"}],"wp:featuredmedia":[{"embeddable":true,"href":"https:\/\/www.upo.es\/diario\/wp-json\/wp\/v2\/media\/30890304"}],"wp:attachment":[{"href":"https:\/\/www.upo.es\/diario\/wp-json\/wp\/v2\/media?parent=30890303"}],"wp:term":[{"taxonomy":"category","embeddable":true,"href":"https:\/\/www.upo.es\/diario\/wp-json\/wp\/v2\/categories?post=30890303"},{"taxonomy":"post_tag","embeddable":true,"href":"https:\/\/www.upo.es\/diario\/wp-json\/wp\/v2\/tags?post=30890303"}],"curies":[{"name":"wp","href":"https:\/\/api.w.org\/{rel}","templated":true}]}}