{"id":30890310,"date":"2025-07-16T13:56:16","date_gmt":"2025-07-16T11:56:16","guid":{"rendered":"https:\/\/www.upo.es\/diario\/?p=30890310"},"modified":"2026-03-10T14:00:27","modified_gmt":"2026-03-10T13:00:27","slug":"la-upo-participa-en-el-proyecto-europeo-score-4-inclusion-para-promover-la-igualdad-y-la-seguridad-en-el-deporte-base","status":"publish","type":"post","link":"https:\/\/www.upo.es\/diario\/docencia-formacion\/2025\/07\/la-upo-participa-en-el-proyecto-europeo-score-4-inclusion-para-promover-la-igualdad-y-la-seguridad-en-el-deporte-base\/","title":{"rendered":"La UPO participa en el proyecto europeo Score 4 Inclusion para promover la igualdad y la seguridad en el deporte base"},"content":{"rendered":"<p><a href=\"https:\/\/www.upo.es\/diario\/wp-content\/uploads\/2026\/03\/logotipo_Score4Inclusion.png\"><img loading=\"lazy\" decoding=\"async\" class=\"alignright size-full wp-image-30890311\" src=\"https:\/\/www.upo.es\/diario\/wp-content\/uploads\/2026\/03\/logotipo_Score4Inclusion.png\" alt=\"\" width=\"350\" height=\"198\" \/><\/a>La Universidad Pablo de Olavide ha participado en una reuni\u00f3n de trabajo del proyecto europeo <strong><em><a href=\"https:\/\/iees.pt\/score4inclusion-quem-somos\/\">Score 4 Inclusion<\/a><\/em><\/strong>, una iniciativa que forma parte del programa <strong><em>Erasmus+ Sport + K2<\/em>,<\/strong> que tiene como objetivo promover el respeto, la igualdad, la seguridad y la no violencia en el deporte base, especialmente entre j\u00f3venes deportistas.<\/p>\n<p>El encuentro se ha celebrado en la localidad portuguesa de <strong>P\u00f3voa de Varzim<\/strong>, en las instalaciones de <strong>MAPADI<\/strong>, un centro de referencia en inclusi\u00f3n social que desarrolla numerosas actividades abiertas a la ciudadan\u00eda para fomentar la participaci\u00f3n y la integraci\u00f3n social.<\/p>\n<p>En la reuni\u00f3n participaron, por parte del <strong>Instituto Europeo de Estudios Superiores (IEES) de Portugal<\/strong>, Dimas Pinto, Joana Costa \u2014coordinadora del proyecto\u2014 y Aldina Sofia Oliveira da Silva. En representaci\u00f3n de la <strong>Universidad Pablo de Olavide<\/strong> asistieron el profesor <strong>Jos\u00e9 Carlos Jaenes S\u00e1nchez<\/strong>, del Departamento de Antropolog\u00eda Social, Psicolog\u00eda B\u00e1sica y Salud P\u00fablica, y de forma telem\u00e1tica la profesora <strong>Marta Garc\u00eda Tasc\u00f3n<\/strong>, del Departamento de Inform\u00e1tica y Deporte e investigadora principal del proyecto en la UPO.<\/p>\n<p>Durante la sesi\u00f3n de trabajo se analizaron distintos <strong>tipos de violencia que pueden darse en el deporte base<\/strong>, tomando como referencia la <strong>Ley Org\u00e1nica de Protecci\u00f3n Integral a la Infancia y la Adolescencia frente a la Violencia (LOPIVI)<\/strong>, que recoge los derechos a la pr\u00e1ctica deportiva de los menores y que define violencia como toda <strong>acci\u00f3n, omisi\u00f3n o trato negligente <\/strong>que priva a las personas menores de edad de sus derechos y bienestar, que amenaza o interfiere su ordenado desarrollo <strong>f\u00edsico, ps\u00edquico o social<\/strong>, con independencia de su forma y medio de comisi\u00f3n, incluida la realizada a trav\u00e9s de las <strong>tecnolog\u00edas<\/strong> de la informaci\u00f3n y la comunicaci\u00f3n, especialmente la violencia digital.<\/p>\n<p>El proyecto tambi\u00e9n cuenta con el apoyo de <a href=\"https:\/\/www.riasport.es\/\"><strong>Riasport<\/strong><\/a>, red de investigaci\u00f3n aplicada a la seguridad deportiva con sede en la Universidad Pablo de Olavide y dirigida por la profesora Marta Garc\u00eda Tasc\u00f3n.<\/p>\n<p>Asimismo, se present\u00f3 un documento que re\u00fane referencias bibliogr\u00e1ficas en espa\u00f1ol, portugu\u00e9s e ingl\u00e9s con el fin de fundamentar las acciones del proyecto en <strong>evidencia cient\u00edfica<\/strong>. Entre los contenidos abordados se debati\u00f3 tambi\u00e9n la aplicaci\u00f3n del <strong>Protocolo de Protecci\u00f3n de las personas menores frente a la violencia en el deporte de la Junta de Andaluc\u00eda<\/strong>, en cuyo desarrollo han participado los profesores de la UPO Marta Garc\u00eda Tasc\u00f3n y Jos\u00e9 Carlos Jaenes S\u00e1nchez.<\/p>\n<p>En las pr\u00f3ximas fases del proyecto se impulsar\u00e1n <strong>acciones formativas y actividades de difusi\u00f3n<\/strong> para acercar esta iniciativa a la comunidad deportiva, con encuentros previstos tanto en la Universidad Pablo de Olavide como en el Instituto Europeo de Estudios Superiores de Portugal. Estas sesiones estar\u00e1n orientadas a identificar los distintos tipos de violencia en el deporte y promover herramientas y estrategias para prevenirlas.<\/p>\n<p>&nbsp;<\/p>\n","protected":false},"excerpt":{"rendered":"<p>La Universidad Pablo de Olavide ha participado en una reuni\u00f3n de trabajo del proyecto europeo Score 4 Inclusion, una iniciativa que forma parte del programa Erasmus+ Sport + K2, que tiene como objetivo promover el respeto, la igualdad, la seguridad y la no violencia en el deporte base, especialmente entre j\u00f3venes deportistas.<\/p>\n","protected":false},"author":4,"featured_media":30890311,"comment_status":"closed","ping_status":"open","sticky":false,"template":"","format":"standard","meta":{"_monsterinsights_skip_tracking":false,"_monsterinsights_sitenote_active":false,"_monsterinsights_sitenote_note":"","_monsterinsights_sitenote_category":0,"footnotes":""},"categories":[2779],"tags":[541,9417,4382,9415,1982,6524,9416,143],"class_list":["post-30890310","post","type-post","status-publish","format-standard","has-post-thumbnail","hentry","category-docencia-formacion","tag-deporte","tag-iees","tag-marta-garcia-tascon","tag-menor","tag-portugal","tag-riasport","tag-score-4-inclusion","tag-violencia"],"_links":{"self":[{"href":"https:\/\/www.upo.es\/diario\/wp-json\/wp\/v2\/posts\/30890310","targetHints":{"allow":["GET"]}}],"collection":[{"href":"https:\/\/www.upo.es\/diario\/wp-json\/wp\/v2\/posts"}],"about":[{"href":"https:\/\/www.upo.es\/diario\/wp-json\/wp\/v2\/types\/post"}],"author":[{"embeddable":true,"href":"https:\/\/www.upo.es\/diario\/wp-json\/wp\/v2\/users\/4"}],"replies":[{"embeddable":true,"href":"https:\/\/www.upo.es\/diario\/wp-json\/wp\/v2\/comments?post=30890310"}],"version-history":[{"count":2,"href":"https:\/\/www.upo.es\/diario\/wp-json\/wp\/v2\/posts\/30890310\/revisions"}],"predecessor-version":[{"id":30890313,"href":"https:\/\/www.upo.es\/diario\/wp-json\/wp\/v2\/posts\/30890310\/revisions\/30890313"}],"wp:featuredmedia":[{"embeddable":true,"href":"https:\/\/www.upo.es\/diario\/wp-json\/wp\/v2\/media\/30890311"}],"wp:attachment":[{"href":"https:\/\/www.upo.es\/diario\/wp-json\/wp\/v2\/media?parent=30890310"}],"wp:term":[{"taxonomy":"category","embeddable":true,"href":"https:\/\/www.upo.es\/diario\/wp-json\/wp\/v2\/categories?post=30890310"},{"taxonomy":"post_tag","embeddable":true,"href":"https:\/\/www.upo.es\/diario\/wp-json\/wp\/v2\/tags?post=30890310"}],"curies":[{"name":"wp","href":"https:\/\/api.w.org\/{rel}","templated":true}]}}