{"id":30890322,"date":"2026-03-11T08:10:28","date_gmt":"2026-03-11T07:10:28","guid":{"rendered":"https:\/\/www.upo.es\/diario\/?p=30890322"},"modified":"2026-03-12T15:45:46","modified_gmt":"2026-03-12T14:45:46","slug":"espana-y-peru-refuerzan-la-cooperacion-universitaria-en-un-encuentro-bilateral-de-rectores-y-rectoras-en-lima","status":"publish","type":"post","link":"https:\/\/www.upo.es\/diario\/institucional\/2026\/03\/espana-y-peru-refuerzan-la-cooperacion-universitaria-en-un-encuentro-bilateral-de-rectores-y-rectoras-en-lima\/","title":{"rendered":"Espa\u00f1a y Per\u00fa refuerzan la cooperaci\u00f3n universitaria en un encuentro bilateral de rectores y rectoras en Lima"},"content":{"rendered":"<p><a href=\"https:\/\/www.upo.es\/diario\/wp-content\/uploads\/2026\/03\/Encuentro-bilateral-de-rectores-y-rectoras-de-Espana-y-Peru-en-Lima-scaled.jpg\"><img loading=\"lazy\" decoding=\"async\" class=\"aligncenter size-large wp-image-30890329\" src=\"https:\/\/www.upo.es\/diario\/wp-content\/uploads\/2026\/03\/Encuentro-bilateral-de-rectores-y-rectoras-de-Espana-y-Peru-en-Lima-750x500.jpg\" alt=\"\" width=\"750\" height=\"500\" srcset=\"https:\/\/www.upo.es\/diario\/wp-content\/uploads\/2026\/03\/Encuentro-bilateral-de-rectores-y-rectoras-de-Espana-y-Peru-en-Lima-750x500.jpg 750w, https:\/\/www.upo.es\/diario\/wp-content\/uploads\/2026\/03\/Encuentro-bilateral-de-rectores-y-rectoras-de-Espana-y-Peru-en-Lima-420x280.jpg 420w, https:\/\/www.upo.es\/diario\/wp-content\/uploads\/2026\/03\/Encuentro-bilateral-de-rectores-y-rectoras-de-Espana-y-Peru-en-Lima-768x512.jpg 768w, https:\/\/www.upo.es\/diario\/wp-content\/uploads\/2026\/03\/Encuentro-bilateral-de-rectores-y-rectoras-de-Espana-y-Peru-en-Lima-1536x1024.jpg 1536w, https:\/\/www.upo.es\/diario\/wp-content\/uploads\/2026\/03\/Encuentro-bilateral-de-rectores-y-rectoras-de-Espana-y-Peru-en-Lima-2048x1365.jpg 2048w, https:\/\/www.upo.es\/diario\/wp-content\/uploads\/2026\/03\/Encuentro-bilateral-de-rectores-y-rectoras-de-Espana-y-Peru-en-Lima-165x109.jpg 165w, https:\/\/www.upo.es\/diario\/wp-content\/uploads\/2026\/03\/Encuentro-bilateral-de-rectores-y-rectoras-de-Espana-y-Peru-en-Lima-1320x880.jpg 1320w\" sizes=\"auto, (max-width: 750px) 100vw, 750px\" \/><\/a><\/p>\n<p>La Conferencia de Rectores y Rectoras de las Universidades Espa\u00f1olas (CRUE) ha mantenido un encuentro bilateral con rectores y rectoras de universidades peruanas con el objetivo de \u00abestrechar las relaciones ante un mundo cambiante\u00bb. La cita se ha celebrado los d\u00edas 9 y 10 en el campus de la Pontificia Universidad Cat\u00f3lica del Per\u00fa (PUCP) y ha servido para fortalecer los v\u00ednculos entre ambos sistemas universitarios, impulsar la movilidad acad\u00e9mica y docente, fomentar la investigaci\u00f3n y la innovaci\u00f3n, y consolidar una cooperaci\u00f3n estrat\u00e9gica frente a los desaf\u00edos globales.<\/p>\n<p>Durante la inauguraci\u00f3n, la presidenta de CRUE y rectora de la Universitat Jaume I, Eva Alc\u00f3n, destac\u00f3 que \u00abvivimos tiempos de transformaci\u00f3n profunda\u00bb y que \u00ablas universidades deben ser puentes de di\u00e1logo y motores de colaboraci\u00f3n internacional\u00bb. La apertura cont\u00f3 tambi\u00e9n con la participaci\u00f3n del rector de la PUCP, Julio del Valle, y del embajador de Espa\u00f1a en Per\u00fa, Alejandro Abell\u00e1n.<\/p>\n<p>Alc\u00f3n subray\u00f3 la importancia estrat\u00e9gica de estrechar relaciones. \u00abEn un mundo cambiante, estrechar relaciones no es opcional: es una responsabilidad estrat\u00e9gica\u00bb, afirm\u00f3, recordando que \u00abPer\u00fa es un socio prioritario en el espacio iberoamericano\u00bb, con el que Espa\u00f1a comparte lengua, cultura y una visi\u00f3n com\u00fan de la universidad como generadora de conocimiento, innovaci\u00f3n y cohesi\u00f3n social.<\/p>\n<p>La presidenta de CRUE resalt\u00f3 la movilidad acad\u00e9mica como expresi\u00f3n tangible de la cooperaci\u00f3n. \u00abEstrechar v\u00ednculos implica avanzar en el reconocimiento de titulaciones, reforzar la investigaci\u00f3n conjunta y consolidar marcos estables de colaboraci\u00f3n institucional\u00bb, subray\u00f3.<\/p>\n<p>Tambi\u00e9n puso en valor el <a href=\"https:\/\/urldefense.com\/v3\/__https:\/\/www.crue.org\/2025\/04\/consolidar-una-educacion-superior-de-calidad-en-iberoamerica-eje-del-acuerdo-entre-crue-y-la-organizacion-de-estados-iberoamericanos-para-la-educacion-la-ciencia-y-la-cultura-oei\/__;!!D9dNQwwGXtA!RfKZh_1JULG3mX4USB1TjSkO9kTTRX1DhCzzHFO8DZ8ZgnuBBtkoDZKnpWJelDdAmVgv5TFu1pocOiUS2A$\"> acuerdo suscrito en 2025 entre CRUE y la Organizaci\u00f3n de Estados Iberoamericanos (OEI)<\/a> para fortalecer la educaci\u00f3n superior en Iberoam\u00e9rica.<\/p>\n<p><strong>Un di\u00e1logo estrat\u00e9gico sobre los retos de la educaci\u00f3n superior<\/strong><\/p>\n<p>Durante el encuentro, los rectores y rectoras analizaron las relaciones interuniversitarias entre Per\u00fa y Espa\u00f1a, el reconocimiento de titulaciones, los programas de movilidad acad\u00e9mica y la cooperaci\u00f3n cient\u00edfica, incluyendo la promoci\u00f3n de la ciencia abierta y de la ciencia en espa\u00f1ol.<\/p>\n<p>Asimismo, abordaron el impacto del contexto sociopol\u00edtico global en la educaci\u00f3n superior, los desaf\u00edos de la inteligencia artificial y el papel de las universidades en la promoci\u00f3n del bienestar de sus comunidades.<\/p>\n<p>El encuentro tambi\u00e9n se centr\u00f3 en los retos de la empleabilidad estudiantil y en el intercambio de estrategias y buenas pr\u00e1cticas para fortalecer la inserci\u00f3n laboral del estudiantado. La jornada concluy\u00f3 con la lectura de la declaraci\u00f3n institucional a cargo de Francisco Oliva, rector de la Universidad Pablo de Olavide, y Enrique Casta\u00f1eda, rector de la Universidad Peruana Cayetano Heredia. En la clausura intervinieron Ricardo Mairal, presidente de Crue-Internacionalizaci\u00f3n y Cooperaci\u00f3n y rector de la Universidad Nacional de Educaci\u00f3n a Distancia (UNED), y Julio del Valle Ball\u00f3n, rector de la Pontificia Universidad Cat\u00f3lica del Per\u00fa.<\/p>\n<p>La delegaci\u00f3n espa\u00f1ola, encabezada por la presidenta de CRUE, Eva Alc\u00f3n, estuvo integrada por Ricardo Mairal, rector de la UNED; Francisco Oliva, rector de la Universidad Pablo de Olavide; Joan Gu\u00e0rdia, rector de la Universitat de Barcelona; Carmen Vargas, rectora de la Universidad de Sevilla; Juli\u00e1n Garde, rector de la Universidad de Castilla-La Mancha; Jos\u00e9 Capilla, rector de la Universitat Polit\u00e8cnica de Val\u00e8ncia; Nuria Gonz\u00e1lez, rectora de la Universidad de Le\u00f3n; Juan Jos\u00e9 Ruiz, rector de la Universidad Miguel Hern\u00e1ndez de Elche; \u00c1ngels Fit\u00f3, rectora de la Universitat Oberta de Catalunya; \u00d3scar Garc\u00eda, rector de la Universidad Polit\u00e9cnica de Madrid; Amparo Navarro, rectora de la Universidad de Alicante; Alfonso M\u00e9ndiz, rector de la Universidad Internacional de Catalunya; Antonio Largo, rector de la Universidad de Valladolid; Pedro Mar\u00eda Fern\u00e1ndez, rector de la Universidad de Extremadura; y Jos\u00e9 Joaqu\u00edn C\u00e9spedes, rector de la Universidad de Almer\u00eda.<\/p>\n<p>Fuente: Crue Universidades Espa\u00f1olas<\/p>\n<p>&nbsp;<\/p>\n","protected":false},"excerpt":{"rendered":"<p>La Conferencia de Rectores y Rectoras de las Universidades Espa\u00f1olas (CRUE) ha mantenido un encuentro bilateral con rectores y rectoras de universidades peruanas con el objetivo de \u00abestrechar las relaciones ante un mundo cambiante\u00bb. La cita se ha celebrado los d\u00edas 9 y 10 en el campus de la Pontificia Universidad Cat\u00f3lica del Per\u00fa (PUCP) y ha servido para fortalecer los v\u00ednculos entre ambos sistemas universitarios, impulsar la movilidad acad\u00e9mica y docente, fomentar la investigaci\u00f3n y la innovaci\u00f3n, y consolidar una cooperaci\u00f3n estrat\u00e9gica frente a los desaf\u00edos globales.<\/p>\n","protected":false},"author":4,"featured_media":30859082,"comment_status":"closed","ping_status":"open","sticky":false,"template":"","format":"standard","meta":{"_monsterinsights_skip_tracking":false,"_monsterinsights_sitenote_active":false,"_monsterinsights_sitenote_note":"","_monsterinsights_sitenote_category":0,"footnotes":""},"categories":[6],"tags":[2642,243,4124,1191,8621],"class_list":["post-30890322","post","type-post","status-publish","format-standard","has-post-thumbnail","hentry","category-institucional","tag-cooperacion-universitaria","tag-crue","tag-crue-universidades-espanolas","tag-peru","tag-portada"],"_links":{"self":[{"href":"https:\/\/www.upo.es\/diario\/wp-json\/wp\/v2\/posts\/30890322","targetHints":{"allow":["GET"]}}],"collection":[{"href":"https:\/\/www.upo.es\/diario\/wp-json\/wp\/v2\/posts"}],"about":[{"href":"https:\/\/www.upo.es\/diario\/wp-json\/wp\/v2\/types\/post"}],"author":[{"embeddable":true,"href":"https:\/\/www.upo.es\/diario\/wp-json\/wp\/v2\/users\/4"}],"replies":[{"embeddable":true,"href":"https:\/\/www.upo.es\/diario\/wp-json\/wp\/v2\/comments?post=30890322"}],"version-history":[{"count":1,"href":"https:\/\/www.upo.es\/diario\/wp-json\/wp\/v2\/posts\/30890322\/revisions"}],"predecessor-version":[{"id":30890330,"href":"https:\/\/www.upo.es\/diario\/wp-json\/wp\/v2\/posts\/30890322\/revisions\/30890330"}],"wp:featuredmedia":[{"embeddable":true,"href":"https:\/\/www.upo.es\/diario\/wp-json\/wp\/v2\/media\/30859082"}],"wp:attachment":[{"href":"https:\/\/www.upo.es\/diario\/wp-json\/wp\/v2\/media?parent=30890322"}],"wp:term":[{"taxonomy":"category","embeddable":true,"href":"https:\/\/www.upo.es\/diario\/wp-json\/wp\/v2\/categories?post=30890322"},{"taxonomy":"post_tag","embeddable":true,"href":"https:\/\/www.upo.es\/diario\/wp-json\/wp\/v2\/tags?post=30890322"}],"curies":[{"name":"wp","href":"https:\/\/api.w.org\/{rel}","templated":true}]}}