{"id":30890323,"date":"2026-03-11T15:08:31","date_gmt":"2026-03-11T14:08:31","guid":{"rendered":"https:\/\/www.upo.es\/diario\/?p=30890323"},"modified":"2026-03-12T15:45:40","modified_gmt":"2026-03-12T14:45:40","slug":"la-universidad-pablo-de-olavide-y-la-agencia-andaluza-de-instituciones-culturales-inician-la-septima-edicion-del-titulo-gestion-de-proyectos-culturales","status":"publish","type":"post","link":"https:\/\/www.upo.es\/diario\/docencia-formacion\/2026\/03\/la-universidad-pablo-de-olavide-y-la-agencia-andaluza-de-instituciones-culturales-inician-la-septima-edicion-del-titulo-gestion-de-proyectos-culturales\/","title":{"rendered":"La Universidad Pablo de Olavide y la Agencia Andaluza de Instituciones Culturales inician la s\u00e9ptima edici\u00f3n del t\u00edtulo \u2018Gesti\u00f3n de proyectos culturales\u2019"},"content":{"rendered":"<p><a href=\"https:\/\/www.upo.es\/diario\/wp-content\/uploads\/2026\/03\/IMG_4692.jpg\"><img loading=\"lazy\" decoding=\"async\" class=\"aligncenter wp-image-30890325 size-large\" src=\"https:\/\/www.upo.es\/diario\/wp-content\/uploads\/2026\/03\/IMG_4692-e1773237596324-750x438.jpg\" alt=\"inauguraci\u00f3n de la s\u00e9ptima edici\u00f3n del Diploma de Experto \u2018Gesti\u00f3n de proyectos culturales\u2019\" width=\"750\" height=\"438\" srcset=\"https:\/\/www.upo.es\/diario\/wp-content\/uploads\/2026\/03\/IMG_4692-e1773237596324-750x438.jpg 750w, https:\/\/www.upo.es\/diario\/wp-content\/uploads\/2026\/03\/IMG_4692-e1773237596324-420x245.jpg 420w, https:\/\/www.upo.es\/diario\/wp-content\/uploads\/2026\/03\/IMG_4692-e1773237596324-768x448.jpg 768w, https:\/\/www.upo.es\/diario\/wp-content\/uploads\/2026\/03\/IMG_4692-e1773237596324-1536x896.jpg 1536w, https:\/\/www.upo.es\/diario\/wp-content\/uploads\/2026\/03\/IMG_4692-e1773237596324-1320x770.jpg 1320w, https:\/\/www.upo.es\/diario\/wp-content\/uploads\/2026\/03\/IMG_4692-e1773237596324.jpg 2000w\" sizes=\"auto, (max-width: 750px) 100vw, 750px\" \/><\/a>La sede el Instituto Andaluz de Patrimonio Hist\u00f3rico ha acogido este martes la inauguraci\u00f3n de la s\u00e9ptima edici\u00f3n del <strong>Diploma de Experto \u2018Gesti\u00f3n de proyectos culturales\u2019<\/strong>, un t\u00edtulo propio de la Universidad Pablo de Olavide que cuenta con la colaboraci\u00f3n de la Agencia Andaluza de Instituciones Culturales, dependiente de la Consejer\u00eda de Cultura y Deportes de la Junta de Andaluc\u00eda; y de la Asociaci\u00f3n Andaluza de Profesionales de la Gesti\u00f3n Cultural (GECA).<\/p>\n<p>El acto de inauguraci\u00f3n de esta formaci\u00f3n ha contado con la presencia de la vicerrectora de Cultura y Pol\u00edticas Sociales, <strong>Laura G\u00f3mez Ruiz<\/strong>; del director del Instituto Andaluz de Patrimonio Hist\u00f3rico, <strong>Juan Jos\u00e9 Primo Jurado<\/strong>; y del director de la unidad de Industrias Culturales de la Agencia Andaluza de Instituciones Culturales, <strong>Salvador Garc\u00eda<\/strong>. Tambi\u00e9n ha estado presente profesorado del t\u00edtulo y alumnado del mismo.<\/p>\n<figure id=\"attachment_30890326\" aria-describedby=\"caption-attachment-30890326\" style=\"width: 750px\" class=\"wp-caption aligncenter\"><a href=\"https:\/\/www.upo.es\/diario\/wp-content\/uploads\/2026\/03\/IMG_4637.jpg\"><img loading=\"lazy\" decoding=\"async\" class=\"size-large wp-image-30890326\" src=\"https:\/\/www.upo.es\/diario\/wp-content\/uploads\/2026\/03\/IMG_4637-750x500.jpg\" alt=\"Laura G\u00f3mez, Juan Jos\u00e9 Primo Jurado y Salvador Garc\u00eda\" width=\"750\" height=\"500\" srcset=\"https:\/\/www.upo.es\/diario\/wp-content\/uploads\/2026\/03\/IMG_4637-750x500.jpg 750w, https:\/\/www.upo.es\/diario\/wp-content\/uploads\/2026\/03\/IMG_4637-420x280.jpg 420w, https:\/\/www.upo.es\/diario\/wp-content\/uploads\/2026\/03\/IMG_4637-768x512.jpg 768w, https:\/\/www.upo.es\/diario\/wp-content\/uploads\/2026\/03\/IMG_4637-1536x1024.jpg 1536w, https:\/\/www.upo.es\/diario\/wp-content\/uploads\/2026\/03\/IMG_4637-165x109.jpg 165w, https:\/\/www.upo.es\/diario\/wp-content\/uploads\/2026\/03\/IMG_4637-1320x880.jpg 1320w, https:\/\/www.upo.es\/diario\/wp-content\/uploads\/2026\/03\/IMG_4637.jpg 2000w\" sizes=\"auto, (max-width: 750px) 100vw, 750px\" \/><\/a><figcaption id=\"caption-attachment-30890326\" class=\"wp-caption-text\">Laura G\u00f3mez, Juan Jos\u00e9 Primo Jurado y Salvador Garc\u00eda<\/figcaption><\/figure>\n<p>Durante el acto, la vicerrectora de Cultura y Pol\u00edticas Sociales ha destacado que el curso \u201cresponde a una necesidad del sector, un sector que sigue necesitando profesionales con este perfil\u201d. Para G\u00f3mez, es necesario que haya este tipo de cursos en el \u00e1mbito de la cultura porque aportan una serie de t\u00e9cnicas para mejorar la gesti\u00f3n. Por \u00faltimo, ha dado las gracias por \u201ccreer en la cultura como una herramienta que tiene la sociedad para cambiar las cosas\u201d.<\/p>\n<p>Por su parte, Juan Jos\u00e9 Primo ha dado la bienvenida al nuevo alumnado a la sede del curso y ha se\u00f1alado que \u201ces un t\u00edtulo que viene a fortalecer la profesionalidad de los gestores culturales, a dar m\u00e1s innovaci\u00f3n y m\u00e1s posibilidades de acceso al mercado laboral\u201d. Para finalizar, Salvador Garc\u00eda ha resaltado la labor de la Agencia Andaluza de Instituciones Culturales de \u201cdotar de herramientas a los gestores culturales para que puedan desarrollar mejor su trabajo y de una manera m\u00e1s productiva\u201d.<\/p>\n<p>Este t\u00edtulo ofrece a su alumnado la <strong>oportunidad de formarse en el \u00e1mbito de la gesti\u00f3n cultural de la mano de m\u00e1s de una veintena de profesionales de reconocido prestigio<\/strong>, tanto del sector p\u00fablico como del privado, que ejercen como docentes en esta formaci\u00f3n. Es una acci\u00f3n formativa eminentemente pr\u00e1ctica que dota al alumnado de las herramientas necesarias para desarrollar de manera aut\u00f3noma proyectos culturales que respondan a las necesidades del mercado actual.<\/p>\n<p>Entre las materias impartidas se encuentran: <strong>la formulaci\u00f3n de proyectos, el marketing cultural, la financiaci\u00f3n, la legislaci\u00f3n o comunicaci\u00f3n de los proyectos culturales<\/strong>. El t\u00edtulo cuenta con una carga lectiva de <strong>20 ECTS y 150 horas de formaci\u00f3n<\/strong>, se imparte en modalidad presencial y ya ha formado a 116 profesionales en sus seis ediciones anteriores.<\/p>\n<p>A lo largo de estos a\u00f1os, en el marco del curso, han visto la luz proyectos culturales relacionados con distintas disciplinas, es el caso de Grinjaus, un invernadero itinerante de creatividad; el festival de artes vivas en formato breve, Microcosmo; Cienciarte, actividad que fusiona ciencia, arte y espacio p\u00fablico; \u2018Historias de barrio\u2019, que rescata la memoria oral, la creaci\u00f3n de espacios de residencias o la creaci\u00f3n de talleres para impulsar distintas cuestiones culturales; \u2018Jornadas Apocal\u00edpticas\u2019, una reflexi\u00f3n a trav\u00e9s de la Cultura del contexto mundial actual; Experiencia Puchero, la recuperaci\u00f3n de la memoria de las mujeres en el territorio a trav\u00e9s de las recetas y el patrimonio inmaterial; o la Hora Azul, un espacio cultural para la convivencia intergeneracional y de las familias a trav\u00e9s de las artes. Las propuestas surgidas del Curso han fomentado el encuentro cultural a trav\u00e9s de la gastronom\u00eda o han posicionado el arte en entornos rurales, entre otras acciones.<\/p>\n<p>El Diploma de Experto \u2018Gesti\u00f3n de Proyectos Culturales\u2019 est\u00e1 <strong>gestionado por la Fundaci\u00f3n Universidad Pablo de Olavide<\/strong> a trav\u00e9s del \u00c1rea de T\u00edtulos Propios, y bajo las directrices del Vicerrectorado de Relaciones Institucionales, Formaci\u00f3n Permanente y Fundaciones.<\/p>\n<p>M\u00e1s informaci\u00f3n: \u00a0<a href=\"https:\/\/www.upo.es\/formacionpermanente\/diploma-experto\/gestion-de-proyectos-culturales\/\">Diploma de Experto en Gesti\u00f3n de Proyectos Culturales, VII edici\u00f3n.<\/a><\/p>\n<p>Fuente: Fundaci\u00f3n Universidad Pablo de Olavide<\/p>\n","protected":false},"excerpt":{"rendered":"<p>La sede el Instituto Andaluz de Patrimonio Hist\u00f3rico ha acogido este martes la inauguraci\u00f3n de la s\u00e9ptima edici\u00f3n del Diploma de Experto \u2018Gesti\u00f3n de proyectos culturales\u2019, un t\u00edtulo propio de la Universidad Pablo de Olavide que cuenta con la colaboraci\u00f3n de la Agencia Andaluza de Instituciones Culturales, dependiente de la Consejer\u00eda de Cultura y Deportes de la Junta de Andaluc\u00eda; y de la Asociaci\u00f3n Andaluza de Profesionales de la Gesti\u00f3n Cultural (GECA). <\/p>\n","protected":false},"author":6,"featured_media":30890325,"comment_status":"closed","ping_status":"open","sticky":false,"template":"","format":"standard","meta":{"_monsterinsights_skip_tracking":false,"_monsterinsights_sitenote_active":false,"_monsterinsights_sitenote_note":"","_monsterinsights_sitenote_category":0,"footnotes":""},"categories":[2779],"tags":[1264,4467,2474,4360,203,7824,1320],"class_list":["post-30890323","post","type-post","status-publish","format-standard","has-post-thumbnail","hentry","category-docencia-formacion","tag-arte-y-cultura","tag-diploma-de-experto","tag-fundacion-universidad-pablo-de-olavide","tag-gestion-cultural","tag-junta-de-andalucia","tag-laura-gomez-ruiz","tag-titulos-propios"],"_links":{"self":[{"href":"https:\/\/www.upo.es\/diario\/wp-json\/wp\/v2\/posts\/30890323","targetHints":{"allow":["GET"]}}],"collection":[{"href":"https:\/\/www.upo.es\/diario\/wp-json\/wp\/v2\/posts"}],"about":[{"href":"https:\/\/www.upo.es\/diario\/wp-json\/wp\/v2\/types\/post"}],"author":[{"embeddable":true,"href":"https:\/\/www.upo.es\/diario\/wp-json\/wp\/v2\/users\/6"}],"replies":[{"embeddable":true,"href":"https:\/\/www.upo.es\/diario\/wp-json\/wp\/v2\/comments?post=30890323"}],"version-history":[{"count":3,"href":"https:\/\/www.upo.es\/diario\/wp-json\/wp\/v2\/posts\/30890323\/revisions"}],"predecessor-version":[{"id":30890328,"href":"https:\/\/www.upo.es\/diario\/wp-json\/wp\/v2\/posts\/30890323\/revisions\/30890328"}],"wp:featuredmedia":[{"embeddable":true,"href":"https:\/\/www.upo.es\/diario\/wp-json\/wp\/v2\/media\/30890325"}],"wp:attachment":[{"href":"https:\/\/www.upo.es\/diario\/wp-json\/wp\/v2\/media?parent=30890323"}],"wp:term":[{"taxonomy":"category","embeddable":true,"href":"https:\/\/www.upo.es\/diario\/wp-json\/wp\/v2\/categories?post=30890323"},{"taxonomy":"post_tag","embeddable":true,"href":"https:\/\/www.upo.es\/diario\/wp-json\/wp\/v2\/tags?post=30890323"}],"curies":[{"name":"wp","href":"https:\/\/api.w.org\/{rel}","templated":true}]}}