{"id":30890333,"date":"2026-03-12T07:22:41","date_gmt":"2026-03-12T06:22:41","guid":{"rendered":"https:\/\/www.upo.es\/diario\/?p=30890333"},"modified":"2026-03-17T15:08:29","modified_gmt":"2026-03-17T14:08:29","slug":"abierto-el-plazo-de-presentacion-de-propuestas-docentes-para-el-programa-aula-abierta-de-mayores","status":"publish","type":"post","link":"https:\/\/www.upo.es\/diario\/cultura-social\/2026\/03\/abierto-el-plazo-de-presentacion-de-propuestas-docentes-para-el-programa-aula-abierta-de-mayores\/","title":{"rendered":"Abierto el plazo de presentaci\u00f3n de propuestas docentes para el programa Aula Abierta de Mayores"},"content":{"rendered":"<p><a href=\"https:\/\/www.upo.es\/diario\/wp-content\/uploads\/2026\/03\/convocatoria-docencia-AAM-26-27-1.png\"><img loading=\"lazy\" decoding=\"async\" class=\"aligncenter size-large wp-image-30890334\" src=\"https:\/\/www.upo.es\/diario\/wp-content\/uploads\/2026\/03\/convocatoria-docencia-AAM-26-27-1-750x422.png\" alt=\"Abierto el plazo de presentaci\u00f3n de propuestas docentes para el programa Aula Abierta de Mayores. Hasta el pr\u00f3ximo 12 de abril se podr\u00e1 realizar propuestas docentes para impartir asignaturas en este programa universitario\" width=\"750\" height=\"422\" srcset=\"https:\/\/www.upo.es\/diario\/wp-content\/uploads\/2026\/03\/convocatoria-docencia-AAM-26-27-1-750x422.png 750w, https:\/\/www.upo.es\/diario\/wp-content\/uploads\/2026\/03\/convocatoria-docencia-AAM-26-27-1-420x236.png 420w, https:\/\/www.upo.es\/diario\/wp-content\/uploads\/2026\/03\/convocatoria-docencia-AAM-26-27-1-768x432.png 768w, https:\/\/www.upo.es\/diario\/wp-content\/uploads\/2026\/03\/convocatoria-docencia-AAM-26-27-1-1536x864.png 1536w, https:\/\/www.upo.es\/diario\/wp-content\/uploads\/2026\/03\/convocatoria-docencia-AAM-26-27-1-1320x743.png 1320w, https:\/\/www.upo.es\/diario\/wp-content\/uploads\/2026\/03\/convocatoria-docencia-AAM-26-27-1.png 1920w\" sizes=\"auto, (max-width: 750px) 100vw, 750px\" \/><\/a>La Universidad Pablo de Olavide, a trav\u00e9s del Vicerrectorado de Cultura y Pol\u00edticas Sociales, ha abierto la convocatoria para presentar propuestas docentes para el <strong>Programa Universitario Aula Abierta de Mayores para el curso 2026-2027<\/strong>. Mediante este proceso, se podr\u00e1 realizar su propuesta de docencia para impartir asignaturas el pr\u00f3ximo curso acad\u00e9mico en este programa <strong>dirigido a personas mayores de 50 a\u00f1os<\/strong>.<\/p>\n<p>Podr\u00e1n presentar sus propuestas el <strong>personal docente de la Universidad Pablo de Olavide, pudi\u00e9ndolo hacer de forma individual o grupal, siempre que la persona responsable de la misma tenga vinculaci\u00f3n permanente con la UPO<\/strong>. Las propuestas deber\u00e1n encuadrarse en las siguientes \u00e1reas de conocimiento: Humanidades, Derecho, Ciencias del Deporte, Ciencias Tecnol\u00f3gicas y de la Comunicaci\u00f3n, Ciencias Sociales, Ciencias Experimentales, Ciencias Empresariales.<\/p>\n<p>El profesorado interesado podr\u00e1 presentar su propuesta a trav\u00e9s del siguiente <a href=\"https:\/\/docs.google.com\/forms\/d\/e\/1FAIpQLSfQLvY9EDY6FdUVqG6fqc8__BudGQLfv4Em9qTKtx6wU4VYPA\/viewform\">formulario<\/a> <strong>hasta el pr\u00f3ximo 12 de abril<\/strong>. Una vez recibidas las propuestas, \u00e9stas ser\u00e1n evaluadas por el equipo de coordinaci\u00f3n t\u00e9cnica del Aula Abierta de Mayores.<\/p>\n<p>El Aula Abierta de Mayores es un programa universitario para personas mayores de 50 a\u00f1os que persigue <strong>mejorar la calidad de vida, fomentar el envejecimiento activo y combatir la soledad no deseada<\/strong>, entre otros objetivos.<\/p>\n<p>El programa se estructura en dos ciclos: <strong>B\u00e1sico<\/strong> (cuatro cursos acad\u00e9micos) y <strong>Continuidad<\/strong> (dos cursos acad\u00e9micos) durante los cuales su alumnado cursa <strong>asignaturas de diferentes ramas del conocimiento, que se complementan con actividades socioculturales<\/strong> de inter\u00e9s e impacto para el alumnado.<\/p>\n<p>Actualmente el programa est\u00e1 <strong>presente en 23 municipios de la provincia de Sevilla:<\/strong> Alcal\u00e1 de Guada\u00edra, Almensilla, Aznalc\u00f3llar, Bollullos de la Mitaci\u00f3n, Bormujos, Casariche, Castilleja de la Cuesta, Dos Hermanas, El Viso del Alcor, Gerena, Gilena, Gines, Herrera, La Algaba, La Puebla de Cazalla, Las Cabezas de San Juan, Lebrija, Mairena del Alcor, Pedrera, Pilas, Salteras, Santiponce y Tomares.<\/p>\n<p>El programa es dependiente del Vicerrectorado de Cultura y Pol\u00edticas Sociales y cuenta con la gesti\u00f3n de la Fundaci\u00f3n Universidad Pablo de Olavide. Adem\u00e1s, cuenta con el apoyo de la Diputaci\u00f3n de Sevilla, la Consejer\u00eda de Inclusi\u00f3n Social, Juventud, Familias e Igualdad de la Junta de Andaluc\u00eda, la Fundaci\u00f3n La Caixa y de los ayuntamientos de los municipios adscritos al programa.<\/p>\n<p><strong>M\u00e1s informaci\u00f3n:<\/strong> <a href=\"https:\/\/www.upo.es\/aula-mayores\/docencia\/seleccion\/\">www.upo.es\/aula-mayores\/docencia\/seleccion\/<\/a><\/p>\n<p>Fuente: Fundaci\u00f3n Universidad Pablo de Olavide<\/p>\n","protected":false},"excerpt":{"rendered":"<p>Hasta el pr\u00f3ximo 12 de abril se podr\u00e1 realizar propuestas docentes para impartir asignaturas en este programa universitario.<\/p>\n","protected":false},"author":6,"featured_media":30890334,"comment_status":"closed","ping_status":"open","sticky":false,"template":"","format":"standard","meta":{"_monsterinsights_skip_tracking":false,"_monsterinsights_sitenote_active":false,"_monsterinsights_sitenote_note":"","_monsterinsights_sitenote_category":0,"footnotes":""},"categories":[5843],"tags":[52,1961,2859,2474,2052,2160,199,161],"class_list":["post-30890333","post","type-post","status-publish","format-standard","has-post-thumbnail","hentry","category-cultura-social","tag-aula-abierta-de-mayores","tag-convocatoria","tag-envejecimiento-activo","tag-fundacion-universidad-pablo-de-olavide","tag-municipios","tag-personas-mayores","tag-profesorado","tag-sevilla"],"_links":{"self":[{"href":"https:\/\/www.upo.es\/diario\/wp-json\/wp\/v2\/posts\/30890333","targetHints":{"allow":["GET"]}}],"collection":[{"href":"https:\/\/www.upo.es\/diario\/wp-json\/wp\/v2\/posts"}],"about":[{"href":"https:\/\/www.upo.es\/diario\/wp-json\/wp\/v2\/types\/post"}],"author":[{"embeddable":true,"href":"https:\/\/www.upo.es\/diario\/wp-json\/wp\/v2\/users\/6"}],"replies":[{"embeddable":true,"href":"https:\/\/www.upo.es\/diario\/wp-json\/wp\/v2\/comments?post=30890333"}],"version-history":[{"count":2,"href":"https:\/\/www.upo.es\/diario\/wp-json\/wp\/v2\/posts\/30890333\/revisions"}],"predecessor-version":[{"id":30890336,"href":"https:\/\/www.upo.es\/diario\/wp-json\/wp\/v2\/posts\/30890333\/revisions\/30890336"}],"wp:featuredmedia":[{"embeddable":true,"href":"https:\/\/www.upo.es\/diario\/wp-json\/wp\/v2\/media\/30890334"}],"wp:attachment":[{"href":"https:\/\/www.upo.es\/diario\/wp-json\/wp\/v2\/media?parent=30890333"}],"wp:term":[{"taxonomy":"category","embeddable":true,"href":"https:\/\/www.upo.es\/diario\/wp-json\/wp\/v2\/categories?post=30890333"},{"taxonomy":"post_tag","embeddable":true,"href":"https:\/\/www.upo.es\/diario\/wp-json\/wp\/v2\/tags?post=30890333"}],"curies":[{"name":"wp","href":"https:\/\/api.w.org\/{rel}","templated":true}]}}