{"id":30890337,"date":"2026-03-12T14:03:35","date_gmt":"2026-03-12T13:03:35","guid":{"rendered":"https:\/\/www.upo.es\/diario\/?p=30890337"},"modified":"2026-03-17T15:08:31","modified_gmt":"2026-03-17T14:08:31","slug":"estudio-moda-gemas-siglos-xvi-xvii-traje-virgen-rosario-granada","status":"publish","type":"post","link":"https:\/\/www.upo.es\/diario\/ciencia\/2026\/03\/estudio-moda-gemas-siglos-xvi-xvii-traje-virgen-rosario-granada\/","title":{"rendered":"Nuevas claves sobre la moda y las gemas de los siglos XVI y XVII a trav\u00e9s del traje de la Virgen del Rosario de Granada"},"content":{"rendered":"<figure id=\"attachment_30890339\" aria-describedby=\"caption-attachment-30890339\" style=\"width: 700px\" class=\"wp-caption aligncenter\"><a href=\"https:\/\/www.upo.es\/diario\/wp-content\/uploads\/2026\/03\/Vestido-Virgen-Rosario-Granada_analisis-tecnicas-no-destructivas-2.jpg\"><img loading=\"lazy\" decoding=\"async\" class=\"size-large wp-image-30890339\" src=\"https:\/\/www.upo.es\/diario\/wp-content\/uploads\/2026\/03\/Vestido-Virgen-Rosario-Granada_analisis-tecnicas-no-destructivas-2-700x525.jpg\" alt=\"An\u00e1lisis in situ con t\u00e9cnicas port\u00e1tiles no destructivas del vestido de plata de la Virgen del Rosario de Granada.\" width=\"700\" height=\"525\" srcset=\"https:\/\/www.upo.es\/diario\/wp-content\/uploads\/2026\/03\/Vestido-Virgen-Rosario-Granada_analisis-tecnicas-no-destructivas-2-700x525.jpg 700w, https:\/\/www.upo.es\/diario\/wp-content\/uploads\/2026\/03\/Vestido-Virgen-Rosario-Granada_analisis-tecnicas-no-destructivas-2-420x315.jpg 420w, https:\/\/www.upo.es\/diario\/wp-content\/uploads\/2026\/03\/Vestido-Virgen-Rosario-Granada_analisis-tecnicas-no-destructivas-2-768x576.jpg 768w, https:\/\/www.upo.es\/diario\/wp-content\/uploads\/2026\/03\/Vestido-Virgen-Rosario-Granada_analisis-tecnicas-no-destructivas-2.jpg 1299w\" sizes=\"auto, (max-width: 700px) 100vw, 700px\" \/><\/a><figcaption id=\"caption-attachment-30890339\" class=\"wp-caption-text\">An\u00e1lisis in situ con t\u00e9cnicas no destructivas del vestido de plata de la Virgen del Rosario de Granada.<\/figcaption><\/figure>\n<p>Un estudio que combina historia del arte y an\u00e1lisis cient\u00edfico <em>in situ<\/em> ha aportado nuevas claves sobre el vestido de plata de la Virgen del Rosario de Granada, una pieza singular que permite profundizar en la moda femenina cortesana de los siglos XVI y XVII y en la historia material de sus gemas.<\/p>\n<figure id=\"attachment_30890340\" aria-describedby=\"caption-attachment-30890340\" style=\"width: 420px\" class=\"wp-caption alignright\"><a href=\"https:\/\/www.upo.es\/diario\/wp-content\/uploads\/2026\/03\/Grupo_PMyT-Virgen-Rosario-Granada_detalle-scaled.jpg\"><img loading=\"lazy\" decoding=\"async\" class=\"size-medium wp-image-30890340\" src=\"https:\/\/www.upo.es\/diario\/wp-content\/uploads\/2026\/03\/Grupo_PMyT-Virgen-Rosario-Granada_detalle-420x279.jpg\" alt=\"Auxiliadora G\u00f3mez, Pilar Ortiz, Andrea Gil y Laura Toro en la Archicofrad\u00eda de Nuestra Se\u00f1ora del Rosario de Granada\" width=\"420\" height=\"279\" srcset=\"https:\/\/www.upo.es\/diario\/wp-content\/uploads\/2026\/03\/Grupo_PMyT-Virgen-Rosario-Granada_detalle-420x279.jpg 420w, https:\/\/www.upo.es\/diario\/wp-content\/uploads\/2026\/03\/Grupo_PMyT-Virgen-Rosario-Granada_detalle-750x498.jpg 750w, https:\/\/www.upo.es\/diario\/wp-content\/uploads\/2026\/03\/Grupo_PMyT-Virgen-Rosario-Granada_detalle-768x510.jpg 768w, https:\/\/www.upo.es\/diario\/wp-content\/uploads\/2026\/03\/Grupo_PMyT-Virgen-Rosario-Granada_detalle-1536x1020.jpg 1536w, https:\/\/www.upo.es\/diario\/wp-content\/uploads\/2026\/03\/Grupo_PMyT-Virgen-Rosario-Granada_detalle-2048x1360.jpg 2048w, https:\/\/www.upo.es\/diario\/wp-content\/uploads\/2026\/03\/Grupo_PMyT-Virgen-Rosario-Granada_detalle-165x109.jpg 165w, https:\/\/www.upo.es\/diario\/wp-content\/uploads\/2026\/03\/Grupo_PMyT-Virgen-Rosario-Granada_detalle-1320x877.jpg 1320w\" sizes=\"auto, (max-width: 420px) 100vw, 420px\" \/><\/a><figcaption id=\"caption-attachment-30890340\" class=\"wp-caption-text\">Auxiliadora G\u00f3mez, Pilar Ortiz, Andrea Gil y Laura Toro en la Archicofrad\u00eda de Nuestra Se\u00f1ora del Rosario de Granada.<\/figcaption><\/figure>\n<p>La investigaci\u00f3n, publicada en la revista <a href=\"https:\/\/doi.org\/10.1038\/s40494-025-02192-x\"><em>npj Heritage Science<\/em><\/a>, ha sido desarrollada por el <strong>grupo Patrimonio, Medioambiente y Tecnolog\u00eda<\/strong> de la Universidad Pablo de Olavide, liderado por la catedr\u00e1tica de cristalograf\u00eda y mineralog\u00eda <strong>Pilar Ortiz<\/strong>, junto a personal investigador del <strong>Instituto Andaluz del Patrimonio Hist\u00f3rico<\/strong>, en colaboraci\u00f3n con la <strong>Archicofrad\u00eda de Nuestra Se\u00f1ora del Rosario de Granada<\/strong>.<\/p>\n<p>El trabajo a\u00fana historia del arte, gemolog\u00eda y an\u00e1lisis qu\u00edmico no invasivo para estudiar las <strong>377 gemas<\/strong> conservadas en el vestido. <strong>A partir de la comparaci\u00f3n con retratos de reinas e infantas de la colecci\u00f3n del Museo Nacional del Prado, el equipo ha identificado elementos formales y decorativos que vinculan esta indumentaria con la moda femenina de la corte espa\u00f1ola en la Edad Moderna<\/strong>.<\/p>\n<figure id=\"attachment_30890341\" aria-describedby=\"caption-attachment-30890341\" style=\"width: 315px\" class=\"wp-caption alignright\"><a href=\"https:\/\/www.upo.es\/diario\/wp-content\/uploads\/2026\/03\/Vestido-Virgen-Rosario-Granada_detalle.jpg\"><img loading=\"lazy\" decoding=\"async\" class=\"size-medium wp-image-30890341\" src=\"https:\/\/www.upo.es\/diario\/wp-content\/uploads\/2026\/03\/Vestido-Virgen-Rosario-Granada_detalle-315x420.jpg\" alt=\"Detalle del vestido de la Virgen del Rosario de Granada\" width=\"315\" height=\"420\" srcset=\"https:\/\/www.upo.es\/diario\/wp-content\/uploads\/2026\/03\/Vestido-Virgen-Rosario-Granada_detalle-315x420.jpg 315w, https:\/\/www.upo.es\/diario\/wp-content\/uploads\/2026\/03\/Vestido-Virgen-Rosario-Granada_detalle-394x525.jpg 394w, https:\/\/www.upo.es\/diario\/wp-content\/uploads\/2026\/03\/Vestido-Virgen-Rosario-Granada_detalle-768x1024.jpg 768w, https:\/\/www.upo.es\/diario\/wp-content\/uploads\/2026\/03\/Vestido-Virgen-Rosario-Granada_detalle.jpg 880w\" sizes=\"auto, (max-width: 315px) 100vw, 315px\" \/><\/a><figcaption id=\"caption-attachment-30890341\" class=\"wp-caption-text\">Detalle del vestido de la Virgen del Rosario de Granada.<\/figcaption><\/figure>\n<p>Adem\u00e1s del estudio hist\u00f3rico-art\u00edstico, la investigaci\u00f3n ha permitido caracterizar los materiales de las gemas sin alterar la obra. Los an\u00e1lisis han identificado piedras naturales como cuarzos, amatistas, citrinos, berilo incoloro o goshenita y un rub\u00ed, junto con varias imitaciones de vidrio utilizadas en distintas etapas.<\/p>\n<p>Uno de los resultados m\u00e1s relevantes del estudio es que<strong> las gemas no responden a una \u00fanica fase de elaboraci\u00f3n<\/strong>. Sus caracter\u00edsticas morfol\u00f3gicas y compositivas apuntan, seg\u00fan las autoras, a al menos tres momentos de intervenci\u00f3n sobre el vestido: una fase vinculada posiblemente a su manufactura original, otras reformas posteriores y la incorporaci\u00f3n de algunos materiales m\u00e1s recientes, entre ellos ciertos vidrios rojos que podr\u00edan situarse ya en el siglo XX.<\/p>\n<p>Para llevar a cabo esta investigaci\u00f3n, el equipo utiliz\u00f3 <a href=\"https:\/\/www.upo.es\/investiga\/art-risk\/sanit-arte-ambu-lab\/\">t\u00e9cnicas port\u00e1tiles no destructivas<\/a> como la espectroscop\u00eda Raman, la espectroscop\u00eda infrarroja por transformada de Fourier y la fluorescencia de rayos X. Este enfoque permite obtener informaci\u00f3n precisa sobre la composici\u00f3n de los materiales sin necesidad de da\u00f1ar la pieza, algo especialmente valioso en el estudio y conservaci\u00f3n del patrimonio hist\u00f3rico.<\/p>\n<p>M\u00e1s all\u00e1 del caso concreto del vestido de la Virgen del Rosario, <strong>el trabajo pone de relieve el potencial de los enfoques interdisciplinares para reconstruir la historia material de bienes culturales y art\u00edsticos complejos y mejorar los criterios de conservaci\u00f3n.<\/strong> La combinaci\u00f3n de fuentes art\u00edsticas, an\u00e1lisis de materiales y t\u00e9cnicas cient\u00edficas abre as\u00ed nuevas v\u00edas para comprender c\u00f3mo estas obras han sido creadas y transformadas, y poder de este modo preservarlas a lo largo del tiempo.<\/p>\n<p><strong>Referencia:<br \/>\n<\/strong>Ortiz, P., G\u00f3mez-Mor\u00f3n, M. A., Garrido, M. S., Gil-Torrano, A., Toro-Murillo, L., Abreu, D., &amp; Palma, J. A.. <strong><em>Interdisciplinary study of 16th-century Spanish court woman fashion, gemstones, and Virgen del Rosario dress<\/em><\/strong>. npj Herit. Sci. 13, 624 (2025). <a href=\"https:\/\/doi.org\/10.1038\/s40494-025-02192-x\">https:\/\/doi.org\/10.1038\/s40494-025-02192-x<\/a><\/p>\n<p><iframe loading=\"lazy\" id=\"pumukitiframe\" src=\"https:\/\/upotv.upo.es\/iframe\/6646f677abe3c6dbcd8b4567\" width=\"560\" height=\"315\" frameborder=\"0\" allowfullscreen=\"allowfullscreen\"><\/iframe><\/p>\n","protected":false},"excerpt":{"rendered":"<p>Un estudio que combina historia del arte y an\u00e1lisis cient\u00edfico in situ ha aportado nuevas claves sobre el vestido de plata de la Virgen del Rosario de Granada, una pieza singular que permite profundizar en la moda femenina cortesana de los siglos XVI y XVII y en la historia material de sus gemas. <\/p>\n","protected":false},"author":6,"featured_media":30890339,"comment_status":"closed","ping_status":"open","sticky":false,"template":"","format":"standard","meta":{"_monsterinsights_skip_tracking":false,"_monsterinsights_sitenote_active":false,"_monsterinsights_sitenote_note":"","_monsterinsights_sitenote_category":0,"footnotes":""},"categories":[3],"tags":[9107,1554,1146,1517,494,1427,2559,8952,404],"class_list":["post-30890337","post","type-post","status-publish","format-standard","has-post-thumbnail","hentry","category-ciencia","tag-ambu-lab","tag-area-de-cristalografia-y-mineralogia","tag-conservacion","tag-edad-moderna","tag-granada","tag-instituto-andaluz-del-patrimonio-historico","tag-patrimonio-historico","tag-pilar-ortiz-calderon","tag-quimica"],"_links":{"self":[{"href":"https:\/\/www.upo.es\/diario\/wp-json\/wp\/v2\/posts\/30890337","targetHints":{"allow":["GET"]}}],"collection":[{"href":"https:\/\/www.upo.es\/diario\/wp-json\/wp\/v2\/posts"}],"about":[{"href":"https:\/\/www.upo.es\/diario\/wp-json\/wp\/v2\/types\/post"}],"author":[{"embeddable":true,"href":"https:\/\/www.upo.es\/diario\/wp-json\/wp\/v2\/users\/6"}],"replies":[{"embeddable":true,"href":"https:\/\/www.upo.es\/diario\/wp-json\/wp\/v2\/comments?post=30890337"}],"version-history":[{"count":2,"href":"https:\/\/www.upo.es\/diario\/wp-json\/wp\/v2\/posts\/30890337\/revisions"}],"predecessor-version":[{"id":30890342,"href":"https:\/\/www.upo.es\/diario\/wp-json\/wp\/v2\/posts\/30890337\/revisions\/30890342"}],"wp:featuredmedia":[{"embeddable":true,"href":"https:\/\/www.upo.es\/diario\/wp-json\/wp\/v2\/media\/30890339"}],"wp:attachment":[{"href":"https:\/\/www.upo.es\/diario\/wp-json\/wp\/v2\/media?parent=30890337"}],"wp:term":[{"taxonomy":"category","embeddable":true,"href":"https:\/\/www.upo.es\/diario\/wp-json\/wp\/v2\/categories?post=30890337"},{"taxonomy":"post_tag","embeddable":true,"href":"https:\/\/www.upo.es\/diario\/wp-json\/wp\/v2\/tags?post=30890337"}],"curies":[{"name":"wp","href":"https:\/\/api.w.org\/{rel}","templated":true}]}}