{"id":30890343,"date":"2026-03-12T15:35:41","date_gmt":"2026-03-12T14:35:41","guid":{"rendered":"https:\/\/www.upo.es\/diario\/?p=30890343"},"modified":"2026-03-17T11:15:54","modified_gmt":"2026-03-17T10:15:54","slug":"turismo-ruralidad-y-crisis-rural-libro-esteban-ruiz","status":"publish","type":"post","link":"https:\/\/www.upo.es\/diario\/docencia-formacion\/2026\/03\/turismo-ruralidad-y-crisis-rural-libro-esteban-ruiz\/","title":{"rendered":"Esteban Ruiz Ballesteros presenta en la UPO su libro &#8216;Turismo, ruralidad y crisis rural&#8217;"},"content":{"rendered":"<figure id=\"attachment_30890350\" aria-describedby=\"caption-attachment-30890350\" style=\"width: 750px\" class=\"wp-caption aligncenter\"><a href=\"https:\/\/www.upo.es\/diario\/wp-content\/uploads\/2026\/03\/Libro-ERuiz-3996-scaled.jpg\"><img loading=\"lazy\" decoding=\"async\" class=\"size-large wp-image-30890350\" src=\"https:\/\/www.upo.es\/diario\/wp-content\/uploads\/2026\/03\/Libro-ERuiz-3996-750x422.jpg\" alt=\"Javier Escalera, Esteban Ruiz, Macarena Hern\u00e1ndez y Alejandro Santiago en la presentaci\u00f3n de 'Turismo, ruralidad y crisis rural'\" width=\"750\" height=\"422\" srcset=\"https:\/\/www.upo.es\/diario\/wp-content\/uploads\/2026\/03\/Libro-ERuiz-3996-750x422.jpg 750w, https:\/\/www.upo.es\/diario\/wp-content\/uploads\/2026\/03\/Libro-ERuiz-3996-420x236.jpg 420w, https:\/\/www.upo.es\/diario\/wp-content\/uploads\/2026\/03\/Libro-ERuiz-3996-768x432.jpg 768w, https:\/\/www.upo.es\/diario\/wp-content\/uploads\/2026\/03\/Libro-ERuiz-3996-1536x864.jpg 1536w, https:\/\/www.upo.es\/diario\/wp-content\/uploads\/2026\/03\/Libro-ERuiz-3996-2048x1152.jpg 2048w, https:\/\/www.upo.es\/diario\/wp-content\/uploads\/2026\/03\/Libro-ERuiz-3996-1320x742.jpg 1320w\" sizes=\"auto, (max-width: 750px) 100vw, 750px\" \/><\/a><figcaption id=\"caption-attachment-30890350\" class=\"wp-caption-text\">Javier Escalera, Esteban Ruiz, Macarena Hern\u00e1ndez y Alejandro Santiago en la presentaci\u00f3n de &#8216;Turismo, ruralidad y crisis rural&#8217;<\/figcaption><\/figure>\n<p>La Universidad Pablo de Olavide ha acogido esta ma\u00f1ana la presentaci\u00f3n del libro <em>Turismo, ruralidad y crisis rural<\/em>, obra del catedr\u00e1tico de Antropolog\u00eda Social <strong>Esteban Ruiz Ballesteros<\/strong>, en un acto que ha contado con la participaci\u00f3n de <strong>Alejandro Santiago<\/strong>, editor; <strong>Macarena Hern\u00e1ndez y Javier Escalera<\/strong>, directora del Departamento y profesor de Antropolog\u00eda en la Universidad, quienes han acompa\u00f1ado al autor en un encuentro centrado en el an\u00e1lisis acad\u00e9mico y social de la ruralidad actual y su relaci\u00f3n con el turismo.<\/p>\n<figure id=\"attachment_30890351\" aria-describedby=\"caption-attachment-30890351\" style=\"width: 280px\" class=\"wp-caption alignleft\"><a href=\"https:\/\/www.upo.es\/diario\/wp-content\/uploads\/2026\/03\/Libro-ERuiz_4036.jpg\"><img loading=\"lazy\" decoding=\"async\" class=\"size-medium wp-image-30890351\" src=\"https:\/\/www.upo.es\/diario\/wp-content\/uploads\/2026\/03\/Libro-ERuiz_4036-280x420.jpg\" alt=\"Esteban Ruiz Ballesteros\" width=\"280\" height=\"420\" srcset=\"https:\/\/www.upo.es\/diario\/wp-content\/uploads\/2026\/03\/Libro-ERuiz_4036-280x420.jpg 280w, https:\/\/www.upo.es\/diario\/wp-content\/uploads\/2026\/03\/Libro-ERuiz_4036-350x525.jpg 350w, https:\/\/www.upo.es\/diario\/wp-content\/uploads\/2026\/03\/Libro-ERuiz_4036-768x1152.jpg 768w, https:\/\/www.upo.es\/diario\/wp-content\/uploads\/2026\/03\/Libro-ERuiz_4036-1024x1536.jpg 1024w, https:\/\/www.upo.es\/diario\/wp-content\/uploads\/2026\/03\/Libro-ERuiz_4036-1366x2048.jpg 1366w, https:\/\/www.upo.es\/diario\/wp-content\/uploads\/2026\/03\/Libro-ERuiz_4036-1320x1980.jpg 1320w, https:\/\/www.upo.es\/diario\/wp-content\/uploads\/2026\/03\/Libro-ERuiz_4036.jpg 1655w\" sizes=\"auto, (max-width: 280px) 100vw, 280px\" \/><\/a><figcaption id=\"caption-attachment-30890351\" class=\"wp-caption-text\">Esteban Ruiz Ballesteros<\/figcaption><\/figure>\n<p>Publicado por la editorial Nazar\u00ed dentro de la Colecci\u00f3n Arrayanes, el volumen plantea una mirada que a\u00fana investigaci\u00f3n antropol\u00f3gica y ensayo para analizar c\u00f3mo muchos pueblos se han convertido en espacios orientados al visitante, al tiempo que afrontan procesos de cambio demogr\u00e1fico, econ\u00f3mico, ambiental y social. \u00abNos encontramos ante un libro que combina, con rigor y amenidad, reflexi\u00f3n acad\u00e9mica, an\u00e1lisis cr\u00edtico y una clara voluntad de di\u00e1logo con los debates sociales actuales\u00bb, ha resumido Alejandro Santiago, quien ha destacado el cambio de perspectiva que propone Ruiz Ballesteros: \u00aben lugar de preguntarse \u00fanicamente qu\u00e9 efectos tiene el turismo sobre los territorios rurales, el libro plantea tambi\u00e9n c\u00f3mo las comunidades rurales interpretan, adaptan y transforman el turismo\u00bb.<\/p>\n<p>En este aspecto ha abundado el profesor Javier Escalera al resaltar su base antropol\u00f3gica \u00abde abajo arriba\u00bb en una obra que ha calificado como \u00abpoco habitual, de madurez, de reflexi\u00f3n profunda que no hubiera sido posible sin una trayectoria investigadora de m\u00e1s de veinte a\u00f1os\u00bb.<\/p>\n<p>Por su parte, Macarena Hern\u00e1ndez ha subrayado las aportaciones acad\u00e9micas del libro sobre la ruralidad y el fen\u00f3meno del turismo, en un tono conversacional, con dosis de provocaci\u00f3n y \u00ablicencias po\u00e9ticas y filos\u00f3ficas\u00bb de un texto que es \u00abEsteban en estado puro\u00bb.<\/p>\n<p>La presentaci\u00f3n de <em>Turismo, ruralidad y crisis rural<\/em> ha finalizado con la intervenci\u00f3n del autor, quien ha agradecido el trabajo de la editorial \u00aby de tantos compa\u00f1eros, sin cuyo an\u00e1lisis conjunto y profundo en proyectos realizados durante muchos a\u00f1os este libro no ser\u00eda posible\u00bb.<\/p>\n<p><strong><a href=\"https:\/\/www.editorialnazari.com\/libro\/turismo-ruralidad-y-crisis-rural\/\"><img loading=\"lazy\" decoding=\"async\" class=\"alignright size-large wp-image-30890348\" src=\"https:\/\/www.upo.es\/diario\/wp-content\/uploads\/2026\/03\/Turismo-Ruralidad_ERuiz_portada-350x525.jpg\" alt=\"Turismo, ruralidad y crisis rural (portada: ilustraci\u00f3n de un pueblo en la ladera de una monta\u00f1a)\" width=\"350\" height=\"525\" srcset=\"https:\/\/www.upo.es\/diario\/wp-content\/uploads\/2026\/03\/Turismo-Ruralidad_ERuiz_portada-350x525.jpg 350w, https:\/\/www.upo.es\/diario\/wp-content\/uploads\/2026\/03\/Turismo-Ruralidad_ERuiz_portada-280x420.jpg 280w, https:\/\/www.upo.es\/diario\/wp-content\/uploads\/2026\/03\/Turismo-Ruralidad_ERuiz_portada-768x1152.jpg 768w, https:\/\/www.upo.es\/diario\/wp-content\/uploads\/2026\/03\/Turismo-Ruralidad_ERuiz_portada.jpg 800w\" sizes=\"auto, (max-width: 350px) 100vw, 350px\" \/><\/a>Referencia:<br \/>\n<\/strong>Ruiz Ballesteros, E. (2026, febrero).<strong> <em>Turismo, ruralidad y crisis rural<\/em><\/strong> &#8211; Editorial Nazar\u00ed. <a href=\"https:\/\/www.editorialnazari.com\/libro\/turismo-ruralidad-y-crisis-rural\/\">www.editorialnazari.com\/libro\/turismo-ruralidad-y-crisis-rural<\/a><\/p>\n<p>&nbsp;<\/p>\n","protected":false},"excerpt":{"rendered":"<p>La Universidad Pablo de Olavide ha acogido esta ma\u00f1ana la presentaci\u00f3n del libro Turismo, ruralidad y crisis rural, obra del catedr\u00e1tico de Antropolog\u00eda Social Esteban Ruiz Ballesteros, en un acto que ha contado con la participaci\u00f3n de Alejandro Santiago, editor; Macarena Hern\u00e1ndez y Javier Escalera, directora del Departamento y profesor de Antropolog\u00eda en la Universidad, quienes han acompa\u00f1ado al autor<a class=\"read-more\" href=\"https:\/\/www.upo.es\/diario\/docencia-formacion\/2026\/03\/turismo-ruralidad-y-crisis-rural-libro-esteban-ruiz\/\">[Read More&#8230;]<\/a><\/p>\n","protected":false},"author":6,"featured_media":30890350,"comment_status":"closed","ping_status":"open","sticky":false,"template":"","format":"standard","meta":{"_monsterinsights_skip_tracking":false,"_monsterinsights_sitenote_active":false,"_monsterinsights_sitenote_note":"","_monsterinsights_sitenote_category":0,"footnotes":""},"categories":[2779],"tags":[1045,9393,7045,1377,333,334,7195,811],"class_list":["post-30890343","post","type-post","status-publish","format-standard","has-post-thumbnail","hentry","category-docencia-formacion","tag-antropologia","tag-departamento-de-antropologia-social","tag-esteban-ruiz-ballesteros","tag-javier-escalera","tag-libro","tag-presentacion","tag-ruralidad","tag-turismo"],"_links":{"self":[{"href":"https:\/\/www.upo.es\/diario\/wp-json\/wp\/v2\/posts\/30890343","targetHints":{"allow":["GET"]}}],"collection":[{"href":"https:\/\/www.upo.es\/diario\/wp-json\/wp\/v2\/posts"}],"about":[{"href":"https:\/\/www.upo.es\/diario\/wp-json\/wp\/v2\/types\/post"}],"author":[{"embeddable":true,"href":"https:\/\/www.upo.es\/diario\/wp-json\/wp\/v2\/users\/6"}],"replies":[{"embeddable":true,"href":"https:\/\/www.upo.es\/diario\/wp-json\/wp\/v2\/comments?post=30890343"}],"version-history":[{"count":10,"href":"https:\/\/www.upo.es\/diario\/wp-json\/wp\/v2\/posts\/30890343\/revisions"}],"predecessor-version":[{"id":30890356,"href":"https:\/\/www.upo.es\/diario\/wp-json\/wp\/v2\/posts\/30890343\/revisions\/30890356"}],"wp:featuredmedia":[{"embeddable":true,"href":"https:\/\/www.upo.es\/diario\/wp-json\/wp\/v2\/media\/30890350"}],"wp:attachment":[{"href":"https:\/\/www.upo.es\/diario\/wp-json\/wp\/v2\/media?parent=30890343"}],"wp:term":[{"taxonomy":"category","embeddable":true,"href":"https:\/\/www.upo.es\/diario\/wp-json\/wp\/v2\/categories?post=30890343"},{"taxonomy":"post_tag","embeddable":true,"href":"https:\/\/www.upo.es\/diario\/wp-json\/wp\/v2\/tags?post=30890343"}],"curies":[{"name":"wp","href":"https:\/\/api.w.org\/{rel}","templated":true}]}}