{"id":30890359,"date":"2026-03-13T12:35:00","date_gmt":"2026-03-13T11:35:00","guid":{"rendered":"https:\/\/www.upo.es\/diario\/?p=30890359"},"modified":"2026-03-17T15:08:21","modified_gmt":"2026-03-17T14:08:21","slug":"francisco-oliva-doctor-honoris-causa-por-la-universidad-nacional-mayor-de-san-marcos","status":"publish","type":"post","link":"https:\/\/www.upo.es\/diario\/institucional\/2026\/03\/francisco-oliva-doctor-honoris-causa-por-la-universidad-nacional-mayor-de-san-marcos\/","title":{"rendered":"Francisco Oliva, doctor &#8216;Honoris Causa&#8217; por la Universidad Nacional Mayor de San Marcos"},"content":{"rendered":"<p><iframe loading=\"lazy\" title=\"YouTube video player\" src=\"https:\/\/www.youtube.com\/embed\/Wd_wllRg-Ik?si=DxuxyJLAcqEjdHVg&amp;start=1710\" width=\"560\" height=\"315\" frameborder=\"0\" allowfullscreen=\"allowfullscreen\"><\/iframe><br \/>\nEl rector de la Universidad Pablo de Olavide ha sido investido doctor <em>Honoris Causa<\/em> por la Universidad Nacional Mayor de San Marcos (UNMSM) en una ceremonia que tuvo lugar el pasado martes en Lima. <strong>La Universidad conocida como la &#8216;Decana de Am\u00e9rica&#8217;, ya que celebra este 2026 sus 475 a\u00f1os de historia y es la m\u00e1s antigua del continente americano, acord\u00f3 otorgar esta distinci\u00f3n acad\u00e9mica a Francisco Oliva Bl\u00e1zquez \u00aben reconocimiento a su destacada trayectoria profesional e intelectual, y sus valiosas aportaciones al pensamiento jur\u00eddico y a la educaci\u00f3n universitaria\u00bb<\/strong>.<\/p>\n<p><strong>Jer\u00ed Ram\u00f3n Ruffner<\/strong>, rectora de la UNMSM, impuso la medalla, junto al diploma y la resoluci\u00f3n, que otorga el grado de doctor <em>Honoris Causa<\/em> a Francisco Oliva. La secretaria general de la Universidad Nacional Mayor de San Marcos, <strong>Elsa Ascenci\u00f3n Marchinares<\/strong>, fue la encargada de realizar la <em>laudatio<\/em> y dar cuenta de los m\u00e9ritos por los que la UNMSM ha distinguido la rector de la Universidad Pablo de Olavide, entre los que se encuentran \u00absu impulso a la cohesi\u00f3n del sistema universitario andaluz, buscando siempre el consenso y el beneficio com\u00fan de las instituciones p\u00fablicas y el fomento de una universidad abierta a la sociedad, estrechando lazos con el sector productivo y social de Sevilla y su entorno. Y que bajo su mandato, la Universidad Pablo de Olavide ha reforzado su identidad como una instituci\u00f3n comprometida con la justicia social, la igualdad de g\u00e9nero y la sostenibilidad ambiental, personificando el ideal del acad\u00e9mico que no resulta indiferente a los problemas de su entorno\u00bb.<\/p>\n<figure id=\"attachment_30890365\" aria-describedby=\"caption-attachment-30890365\" style=\"width: 394px\" class=\"wp-caption alignright\"><a href=\"https:\/\/www.upo.es\/diario\/wp-content\/uploads\/2026\/03\/lectio-doctoralis-oliva.jpeg\"><img loading=\"lazy\" decoding=\"async\" class=\"wp-image-30890365 size-large\" src=\"https:\/\/www.upo.es\/diario\/wp-content\/uploads\/2026\/03\/lectio-doctoralis-oliva-394x525.jpeg\" alt=\"Francisco Oliva durante su discurso en la UNMSM\" width=\"394\" height=\"525\" srcset=\"https:\/\/www.upo.es\/diario\/wp-content\/uploads\/2026\/03\/lectio-doctoralis-oliva-394x525.jpeg 394w, https:\/\/www.upo.es\/diario\/wp-content\/uploads\/2026\/03\/lectio-doctoralis-oliva-315x420.jpeg 315w, https:\/\/www.upo.es\/diario\/wp-content\/uploads\/2026\/03\/lectio-doctoralis-oliva-768x1024.jpeg 768w, https:\/\/www.upo.es\/diario\/wp-content\/uploads\/2026\/03\/lectio-doctoralis-oliva-1152x1536.jpeg 1152w, https:\/\/www.upo.es\/diario\/wp-content\/uploads\/2026\/03\/lectio-doctoralis-oliva.jpeg 1200w\" sizes=\"auto, (max-width: 394px) 100vw, 394px\" \/><\/a><figcaption id=\"caption-attachment-30890365\" class=\"wp-caption-text\">Francisco Oliva durante su discurso en la UNMSM<\/figcaption><\/figure>\n<p>En su discurso, <em>lectio doctoralis<\/em>, <strong>Francisco Oliva record\u00f3 sus v\u00ednculos vitales con Per\u00fa \u2014residi\u00f3 en Lima con su familia siendo muy joven\u2014 \u00abdesde entonces la cultura peruana form\u00f3 parte inescindible de nuestras vidas\u00bb y destac\u00f3 la figura de Pablo de Olavide como referente de la Ilustraci\u00f3n<\/strong>, quien precisamente se form\u00f3 en Derecho civil y Derecho can\u00f3nico en la Universidad de San Marcos. El rector reivindic\u00f3 la vigencia de su legado reformista en el presente, gracias a tres grandes l\u00edneas de actuaci\u00f3n del ilustrado lime\u00f1o: la reforma agraria, la modernizaci\u00f3n de la ciudad de Sevilla y, de manera especial, la reforma de la Universidad de Sevilla. En este \u00faltimo \u00e1mbito, el rector subray\u00f3 su apuesta por una universidad entendida como servicio p\u00fablico, secularizada, aut\u00f3noma y orientada al bien com\u00fan, en la que primaran la raz\u00f3n, el m\u00e9rito y la formaci\u00f3n \u00fatil para la sociedad.<\/p>\n<p>A partir de ese recorrido hist\u00f3rico, Oliva conect\u00f3 el pensamiento de Olavide con algunos de los principales desaf\u00edos actuales. El rector advirti\u00f3 as\u00ed que principios centrales de la Ilustraci\u00f3n \u2014como la autonom\u00eda universitaria, la libertad acad\u00e9mica, la confianza en la ciencia y el valor de la raz\u00f3n cr\u00edtica\u2014 se encuentran hoy cuestionados por injerencias pol\u00edticas, corrientes anticient\u00edficas, desinformaci\u00f3n y modelos educativos guiados por l\u00f3gicas de mercado. Frente a este contexto, reivindic\u00f3 la universidad p\u00fablica como espacio de pensamiento libre, producci\u00f3n de conocimiento riguroso y defensa de la igualdad de oportunidades y de la democracia. \u00abLa Universidad Nacional Mayor de San Marcos y la Universidad Pablo de Olavide tenemos el deber moral de defender el legado intelectual y pr\u00e1ctico de este lime\u00f1o universal, y no s\u00f3lo eso, debemos cooperar y trabajar conjuntamente para hacer que nuestras respectivas instituciones sigan creciendo, desarroll\u00e1ndose y siendo ejemplo en el Espacio Iberoamericano del Conocimiento\u00bb.<\/p>\n<p><a title=\"HONORIS CAUSA: Dr. FRANCISCO OLIVA BL\u00c1ZQUEZ\" href=\"https:\/\/www.flickr.com\/photos\/195133353@N04\/albums\/72177720332488646\" data-flickr-embed=\"true\"><img loading=\"lazy\" decoding=\"async\" src=\"https:\/\/live.staticflickr.com\/65535\/55143779746_a0a2813a4a_z.jpg\" alt=\"HONORIS CAUSA: Dr. FRANCISCO OLIVA BL\u00c1ZQUEZ\" width=\"640\" height=\"480\" \/><\/a><script async src=\"\/\/embedr.flickr.com\/assets\/client-code.js\" charset=\"utf-8\"><\/script><\/p>\n","protected":false},"excerpt":{"rendered":"<p>El rector de la Universidad Pablo de Olavide ha sido investido doctor Honoris Causa por la Universidad Nacional Mayor de San Marcos (UNMSM) en una ceremonia que tuvo lugar el pasado martes en Lima. La Universidad conocida como la &#8216;Decana de Am\u00e9rica&#8217;, ya que celebra este 2026 sus 475 a\u00f1os de historia y es la m\u00e1s antigua del continente americano, acord\u00f3 otorgar esta distinci\u00f3n acad\u00e9mica a Francisco Oliva Bl\u00e1zquez \u00aben reconocimiento a su destacada trayectoria profesional e intelectual, y sus valiosas aportaciones al pensamiento jur\u00eddico y a la educaci\u00f3n universitaria\u00bb.<\/p>\n","protected":false},"author":6,"featured_media":30890364,"comment_status":"closed","ping_status":"open","sticky":false,"template":"","format":"standard","meta":{"_monsterinsights_skip_tracking":false,"_monsterinsights_sitenote_active":false,"_monsterinsights_sitenote_note":"","_monsterinsights_sitenote_category":0,"footnotes":""},"categories":[6],"tags":[8376,7856,4021,805,2805,925,2438,8672,1191],"class_list":["post-30890359","post","type-post","status-publish","format-standard","has-post-thumbnail","hentry","category-institucional","tag-doctorado-honoris-causa","tag-espacio-iberoamericano-del-conocimiento","tag-francisco-oliva-blazquez","tag-iberoamerica","tag-ilustracion","tag-internacionalizacion","tag-lima","tag-pablo-de-olavide-y-jauregui","tag-peru"],"_links":{"self":[{"href":"https:\/\/www.upo.es\/diario\/wp-json\/wp\/v2\/posts\/30890359","targetHints":{"allow":["GET"]}}],"collection":[{"href":"https:\/\/www.upo.es\/diario\/wp-json\/wp\/v2\/posts"}],"about":[{"href":"https:\/\/www.upo.es\/diario\/wp-json\/wp\/v2\/types\/post"}],"author":[{"embeddable":true,"href":"https:\/\/www.upo.es\/diario\/wp-json\/wp\/v2\/users\/6"}],"replies":[{"embeddable":true,"href":"https:\/\/www.upo.es\/diario\/wp-json\/wp\/v2\/comments?post=30890359"}],"version-history":[{"count":6,"href":"https:\/\/www.upo.es\/diario\/wp-json\/wp\/v2\/posts\/30890359\/revisions"}],"predecessor-version":[{"id":30890368,"href":"https:\/\/www.upo.es\/diario\/wp-json\/wp\/v2\/posts\/30890359\/revisions\/30890368"}],"wp:featuredmedia":[{"embeddable":true,"href":"https:\/\/www.upo.es\/diario\/wp-json\/wp\/v2\/media\/30890364"}],"wp:attachment":[{"href":"https:\/\/www.upo.es\/diario\/wp-json\/wp\/v2\/media?parent=30890359"}],"wp:term":[{"taxonomy":"category","embeddable":true,"href":"https:\/\/www.upo.es\/diario\/wp-json\/wp\/v2\/categories?post=30890359"},{"taxonomy":"post_tag","embeddable":true,"href":"https:\/\/www.upo.es\/diario\/wp-json\/wp\/v2\/tags?post=30890359"}],"curies":[{"name":"wp","href":"https:\/\/api.w.org\/{rel}","templated":true}]}}