{"id":30890367,"date":"2026-03-13T13:48:22","date_gmt":"2026-03-13T12:48:22","guid":{"rendered":"https:\/\/www.upo.es\/diario\/?p=30890367"},"modified":"2026-03-17T11:15:45","modified_gmt":"2026-03-17T10:15:45","slug":"universidad-pablo-de-olavide-acoge-fase-regional-sevilla-european-youth-parliament","status":"publish","type":"post","link":"https:\/\/www.upo.es\/diario\/docencia-formacion\/2026\/03\/universidad-pablo-de-olavide-acoge-fase-regional-sevilla-european-youth-parliament\/","title":{"rendered":"La Universidad Pablo de Olavide acoge la fase regional en Sevilla del European Youth Parliament"},"content":{"rendered":"<figure id=\"attachment_30890374\" aria-describedby=\"caption-attachment-30890374\" style=\"width: 750px\" class=\"wp-caption aligncenter\"><a href=\"https:\/\/www.upo.es\/diario\/wp-content\/uploads\/2026\/03\/EYP8.jpg\"><img loading=\"lazy\" decoding=\"async\" class=\"wp-image-30890374 size-large\" src=\"https:\/\/www.upo.es\/diario\/wp-content\/uploads\/2026\/03\/EYP8-e1773405768812-750x413.jpg\" alt=\"Fase regional en Sevilla del European Youth Parliament en la UPO.\" width=\"750\" height=\"413\" srcset=\"https:\/\/www.upo.es\/diario\/wp-content\/uploads\/2026\/03\/EYP8-e1773405768812-750x413.jpg 750w, https:\/\/www.upo.es\/diario\/wp-content\/uploads\/2026\/03\/EYP8-e1773405768812-420x231.jpg 420w, https:\/\/www.upo.es\/diario\/wp-content\/uploads\/2026\/03\/EYP8-e1773405768812-768x422.jpg 768w, https:\/\/www.upo.es\/diario\/wp-content\/uploads\/2026\/03\/EYP8-e1773405768812-1536x845.jpg 1536w, https:\/\/www.upo.es\/diario\/wp-content\/uploads\/2026\/03\/EYP8-e1773405768812-2048x1126.jpg 2048w, https:\/\/www.upo.es\/diario\/wp-content\/uploads\/2026\/03\/EYP8-e1773405768812-1320x726.jpg 1320w\" sizes=\"auto, (max-width: 750px) 100vw, 750px\" \/><\/a><figcaption id=\"caption-attachment-30890374\" class=\"wp-caption-text\">Fase regional en Sevilla del European Youth Parliament en la UPO.<\/figcaption><\/figure>\n<p>La Universidad Pablo de Olavide acoge desde hoy hasta el domingo 15 de marzo la fase regional en Sevilla del <a href=\"https:\/\/eyp.org\/\"><strong><em>European Youth Parliament <\/em><\/strong><strong>(EYP)<\/strong><\/a><strong>,<\/strong> organizado en colaboraci\u00f3n con EYP Espa\u00f1a. Este encuentro reunir\u00e1 a m\u00e1s de 80 j\u00f3venes de 14 institutos de Educaci\u00f3n Secundaria y Bachillerato de Andaluc\u00eda con el objetivo de impulsar la oratoria, la cooperaci\u00f3n intercultural y la formaci\u00f3n en valores democr\u00e1ticos.<\/p>\n<figure id=\"attachment_30890373\" aria-describedby=\"caption-attachment-30890373\" style=\"width: 382px\" class=\"wp-caption alignright\"><a href=\"https:\/\/www.upo.es\/diario\/wp-content\/uploads\/2026\/03\/EYP1.jpg\"><img loading=\"lazy\" decoding=\"async\" class=\"wp-image-30890373 \" src=\"https:\/\/www.upo.es\/diario\/wp-content\/uploads\/2026\/03\/EYP1-e1773405980456-701x525.jpg\" alt=\"De izquierda a derecha: Joan Baptista Blasi, Juan Ignacio Zoido, Iv\u00e1n Pesta\u00f1a, Pilar Moreno y Fiona Hafferl.\" width=\"382\" height=\"286\" srcset=\"https:\/\/www.upo.es\/diario\/wp-content\/uploads\/2026\/03\/EYP1-e1773405980456-701x525.jpg 701w, https:\/\/www.upo.es\/diario\/wp-content\/uploads\/2026\/03\/EYP1-e1773405980456-420x314.jpg 420w, https:\/\/www.upo.es\/diario\/wp-content\/uploads\/2026\/03\/EYP1-e1773405980456-768x575.jpg 768w, https:\/\/www.upo.es\/diario\/wp-content\/uploads\/2026\/03\/EYP1-e1773405980456-1320x988.jpg 1320w, https:\/\/www.upo.es\/diario\/wp-content\/uploads\/2026\/03\/EYP1-e1773405980456.jpg 1408w\" sizes=\"auto, (max-width: 382px) 100vw, 382px\" \/><\/a><figcaption id=\"caption-attachment-30890373\" class=\"wp-caption-text\">De izquierda a derecha: Joan Baptista Blasi, Juan Ignacio Zoido, Iv\u00e1n Pesta\u00f1a, Pilar Moreno y Fiona Hafferl.<\/figcaption><\/figure>\n<p>El <em>European Youth Parliament<\/em> se ha inaugurado esta ma\u00f1ana, en el Sal\u00f3n de Grados del Centro Andaluz de Biolog\u00eda del Desarrollo de la Universidad Pablo de Olavide. El acto ha contado con las intervenciones de la presidenta de la Conferencia de EYP, <strong>Fiona Hafferl<\/strong>;\u00a0del vicepresidente de EYP Espa\u00f1a, <strong>Joan Baptista Blasi Romero<\/strong>; el diputado al Parlamento Europeo y exministro del Interior de Espa\u00f1a, <strong>Juan Ignacio Zoido \u00c1lvarez<\/strong>; la vicerrectora de Estudiantes de la Universidad Pablo de Olavide, <strong>Pilar Moreno Navarro<\/strong>; y el presidente del Consejo Social de la UPO, <strong>Iv\u00e1n Pesta\u00f1a<\/strong> <strong>Ruiz<\/strong>.<\/p>\n<p>\u201cEsta fase regional del European Youth Parliament es tambi\u00e9n una ventana para mostrar a las y los j\u00f3venes de la regi\u00f3n nuestra oferta formativa, nuestros valores y todo lo que representa la Universidad Pablo de Olavide: una docencia de calidad al servicio de la sociedad en el marco de una universidad p\u00fablica andaluza\u201d, ha resaltado la vicerrectora de Estudiantes, <strong>Pilar Moreno<\/strong>.<\/p>\n<p>Por otra parte, el presidente del Consejo Social de la UPO, <strong>Iv\u00e1n Pesta\u00f1a<\/strong>, ha destacado que \u201cdesde el Consejo Social se impulsar\u00e1n iniciativas que fomenten el talento joven, la excelencia y la proyecci\u00f3n internacional, reforzando el v\u00ednculo entre la Universidad y la sociedad\u201d. Asimismo, ha se\u00f1alado que \u201capostamos por el desarrollo acad\u00e9mico y personal del estudiantado, por el impulso del liderazgo juvenil y por el fortalecimiento de una cultura de entendimiento y cooperaci\u00f3n entre distintas realidades, a trav\u00e9s de iniciativas de alto impacto educativo como EYP Sevilla 2026, que sit\u00faan a Sevilla como epicentro del talento joven y de la reflexi\u00f3n sobre los grandes retos europeos\u201d.<\/p>\n<p>Tras la inauguraci\u00f3n, se ha realizado un recorrido guiado por el campus de la UPO a cargo de estudiantes de la propia universidad dentro del programa \u2018Lazarillo\u2019, organizado por el \u00c1rea de Estudiantes de Grado.<\/p>\n<p>A lo largo del fin de semana, los y las j\u00f3venes participantes trabajar\u00e1n en actividades propias de la metodolog\u00eda EYP \u2014din\u00e1micas de <em>team building<\/em> general y por comit\u00e9s, committee work y general assembly\u2014 que culminar\u00e1n el domingo con la Asamblea General y el acto de clausura.<\/p>\n<p>Asimismo, el evento contar\u00e1 con el apoyo de 32 voluntarios internacionales, procedentes de pa\u00edses como Portugal, Chipre, Finlandia, Italia, Austria, Ruman\u00eda, Armenia, Ucrania y Serbia, entre otros. Estos voluntarios ayudar\u00e1n en la organizaci\u00f3n, coordinaci\u00f3n acad\u00e9mica y dinamizaci\u00f3n de los trabajos, aportando adem\u00e1s una dimensi\u00f3n europea al encuentro y promoviendo el entendimiento intercultural.<\/p>\n<p>La fase regional en Sevilla del EYP, que forma parte de una de las 14 sesiones regionales que EYP Espa\u00f1a organiza anualmente en todo el pa\u00eds, servir\u00e1 de plataforma de selecci\u00f3n de delegados que podr\u00e1n asistir a la conferencia nacional y, posteriormente, a la sesi\u00f3n internacional.<\/p>\n<p>Esta cita, respaldada por el <strong>Consejo Social<\/strong> y el <strong>Vicerrectorado de Estudiantes<\/strong> de la Universidad Pablo de Olavide, convierte al campus de la UPO en un referente para el debate, el pensamiento cr\u00edtico y la participaci\u00f3n democr\u00e1tica del alumnado preuniversitario andaluz.<\/p>\n","protected":false},"excerpt":{"rendered":"<p>La Universidad Pablo de Olavide acoge la fase regional en Sevilla del European Youth Parliament (EYP), organizado en colaboraci\u00f3n con EYP Espa\u00f1a. Este encuentro reunir\u00e1 a m\u00e1s de 80 j\u00f3venes de 14 institutos de Educaci\u00f3n Secundaria y Bachillerato de Andaluc\u00eda con el objetivo de impulsar la oratoria, la cooperaci\u00f3n intercultural y la formaci\u00f3n en valores democr\u00e1ticos.<\/p>\n","protected":false},"author":4,"featured_media":30890374,"comment_status":"closed","ping_status":"open","sticky":false,"template":"","format":"standard","meta":{"_monsterinsights_skip_tracking":false,"_monsterinsights_sitenote_active":false,"_monsterinsights_sitenote_note":"","_monsterinsights_sitenote_category":0,"footnotes":""},"categories":[2779],"tags":[112,662,9313,9312,6946,2114],"class_list":["post-30890367","post","type-post","status-publish","format-standard","has-post-thumbnail","hentry","category-docencia-formacion","tag-consejo-social","tag-debate","tag-european-youth-parliament","tag-eyp","tag-parlamento-europeo","tag-vicerrectorado-de-estudiantes"],"_links":{"self":[{"href":"https:\/\/www.upo.es\/diario\/wp-json\/wp\/v2\/posts\/30890367","targetHints":{"allow":["GET"]}}],"collection":[{"href":"https:\/\/www.upo.es\/diario\/wp-json\/wp\/v2\/posts"}],"about":[{"href":"https:\/\/www.upo.es\/diario\/wp-json\/wp\/v2\/types\/post"}],"author":[{"embeddable":true,"href":"https:\/\/www.upo.es\/diario\/wp-json\/wp\/v2\/users\/4"}],"replies":[{"embeddable":true,"href":"https:\/\/www.upo.es\/diario\/wp-json\/wp\/v2\/comments?post=30890367"}],"version-history":[{"count":2,"href":"https:\/\/www.upo.es\/diario\/wp-json\/wp\/v2\/posts\/30890367\/revisions"}],"predecessor-version":[{"id":30890378,"href":"https:\/\/www.upo.es\/diario\/wp-json\/wp\/v2\/posts\/30890367\/revisions\/30890378"}],"wp:featuredmedia":[{"embeddable":true,"href":"https:\/\/www.upo.es\/diario\/wp-json\/wp\/v2\/media\/30890374"}],"wp:attachment":[{"href":"https:\/\/www.upo.es\/diario\/wp-json\/wp\/v2\/media?parent=30890367"}],"wp:term":[{"taxonomy":"category","embeddable":true,"href":"https:\/\/www.upo.es\/diario\/wp-json\/wp\/v2\/categories?post=30890367"},{"taxonomy":"post_tag","embeddable":true,"href":"https:\/\/www.upo.es\/diario\/wp-json\/wp\/v2\/tags?post=30890367"}],"curies":[{"name":"wp","href":"https:\/\/api.w.org\/{rel}","templated":true}]}}