{"id":30890369,"date":"2026-03-13T06:10:26","date_gmt":"2026-03-13T05:10:26","guid":{"rendered":"https:\/\/www.upo.es\/diario\/?p=30890369"},"modified":"2026-03-13T13:11:12","modified_gmt":"2026-03-13T12:11:12","slug":"mejora-red-wi-fi-campus","status":"publish","type":"post","link":"https:\/\/www.upo.es\/diario\/comunidad\/2026\/03\/mejora-red-wi-fi-campus\/","title":{"rendered":"La Universidad Pablo de Olavide culmina una nueva fase de mejora de la red Wi-Fi del campus"},"content":{"rendered":"<p><a href=\"https:\/\/www.upo.es\/diario\/wp-content\/uploads\/2026\/03\/campus-icono-wifi.jpg\"><img loading=\"lazy\" decoding=\"async\" class=\"aligncenter size-large wp-image-30890370\" src=\"https:\/\/www.upo.es\/diario\/wp-content\/uploads\/2026\/03\/campus-icono-wifi-750x338.jpg\" alt=\"Vista del Pasaje de la Ilustraci\u00f3n del campus con un icono de la se\u00f1al WiFi en primer t\u00e9rmino\" width=\"750\" height=\"338\" srcset=\"https:\/\/www.upo.es\/diario\/wp-content\/uploads\/2026\/03\/campus-icono-wifi-750x338.jpg 750w, https:\/\/www.upo.es\/diario\/wp-content\/uploads\/2026\/03\/campus-icono-wifi-420x189.jpg 420w, https:\/\/www.upo.es\/diario\/wp-content\/uploads\/2026\/03\/campus-icono-wifi-768x346.jpg 768w, https:\/\/www.upo.es\/diario\/wp-content\/uploads\/2026\/03\/campus-icono-wifi.jpg 900w\" sizes=\"auto, (max-width: 750px) 100vw, 750px\" \/><\/a>La Universidad Pablo de Olavide contin\u00faa avanzando en la modernizaci\u00f3n de sus infraestructuras TIC con la finalizaci\u00f3n de una nueva fase de mejora de la red inal\u00e1mbrica del campus, impulsada por el Vicerrectorado de Transformaci\u00f3n Digital y coordinada por el Centro de Inform\u00e1tica y Comunicaciones (CIC). Esta actuaci\u00f3n se enmarca en la hoja de ruta del Plan de Transformaci\u00f3n Digital de la Universidad y refuerza la conectividad como un servicio esencial para la docencia, la investigaci\u00f3n y la gesti\u00f3n universitaria.<\/p>\n<p>El proyecto se ha centrado en la <strong>actualizaci\u00f3n y migraci\u00f3n de la infraestructura Wi-Fi en los edificios 4, 5, 8, 13, 16, 17 y 18<\/strong>. La intervenci\u00f3n ha incluido la incorporaci\u00f3n de nuevo equipamiento de red y la adecuaci\u00f3n de la electr\u00f3nica necesaria para garantizar una <strong>conectividad m\u00e1s estable, homog\u00e9nea y consistente, especialmente en aulas y zonas de alta concurrencia<\/strong>.<\/p>\n<p>Con esta actuaci\u00f3n, <strong>la Universidad avanza en la consolidaci\u00f3n de una red inal\u00e1mbrica m\u00e1s uniforme en todo el campus<\/strong>, al reducir la complejidad derivada de la coexistencia de distintos entornos tecnol\u00f3gicos y favorecer una mayor eficiencia en la gesti\u00f3n. Adem\u00e1s, la modernizaci\u00f3n mejora la experiencia de uso de la red, al minimizar interrupciones y facilitar la continuidad del acceso durante los desplazamientos entre edificios.<\/p>\n<h3><strong>Continuidad del servicio para la comunidad universitaria<\/strong><\/h3>\n<p>La mejora se ha llevado a cabo preservando en todo momento el funcionamiento de las principales redes inal\u00e1mbricas de la Universidad. De este modo, se mantiene la disponibilidad de <a href=\"https:\/\/www.upo.es\/cic\/servicios\/catalogo-servicios\/conexion-redes-inalambricas\/wupolan\/index.html\">WUPOLAN<\/a> y <a href=\"https:\/\/www.upo.es\/cic\/servicios\/catalogo-servicios\/conexion-redes-inalambricas\/eduroam\/\">EDUROAM<\/a>, garantizando la continuidad de un servicio imprescindible para el d\u00eda a d\u00eda del estudiantado, el personal docente e investigador y el personal t\u00e9cnico, de gesti\u00f3n y de administraci\u00f3n y servicios.<\/p>\n<p>En el caso de <strong>EDUROAM, se consolida un acceso seguro basado en autenticaci\u00f3n institucional y cifrado<\/strong>, con perfiles diferenciados seg\u00fan los distintos colectivos. Este modelo permite ofrecer una conectividad fiable y alineada con las necesidades de la comunidad universitaria, adem\u00e1s de facilitar el acceso a personas visitantes dentro del marco del servicio federado.<\/p>\n<h3><strong>Gesti\u00f3n centralizada y mejora operativa<\/strong><\/h3>\n<p>Uno de los objetivos de la mejora de la red inal\u00e1mbrica ha sido reforzar su gesti\u00f3n centralizada. La incorporaci\u00f3n de nuevo equipamiento permite disponer de una mayor visibilidad sobre el estado del servicio y avanzar hacia un modelo de operaci\u00f3n que permite una mayor capacidad de supervisi\u00f3n, an\u00e1lisis y diagn\u00f3stico.<\/p>\n<p>Esto se traduce en una <strong>gesti\u00f3n m\u00e1s \u00e1gil<\/strong>, con detecci\u00f3n temprana de incidencias, reducci\u00f3n de los tiempos de resoluci\u00f3n y optimizaci\u00f3n del rendimiento en los espacios con mayor demanda. En conjunto, <strong>la red resultante est\u00e1 mejor preparada para absorber picos de uso y responder al incremento de las necesidades digitales <\/strong>asociadas a la docencia, la investigaci\u00f3n y los servicios universitarios.<\/p>\n<h3><strong>Una actuaci\u00f3n planificada por fases<\/strong><\/h3>\n<p>La actualizaci\u00f3n de la red Wi-Fi se integra en una planificaci\u00f3n por etapas que prioriza aquellas actuaciones con mayor impacto directo en la calidad del servicio, al tiempo que mantiene la coherencia tecnol\u00f3gica en el conjunto del campus. Con esta nueva fase completada, cuya financiaci\u00f3n ha contado con la colaboraci\u00f3n de los departamentos de la Universidad, la Olavide refuerza una infraestructura clave para el desarrollo de los servicios digitales en el campus, con una red m\u00e1s eficiente al servicio de la comunidad universitaria.<\/p>\n","protected":false},"excerpt":{"rendered":"<p>La Universidad Pablo de Olavide contin\u00faa avanzando en la modernizaci\u00f3n de sus infraestructuras TIC con la finalizaci\u00f3n de una nueva fase de mejora de la red inal\u00e1mbrica del campus, impulsada por el Vicerrectorado de Transformaci\u00f3n Digital y coordinada por el Centro de Inform\u00e1tica y Comunicaciones (CIC). Esta actuaci\u00f3n se enmarca en la hoja de ruta del Plan de Transformaci\u00f3n Digital de la Universidad y refuerza la conectividad como un servicio esencial para la docencia, la investigaci\u00f3n y la gesti\u00f3n universitaria.<\/p>\n","protected":false},"author":6,"featured_media":30890370,"comment_status":"closed","ping_status":"open","sticky":false,"template":"","format":"standard","meta":{"_monsterinsights_skip_tracking":false,"_monsterinsights_sitenote_active":false,"_monsterinsights_sitenote_note":"","_monsterinsights_sitenote_category":0,"footnotes":""},"categories":[5842],"tags":[107,9149,2134,5688,8425],"class_list":["post-30890369","post","type-post","status-publish","format-standard","has-post-thumbnail","hentry","category-comunidad","tag-campus","tag-centro-de-informatica-y-comunicaciones","tag-digitalizacion","tag-transformacion-digital","tag-vicerrectorado-de-transformacion-digital"],"_links":{"self":[{"href":"https:\/\/www.upo.es\/diario\/wp-json\/wp\/v2\/posts\/30890369","targetHints":{"allow":["GET"]}}],"collection":[{"href":"https:\/\/www.upo.es\/diario\/wp-json\/wp\/v2\/posts"}],"about":[{"href":"https:\/\/www.upo.es\/diario\/wp-json\/wp\/v2\/types\/post"}],"author":[{"embeddable":true,"href":"https:\/\/www.upo.es\/diario\/wp-json\/wp\/v2\/users\/6"}],"replies":[{"embeddable":true,"href":"https:\/\/www.upo.es\/diario\/wp-json\/wp\/v2\/comments?post=30890369"}],"version-history":[{"count":1,"href":"https:\/\/www.upo.es\/diario\/wp-json\/wp\/v2\/posts\/30890369\/revisions"}],"predecessor-version":[{"id":30890371,"href":"https:\/\/www.upo.es\/diario\/wp-json\/wp\/v2\/posts\/30890369\/revisions\/30890371"}],"wp:featuredmedia":[{"embeddable":true,"href":"https:\/\/www.upo.es\/diario\/wp-json\/wp\/v2\/media\/30890370"}],"wp:attachment":[{"href":"https:\/\/www.upo.es\/diario\/wp-json\/wp\/v2\/media?parent=30890369"}],"wp:term":[{"taxonomy":"category","embeddable":true,"href":"https:\/\/www.upo.es\/diario\/wp-json\/wp\/v2\/categories?post=30890369"},{"taxonomy":"post_tag","embeddable":true,"href":"https:\/\/www.upo.es\/diario\/wp-json\/wp\/v2\/tags?post=30890369"}],"curies":[{"name":"wp","href":"https:\/\/api.w.org\/{rel}","templated":true}]}}