{"id":30890395,"date":"2026-03-16T12:09:08","date_gmt":"2026-03-16T11:09:08","guid":{"rendered":"https:\/\/www.upo.es\/diario\/?p=30890395"},"modified":"2026-03-17T15:08:17","modified_gmt":"2026-03-17T14:08:17","slug":"alejandro-cuinas-y-lucia-lopez-estudiantes-premiados-con-un-ipad-por-evaluar-la-calidad-docente","status":"publish","type":"post","link":"https:\/\/www.upo.es\/diario\/comunidad\/2026\/03\/alejandro-cuinas-y-lucia-lopez-estudiantes-premiados-con-un-ipad-por-evaluar-la-calidad-docente\/","title":{"rendered":"Alejandro Cui\u00f1as y Luc\u00eda L\u00f3pez, estudiantes premiados con un iPad por evaluar la calidad docente"},"content":{"rendered":"<figure id=\"attachment_30890396\" aria-describedby=\"caption-attachment-30890396\" style=\"width: 750px\" class=\"wp-caption aligncenter\"><a href=\"https:\/\/www.upo.es\/diario\/wp-content\/uploads\/2026\/03\/IPAD-Sorteo01.jpg\"><img loading=\"lazy\" decoding=\"async\" class=\"size-large wp-image-30890396\" src=\"https:\/\/www.upo.es\/diario\/wp-content\/uploads\/2026\/03\/IPAD-Sorteo01-750x500.jpg\" alt=\"\" width=\"750\" height=\"500\" srcset=\"https:\/\/www.upo.es\/diario\/wp-content\/uploads\/2026\/03\/IPAD-Sorteo01-750x500.jpg 750w, https:\/\/www.upo.es\/diario\/wp-content\/uploads\/2026\/03\/IPAD-Sorteo01-420x280.jpg 420w, https:\/\/www.upo.es\/diario\/wp-content\/uploads\/2026\/03\/IPAD-Sorteo01-768x512.jpg 768w, https:\/\/www.upo.es\/diario\/wp-content\/uploads\/2026\/03\/IPAD-Sorteo01-1536x1024.jpg 1536w, https:\/\/www.upo.es\/diario\/wp-content\/uploads\/2026\/03\/IPAD-Sorteo01-2048x1366.jpg 2048w, https:\/\/www.upo.es\/diario\/wp-content\/uploads\/2026\/03\/IPAD-Sorteo01-165x109.jpg 165w, https:\/\/www.upo.es\/diario\/wp-content\/uploads\/2026\/03\/IPAD-Sorteo01-1320x880.jpg 1320w\" sizes=\"auto, (max-width: 750px) 100vw, 750px\" \/><\/a><figcaption id=\"caption-attachment-30890396\" class=\"wp-caption-text\">Pilar Moreno, Alejandro Cui\u00f1as, Francisco Oliva, Isabel Monge y Jordi Luengo.<\/figcaption><\/figure>\n<p>Los estudiantes <strong>Alejandro Cui\u00f1as Gonz\u00e1lez<\/strong> del Grado en Ingenier\u00eda Inform\u00e1tica en Sistemas de Informaci\u00f3n y <strong>Luc\u00eda L\u00f3pez Monge<\/strong> del M\u00e1ster Universitario en Profesorado de ESO, Bachillerato, F.P. y Ense\u00f1anzas de Idiomas, han sido premiados con un <strong>iPad<\/strong> por su <strong>participaci\u00f3n en las encuestas online de valoraci\u00f3n sobre la docencia de grado y m\u00e1ster<\/strong> recibida durante el curso acad\u00e9mico 2024\/2025.<\/p>\n<p>El rector de la UPO Francisco Oliva, acompa\u00f1ado por la vicerrectora de Estudiantes, Pilar Moreno, y por el delegado del rector para la Calidad, Jordi Luengo, ha entregado el premio al estudiante de grado Alejandro Cui\u00f1as y, en representaci\u00f3n de la estudiante de M\u00e1ster, Luc\u00eda L\u00f3pez, ha recogido el premio su madre Isabel Monge.<\/p>\n<p>Con este sorteo la Universidad Pablo de Olavide trata de incentivar la evaluaci\u00f3n docente de su profesorado directamente por los estudiantes, quienes pueden cada curso acad\u00e9mico evaluar en una encuesta <em>online<\/em> tanto la metodolog\u00eda como la planificaci\u00f3n llevada a cabo por cada profesor y profesora en las asignaturas de grado y m\u00e1ster.<\/p>\n<p>La evaluaci\u00f3n docente que realiza el estudiantado es esencial para la Universidad Pablo de Olavide, ya que permite\u00a0<strong>obtener informaci\u00f3n valiosa sobre la calidad del proceso educativo e identificar fortalezas y \u00e1reas de mejora en la pr\u00e1ctica pedag\u00f3gica del profesorado. Adem\u00e1s, fomenta un entorno acad\u00e9mico participativo y transparente, y otorga al estudiante voz activa en la construcci\u00f3n de su propia educaci\u00f3n<\/strong>. Los resultados obtenidos facilitan decisiones estrat\u00e9gicas en torno a la capacitaci\u00f3n y actualizaci\u00f3n docente; y contribuyen de este modo a la calidad acad\u00e9mica.<\/p>\n","protected":false},"excerpt":{"rendered":"<p>Los estudiantes Alejandro Cui\u00f1as Gonz\u00e1lez del Grado en Ingenier\u00eda Inform\u00e1tica en Sistemas de Informaci\u00f3n y Luc\u00eda L\u00f3pez Monge del M\u00e1ster Universitario en Profesorado de ESO, Bachillertao, F.P. y Ense\u00f1anzas de Idiomas, han sido premiados con un iPad por su participaci\u00f3n en las encuestas online de valoraci\u00f3n sobre la docencia de grado y m\u00e1ster recibida durante el curso acad\u00e9mico 2024\/2025.<\/p>\n","protected":false},"author":4,"featured_media":30890396,"comment_status":"closed","ping_status":"open","sticky":false,"template":"","format":"standard","meta":{"_monsterinsights_skip_tracking":false,"_monsterinsights_sitenote_active":false,"_monsterinsights_sitenote_note":"","_monsterinsights_sitenote_category":0,"footnotes":""},"categories":[5842],"tags":[740,1973,21,266,5623,1577],"class_list":["post-30890395","post","type-post","status-publish","format-standard","has-post-thumbnail","hentry","category-comunidad","tag-calidad","tag-docencia","tag-estudiantes","tag-grados","tag-ipad","tag-master-universitario"],"_links":{"self":[{"href":"https:\/\/www.upo.es\/diario\/wp-json\/wp\/v2\/posts\/30890395","targetHints":{"allow":["GET"]}}],"collection":[{"href":"https:\/\/www.upo.es\/diario\/wp-json\/wp\/v2\/posts"}],"about":[{"href":"https:\/\/www.upo.es\/diario\/wp-json\/wp\/v2\/types\/post"}],"author":[{"embeddable":true,"href":"https:\/\/www.upo.es\/diario\/wp-json\/wp\/v2\/users\/4"}],"replies":[{"embeddable":true,"href":"https:\/\/www.upo.es\/diario\/wp-json\/wp\/v2\/comments?post=30890395"}],"version-history":[{"count":2,"href":"https:\/\/www.upo.es\/diario\/wp-json\/wp\/v2\/posts\/30890395\/revisions"}],"predecessor-version":[{"id":30890398,"href":"https:\/\/www.upo.es\/diario\/wp-json\/wp\/v2\/posts\/30890395\/revisions\/30890398"}],"wp:featuredmedia":[{"embeddable":true,"href":"https:\/\/www.upo.es\/diario\/wp-json\/wp\/v2\/media\/30890396"}],"wp:attachment":[{"href":"https:\/\/www.upo.es\/diario\/wp-json\/wp\/v2\/media?parent=30890395"}],"wp:term":[{"taxonomy":"category","embeddable":true,"href":"https:\/\/www.upo.es\/diario\/wp-json\/wp\/v2\/categories?post=30890395"},{"taxonomy":"post_tag","embeddable":true,"href":"https:\/\/www.upo.es\/diario\/wp-json\/wp\/v2\/tags?post=30890395"}],"curies":[{"name":"wp","href":"https:\/\/api.w.org\/{rel}","templated":true}]}}