{"id":30890465,"date":"2026-03-13T16:41:40","date_gmt":"2026-03-13T15:41:40","guid":{"rendered":"https:\/\/www.upo.es\/diario\/?p=30890465"},"modified":"2026-03-17T16:54:34","modified_gmt":"2026-03-17T15:54:34","slug":"mujeres-y-sostenibilidad-un-especial-de-mundo-sostenible-por-el-8m","status":"publish","type":"post","link":"https:\/\/www.upo.es\/diario\/podcast\/2026\/03\/mujeres-y-sostenibilidad-un-especial-de-mundo-sostenible-por-el-8m\/","title":{"rendered":"Mujeres y sostenibilidad: un especial de &#8216;Mundo Sostenible&#8217; por el 8M"},"content":{"rendered":"<p><iframe loading=\"lazy\" src=\"https:\/\/www.ivoox.com\/player_ej_169597724_6_1.html?c1=0473b7\" width=\"100%\" height=\"200\" frameborder=\"0\" scrolling=\"no\" allowfullscreen=\"allowfullscreen\"><\/iframe><\/p>\n<p>Con motivo del <strong>8 de marzo<\/strong>, el programa <em>Mundo Sostenible<\/em> de <strong>RadiOlavide<\/strong>, presenta un episodio especial sobre g\u00e9nero, cambio clim\u00e1tico y justicia social, realizado en colaboraci\u00f3n con la <strong>Delegaci\u00f3n del rector para la Igualdad de G\u00e9nero.<\/strong><\/p>\n<p>Presentado por <strong>Mar\u00eda Jos\u00e9 Molina<\/strong> (CEI\u2011CAMBIO) y con la participaci\u00f3n de <strong>Candelaria Terce\u00f1o<\/strong> (Oficina para la Igualdad), cont\u00f3 con la intervenci\u00f3n de <strong>M\u00f3nica Dom\u00ednguez Serrano <\/strong>(delegada del rector para la Igualdad de G\u00e9nero) y del equipo del proyecto <a href=\"https:\/\/www.upo.es\/diario\/ciencia\/2026\/02\/clima-gen-un-indice-para-medir-como-cambio-climatico-agrava-desigualdad-genero\/\"><strong>CLIMA\u2011GEN<\/strong><\/a> \u2014Fernando Relinque, Francisco Aguiar Fern\u00e1ndez, Evelia Murcia \u00c1lvarez, Bel\u00e9n Parra y Raquel Garc\u00eda\u2014, quienes explicaron c\u00f3mo la crisis ambiental intensifica las desigualdades de g\u00e9nero y c\u00f3mo se pueden dise\u00f1ar soluciones sostenibles y equitativas. El proyecto CLIMA\u2011GEN, financiado por el Instituto de las Mujeres del Ministerio de Igualdad, ha desarrollado un <strong>\u00edndice territorial pionero para medir c\u00f3mo el cambio clim\u00e1tico agrava las desigualdades de g\u00e9nero en Espa\u00f1a<\/strong>, subrayando la importancia de la igualdad como motor de un futuro sostenible.<\/p>\n<p><strong><a href=\"https:\/\/www.upo.es\/diario\/wp-content\/uploads\/2026\/03\/Especial-8M_Mundo-Sostenible.jpeg\"><img loading=\"lazy\" decoding=\"async\" class=\"alignleft wp-image-30890466 size-medium\" src=\"https:\/\/www.upo.es\/diario\/wp-content\/uploads\/2026\/03\/Especial-8M_Mundo-Sostenible-e1773762464897-420x237.jpeg\" alt=\"Presentan: Mar\u00eda Jos\u00e9 Molina y Candelaria Terce\u00f1o Realizaci\u00f3n y edici\u00f3n: Manuel Romero\" width=\"420\" height=\"237\" srcset=\"https:\/\/www.upo.es\/diario\/wp-content\/uploads\/2026\/03\/Especial-8M_Mundo-Sostenible-e1773762464897-420x237.jpeg 420w, https:\/\/www.upo.es\/diario\/wp-content\/uploads\/2026\/03\/Especial-8M_Mundo-Sostenible-e1773762464897-750x423.jpeg 750w, https:\/\/www.upo.es\/diario\/wp-content\/uploads\/2026\/03\/Especial-8M_Mundo-Sostenible-e1773762464897-768x433.jpeg 768w, https:\/\/www.upo.es\/diario\/wp-content\/uploads\/2026\/03\/Especial-8M_Mundo-Sostenible-e1773762464897-1536x866.jpeg 1536w, https:\/\/www.upo.es\/diario\/wp-content\/uploads\/2026\/03\/Especial-8M_Mundo-Sostenible-e1773762464897-1320x744.jpeg 1320w, https:\/\/www.upo.es\/diario\/wp-content\/uploads\/2026\/03\/Especial-8M_Mundo-Sostenible-e1773762464897.jpeg 2048w\" sizes=\"auto, (max-width: 420px) 100vw, 420px\" \/><\/a>Cr\u00e9ditos:<\/strong><\/p>\n<p>Presentan: Mar\u00eda Jos\u00e9 Molina y Candelaria Terce\u00f1o<\/p>\n<p>Realizaci\u00f3n y edici\u00f3n: Manuel Romero<\/p>\n<p>&nbsp;<\/p>\n<p>&nbsp;<\/p>\n<hr \/>\n<h3>M\u00e1s estrenos de RadiOlavide:<\/h3>\n<p><strong>Sociolog\u00eda para el d\u00eda a d\u00eda. De la academia a la pr\u00e1ctica cotidiana:<\/strong> &#8216;Entrevistamos al profesor Manuel T. Gonz\u00e1lez para hablar de sociolog\u00eda rural, juventud, migraci\u00f3n y arraigo&#8217;:<br \/>\n<a href=\"https:\/\/go.ivoox.com\/rf\/169964904\">https:\/\/go.ivoox.com\/rf\/169964904<\/a><\/p>\n<p><strong>Caf\u00e9 con Am\u00e9rica:<\/strong> &#8216;Entrevista a los investigadores Claudia Rosas Lauro y G\u00e9rard Borras&#8217;:<br \/>\n<a href=\"https:\/\/go.ivoox.com\/rf\/169330544\">https:\/\/go.ivoox.com\/rf\/169330544<\/a><\/p>\n<p><strong>Desde la Atalaya:<\/strong> &#8216;EL CLUB DE LOS \u00daLTIMOS, del Aula Abierta de Mayores de Herrera&#8217;:<br \/>\n<a href=\"https:\/\/go.ivoox.com\/rf\/169224520\">https:\/\/go.ivoox.com\/rf\/169224520<\/a><\/p>\n","protected":false},"excerpt":{"rendered":"<p>Con motivo del 8 de marzo, el programa Mundo Sostenible de RadiOlavide, presenta un episodio especial sobre g\u00e9nero, cambio clim\u00e1tico y justicia social, realizado en colaboraci\u00f3n con la Delegaci\u00f3n del rector para la Igualdad de G\u00e9nero.<\/p>\n","protected":false},"author":6,"featured_media":30890466,"comment_status":"closed","ping_status":"open","sticky":false,"template":"","format":"video","meta":{"_monsterinsights_skip_tracking":false,"_monsterinsights_sitenote_active":false,"_monsterinsights_sitenote_note":"","_monsterinsights_sitenote_category":0,"footnotes":""},"categories":[8145],"tags":[],"class_list":["post-30890465","post","type-post","status-publish","format-video","has-post-thumbnail","hentry","category-podcast","post_format-post-format-video"],"_links":{"self":[{"href":"https:\/\/www.upo.es\/diario\/wp-json\/wp\/v2\/posts\/30890465","targetHints":{"allow":["GET"]}}],"collection":[{"href":"https:\/\/www.upo.es\/diario\/wp-json\/wp\/v2\/posts"}],"about":[{"href":"https:\/\/www.upo.es\/diario\/wp-json\/wp\/v2\/types\/post"}],"author":[{"embeddable":true,"href":"https:\/\/www.upo.es\/diario\/wp-json\/wp\/v2\/users\/6"}],"replies":[{"embeddable":true,"href":"https:\/\/www.upo.es\/diario\/wp-json\/wp\/v2\/comments?post=30890465"}],"version-history":[{"count":4,"href":"https:\/\/www.upo.es\/diario\/wp-json\/wp\/v2\/posts\/30890465\/revisions"}],"predecessor-version":[{"id":30890470,"href":"https:\/\/www.upo.es\/diario\/wp-json\/wp\/v2\/posts\/30890465\/revisions\/30890470"}],"wp:featuredmedia":[{"embeddable":true,"href":"https:\/\/www.upo.es\/diario\/wp-json\/wp\/v2\/media\/30890466"}],"wp:attachment":[{"href":"https:\/\/www.upo.es\/diario\/wp-json\/wp\/v2\/media?parent=30890465"}],"wp:term":[{"taxonomy":"category","embeddable":true,"href":"https:\/\/www.upo.es\/diario\/wp-json\/wp\/v2\/categories?post=30890465"},{"taxonomy":"post_tag","embeddable":true,"href":"https:\/\/www.upo.es\/diario\/wp-json\/wp\/v2\/tags?post=30890465"}],"curies":[{"name":"wp","href":"https:\/\/api.w.org\/{rel}","templated":true}]}}