{"id":30890861,"date":"2026-04-23T14:03:31","date_gmt":"2026-04-23T12:03:31","guid":{"rendered":"https:\/\/www.upo.es\/diario\/?p=30890861"},"modified":"2026-04-24T13:39:26","modified_gmt":"2026-04-24T11:39:26","slug":"el-vi-bioblitz-de-la-upo-registra-mas-de-300-especies-y-suma-un-total-de-88-taxones-nuevos","status":"publish","type":"post","link":"https:\/\/www.upo.es\/diario\/docencia-formacion\/2026\/04\/el-vi-bioblitz-de-la-upo-registra-mas-de-300-especies-y-suma-un-total-de-88-taxones-nuevos\/","title":{"rendered":"El VI Bioblitz de la UPO registra m\u00e1s de 300 especies y suma un total de 88 taxones nuevos"},"content":{"rendered":"<figure id=\"attachment_30890864\" aria-describedby=\"caption-attachment-30890864\" style=\"width: 579px\" class=\"wp-caption aligncenter\"><a href=\"https:\/\/www.upo.es\/diario\/wp-content\/uploads\/2026\/04\/ave.png\"><img loading=\"lazy\" decoding=\"async\" class=\"wp-image-30890864 size-large\" src=\"https:\/\/www.upo.es\/diario\/wp-content\/uploads\/2026\/04\/ave-e1776945560501-579x525.png\" alt=\"\" width=\"579\" height=\"525\" srcset=\"https:\/\/www.upo.es\/diario\/wp-content\/uploads\/2026\/04\/ave-e1776945560501-579x525.png 579w, https:\/\/www.upo.es\/diario\/wp-content\/uploads\/2026\/04\/ave-e1776945560501-420x381.png 420w, https:\/\/www.upo.es\/diario\/wp-content\/uploads\/2026\/04\/ave-e1776945560501-768x696.png 768w, https:\/\/www.upo.es\/diario\/wp-content\/uploads\/2026\/04\/ave-e1776945560501.png 1200w\" sizes=\"auto, (max-width: 579px) 100vw, 579px\" \/><\/a><figcaption id=\"caption-attachment-30890864\" class=\"wp-caption-text\">VI Bioblitz de la UPO<\/figcaption><\/figure>\n<p>La Universidad Pablo de Olavide celebr\u00f3 el 11 de abril la sexta edici\u00f3n de su <strong>Bioblitz<\/strong>, una jornada de ciencia ciudadana en la que se han registrado <strong>604 observaciones a trav\u00e9s de 17 sesiones de campo<\/strong> dentro de la UPO, con la participaci\u00f3n de <strong>300 personas<\/strong>, entre ellas <strong>41 expertas y 78 colaboradoras y estudiantes<\/strong>. Asimismo, 40 menores han participado en los talleres infantiles organizados durante la jornada.<\/p>\n<p><a href=\"https:\/\/www.upo.es\/diario\/wp-content\/uploads\/2026\/04\/Foto-Familia-Bioblitz-Web-1.jpg\"><img loading=\"lazy\" decoding=\"async\" class=\"aligncenter wp-image-30890866\" src=\"https:\/\/www.upo.es\/diario\/wp-content\/uploads\/2026\/04\/Foto-Familia-Bioblitz-Web-1-750x450.jpg\" alt=\"\" width=\"575\" height=\"345\" srcset=\"https:\/\/www.upo.es\/diario\/wp-content\/uploads\/2026\/04\/Foto-Familia-Bioblitz-Web-1-750x450.jpg 750w, https:\/\/www.upo.es\/diario\/wp-content\/uploads\/2026\/04\/Foto-Familia-Bioblitz-Web-1-420x252.jpg 420w, https:\/\/www.upo.es\/diario\/wp-content\/uploads\/2026\/04\/Foto-Familia-Bioblitz-Web-1-768x461.jpg 768w, https:\/\/www.upo.es\/diario\/wp-content\/uploads\/2026\/04\/Foto-Familia-Bioblitz-Web-1-1536x922.jpg 1536w, https:\/\/www.upo.es\/diario\/wp-content\/uploads\/2026\/04\/Foto-Familia-Bioblitz-Web-1-1000x600.jpg 1000w, https:\/\/www.upo.es\/diario\/wp-content\/uploads\/2026\/04\/Foto-Familia-Bioblitz-Web-1-1320x792.jpg 1320w, https:\/\/www.upo.es\/diario\/wp-content\/uploads\/2026\/04\/Foto-Familia-Bioblitz-Web-1.jpg 1600w\" sizes=\"auto, (max-width: 575px) 100vw, 575px\" \/><\/a><\/p>\n<p>Durante esta actividad, organizada por el <strong><a href=\"https:\/\/www.upo.es\/ceicambio\/\">CEI Cambio<\/a><\/strong> junto a <strong><a href=\"https:\/\/observation.org\/\">Observation.org<\/a><\/strong>, se han identificado un total de <strong>316 taxones<\/strong>, correspondientes a <strong>238 especies y 78 taxones superiores<\/strong>. Los resultados de esta edici\u00f3n destacan especialmente por la incorporaci\u00f3n de <strong>88 taxones nuevos<\/strong> en la base de datos de Observation.org para la UPO, de los cuales 43 corresponden a especies y 45 a taxones superiores. Con estas nuevas aportaciones, la observation.org alcanza un total de 13.303 observaciones vinculadas al campus de la UPO, que incluyen 1.167 especies, 40 subespecies y 511 taxones superiores adicionales, sumando 1.718 taxones registrados.<\/p>\n<p><a href=\"https:\/\/www.upo.es\/diario\/wp-content\/uploads\/2026\/04\/AN1.png\"><img loading=\"lazy\" decoding=\"async\" class=\"alignright size-medium wp-image-30890863\" src=\"https:\/\/www.upo.es\/diario\/wp-content\/uploads\/2026\/04\/AN1-420x315.png\" alt=\"\" width=\"420\" height=\"315\" srcset=\"https:\/\/www.upo.es\/diario\/wp-content\/uploads\/2026\/04\/AN1-420x315.png 420w, https:\/\/www.upo.es\/diario\/wp-content\/uploads\/2026\/04\/AN1-700x525.png 700w, https:\/\/www.upo.es\/diario\/wp-content\/uploads\/2026\/04\/AN1-768x576.png 768w, https:\/\/www.upo.es\/diario\/wp-content\/uploads\/2026\/04\/AN1-1536x1152.png 1536w, https:\/\/www.upo.es\/diario\/wp-content\/uploads\/2026\/04\/AN1-1320x990.png 1320w, https:\/\/www.upo.es\/diario\/wp-content\/uploads\/2026\/04\/AN1.png 2000w\" sizes=\"auto, (max-width: 420px) 100vw, 420px\" \/><\/a>Entre los hallazgos m\u00e1s relevantes figuran dos observaciones de especial inter\u00e9s cient\u00edfico. Por un lado, la identificaci\u00f3n de <strong><em>Truncatellina beckmanni<\/em><\/strong>, un peque\u00f1o caracol con solo tres citas registradas en GBIF y algunas referencias adicionales en la literatura cient\u00edfica \u2014dos de ellas en C\u00e1diz\u2014, lo que convierte este hallazgo en la tercera cita en Espa\u00f1a y la primera en la provincia de Sevilla. Por otro, la localizaci\u00f3n de <strong><em>Mallocybe siciliana<\/em><\/strong>, una especie de hongo descubierta en 2021 por Francisco S\u00e1nchez, quien ha vuelto a encontrarla tras secuenciar su ADN, constituyendo as\u00ed la tercera cita documentada en Espa\u00f1a.<\/p>\n<p>Durante el BioBlitz tambi\u00e9n se ha presentado el <strong>proyecto \u2018Renaturalizaci\u00f3n de la UPO a trav\u00e9s de la ciencia ciudadana\u2019<\/strong>, una iniciativa que implica a personal investigador, agentes sociales y estudiantado con el objetivo de consolidar un programa integral de conocimiento y mejora del entorno natural universitario. Esta edici\u00f3n del Bioblitz ha supuesto la primera actividad de este proyecto, que se desarrollar\u00e1 hasta abril de 2027 y que busca fomentar la participaci\u00f3n activa de la comunidad en la generaci\u00f3n de conocimiento cient\u00edfico.<\/p>\n<p>Siguiendo la l\u00ednea de ediciones anteriores, la jornada ha combinado el registro de biodiversidad con actividades de divulgaci\u00f3n y participaci\u00f3n ciudadana, reforzando el papel del campus como laboratorio vivo para la investigaci\u00f3n y la educaci\u00f3n ambiental.<\/p>\n<p>Desde 2021 la Universidad Pablo de Olavide, junto a Observation.org, organiza anualmente un bioblitz dentro de su campus.\u00a0Esta actividad est\u00e1 cofinanciada por el Vicerrectorado de Infraestructuras y Sostenibilidad, el Consejo Social de la UPO, y el proyecto Refuge financiado por Ulysseus de la US;\u00a0y se organiza en colaboraci\u00f3n conentidades como SEO\/BirdLife, la\u00a0Estaci\u00f3n Biol\u00f3gica de Do\u00f1ana (CSIC), la asociaci\u00f3n Abejas Silvestres, el grupo ornitol\u00f3gico Gosur, entre otras.<\/p>\n<p><strong>M\u00e1s<\/strong>\u00a0<strong>informaci\u00f3n<\/strong>:\u00a0<a href=\"https:\/\/observation.org\/bioblitz\/22194\/vi-bioblitz-upo-2026\/\">Bioblitz UPO 2026<\/a><\/p>\n<p><a title=\"Bioblitz 2026\" href=\"https:\/\/www.flickr.com\/photos\/pablodeolavide\/albums\/72177720333300334\" data-flickr-embed=\"true\" data-header=\"true\"><img loading=\"lazy\" decoding=\"async\" src=\"https:\/\/live.staticflickr.com\/65535\/55227543719_a7a57e77c7_z.jpg\" alt=\"Bioblitz 2026\" width=\"640\" height=\"480\" \/><\/a><script async src=\"\/\/embedr.flickr.com\/assets\/client-code.js\" charset=\"utf-8\"><\/script><\/p>\n","protected":false},"excerpt":{"rendered":"<p>La Universidad Pablo de Olavide celebr\u00f3 el 11 de abril la sexta edici\u00f3n de su Bioblitz, una jornada de ciencia ciudadana en la que se han registrado 604 observaciones a trav\u00e9s de 17 sesiones de campo dentro de la UPO, con la participaci\u00f3n de 300 personas, entre ellas 41 expertas y 78 colaboradoras y estudiantes. Asimismo, 40 menores han participado<a class=\"read-more\" href=\"https:\/\/www.upo.es\/diario\/docencia-formacion\/2026\/04\/el-vi-bioblitz-de-la-upo-registra-mas-de-300-especies-y-suma-un-total-de-88-taxones-nuevos\/\">[Read More&#8230;]<\/a><\/p>\n","protected":false},"author":4,"featured_media":30890867,"comment_status":"closed","ping_status":"open","sticky":false,"template":"","format":"standard","meta":{"_monsterinsights_skip_tracking":false,"_monsterinsights_sitenote_active":false,"_monsterinsights_sitenote_note":"","_monsterinsights_sitenote_category":0,"footnotes":""},"categories":[2779],"tags":[8383,814,246,107,7958,2060,5113,2066],"class_list":["post-30890861","post","type-post","status-publish","format-standard","has-post-thumbnail","hentry","category-docencia-formacion","tag-bioblitz","tag-biodiversidad","tag-biologia","tag-campus","tag-ciencia-ciudadana","tag-ornitologia","tag-proyecto-cei-cambio","tag-seobirdlife"],"_links":{"self":[{"href":"https:\/\/www.upo.es\/diario\/wp-json\/wp\/v2\/posts\/30890861","targetHints":{"allow":["GET"]}}],"collection":[{"href":"https:\/\/www.upo.es\/diario\/wp-json\/wp\/v2\/posts"}],"about":[{"href":"https:\/\/www.upo.es\/diario\/wp-json\/wp\/v2\/types\/post"}],"author":[{"embeddable":true,"href":"https:\/\/www.upo.es\/diario\/wp-json\/wp\/v2\/users\/4"}],"replies":[{"embeddable":true,"href":"https:\/\/www.upo.es\/diario\/wp-json\/wp\/v2\/comments?post=30890861"}],"version-history":[{"count":2,"href":"https:\/\/www.upo.es\/diario\/wp-json\/wp\/v2\/posts\/30890861\/revisions"}],"predecessor-version":[{"id":30890874,"href":"https:\/\/www.upo.es\/diario\/wp-json\/wp\/v2\/posts\/30890861\/revisions\/30890874"}],"wp:featuredmedia":[{"embeddable":true,"href":"https:\/\/www.upo.es\/diario\/wp-json\/wp\/v2\/media\/30890867"}],"wp:attachment":[{"href":"https:\/\/www.upo.es\/diario\/wp-json\/wp\/v2\/media?parent=30890861"}],"wp:term":[{"taxonomy":"category","embeddable":true,"href":"https:\/\/www.upo.es\/diario\/wp-json\/wp\/v2\/categories?post=30890861"},{"taxonomy":"post_tag","embeddable":true,"href":"https:\/\/www.upo.es\/diario\/wp-json\/wp\/v2\/tags?post=30890861"}],"curies":[{"name":"wp","href":"https:\/\/api.w.org\/{rel}","templated":true}]}}