{"id":30890884,"date":"2026-04-27T14:22:09","date_gmt":"2026-04-27T12:22:09","guid":{"rendered":"https:\/\/www.upo.es\/diario\/?p=30890884"},"modified":"2026-04-28T14:54:29","modified_gmt":"2026-04-28T12:54:29","slug":"la-upo-y-ela-andalucia-impulsaran-la-formacion-la-investigacion-y-la-sensibilizacion-sobre-la-esclerosis-lateral-amiotrofica","status":"publish","type":"post","link":"https:\/\/www.upo.es\/diario\/institucional\/2026\/04\/la-upo-y-ela-andalucia-impulsaran-la-formacion-la-investigacion-y-la-sensibilizacion-sobre-la-esclerosis-lateral-amiotrofica\/","title":{"rendered":"La UPO y ELA Andaluc\u00eda impulsar\u00e1n la formaci\u00f3n, la investigaci\u00f3n y la sensibilizaci\u00f3n sobre la Esclerosis Lateral Amiotr\u00f3fica"},"content":{"rendered":"<figure id=\"attachment_30890885\" aria-describedby=\"caption-attachment-30890885\" style=\"width: 750px\" class=\"wp-caption aligncenter\"><a href=\"https:\/\/www.upo.es\/diario\/wp-content\/uploads\/2026\/04\/27042026-Protocolo-UPO-ELA-Andalucia-8113-scaled.jpg\"><img loading=\"lazy\" decoding=\"async\" class=\"size-large wp-image-30890885\" src=\"https:\/\/www.upo.es\/diario\/wp-content\/uploads\/2026\/04\/27042026-Protocolo-UPO-ELA-Andalucia-8113-750x500.jpg\" alt=\"El rector de la Universidad Pablo de Olavide, Francisco Oliva Bl\u00e1zquez, y el presidente de ELA Andaluc\u00eda, Francisco Javier Pedregal Pardo, durante la firma del protocolo de colaboraci\u00f3n\" width=\"750\" height=\"500\" srcset=\"https:\/\/www.upo.es\/diario\/wp-content\/uploads\/2026\/04\/27042026-Protocolo-UPO-ELA-Andalucia-8113-750x500.jpg 750w, https:\/\/www.upo.es\/diario\/wp-content\/uploads\/2026\/04\/27042026-Protocolo-UPO-ELA-Andalucia-8113-420x280.jpg 420w, https:\/\/www.upo.es\/diario\/wp-content\/uploads\/2026\/04\/27042026-Protocolo-UPO-ELA-Andalucia-8113-768x512.jpg 768w, https:\/\/www.upo.es\/diario\/wp-content\/uploads\/2026\/04\/27042026-Protocolo-UPO-ELA-Andalucia-8113-1536x1024.jpg 1536w, https:\/\/www.upo.es\/diario\/wp-content\/uploads\/2026\/04\/27042026-Protocolo-UPO-ELA-Andalucia-8113-2048x1365.jpg 2048w, https:\/\/www.upo.es\/diario\/wp-content\/uploads\/2026\/04\/27042026-Protocolo-UPO-ELA-Andalucia-8113-165x109.jpg 165w, https:\/\/www.upo.es\/diario\/wp-content\/uploads\/2026\/04\/27042026-Protocolo-UPO-ELA-Andalucia-8113-1320x880.jpg 1320w\" sizes=\"auto, (max-width: 750px) 100vw, 750px\" \/><\/a><figcaption id=\"caption-attachment-30890885\" class=\"wp-caption-text\">El rector de la Universidad Pablo de Olavide, Francisco Oliva Bl\u00e1zquez, y el presidente de ELA Andaluc\u00eda, Francisco Javier Pedregal Pardo, tras la firma del protocolo de colaboraci\u00f3n<\/figcaption><\/figure>\n<p>La Universidad Pablo de Olavide y la Asociaci\u00f3n Andaluza de Esclerosis Lateral Amiotr\u00f3fica, ELA Andaluc\u00eda, han firmado esta ma\u00f1ana un protocolo general de colaboraci\u00f3n con el objetivo de desarrollar acciones conjuntas en materia de formaci\u00f3n, sensibilizaci\u00f3n, investigaci\u00f3n, transferencia del conocimiento, voluntariado y apoyo a las personas afectadas por la Esclerosis Lateral Amiotr\u00f3fica y a sus familias.<\/p>\n<p>El acuerdo, enmarcado en la <a href=\"https:\/\/www.boe.es\/eli\/es\/l\/2024\/10\/30\/3\">Ley 3\/2024, de 30 de octubre<\/a>, orientada a mejorar la calidad de vida de personas con ELA, ha sido suscrito por el rector de la Universidad Pablo de Olavide,<strong> Francisco Oliva Bl\u00e1zquez<\/strong>, y por el presidente de ELA Andaluc\u00eda, <strong>Francisco Javier Pedregal Pardo<\/strong>. Con esta firma, ambas instituciones establecen un marco estable de cooperaci\u00f3n para promover iniciativas de inter\u00e9s com\u00fan dirigidas a mejorar la calidad de vida de las personas con ELA, apoyar a sus cuidadores y familiares, y ofrecer una formaci\u00f3n que posibilite una atenci\u00f3n especializada.<\/p>\n<p>En este sentido ha abundado el presidente de ELA Andaluc\u00eda, quien se ha referido a la formaci\u00f3n de profesionales del Trabajo Social como cuesti\u00f3n clave \u00abya que con el desarrollo de la Ley habr\u00e1 gran necesidad de personas que sepan manejar la enfermedad\u00bb. As\u00ed, la normativa refuerza su papel en gesti\u00f3n, coordinaci\u00f3n sociosanitaria y seguimiento y apoyo a familias, adem\u00e1s de elaborar el Programa Individual de Atenci\u00f3n (PIA).<\/p>\n<p>El rector de la Universidad Pablo de Olavide ha destacado el potencial de las microcredenciales como \u00abmarco formativo espec\u00edfico e ideal para dar respuesta a esta demanda con acreditaci\u00f3n universitaria\u00bb. Francisco Oliva ha se\u00f1alado asimismo la importancia de la investigaci\u00f3n pese a lo costoso de avanzar en una enfermedad tan compleja: \u00abcontribuiremos en lo que podamos aportar a dar peque\u00f1os pasos, hasta que haya uno que marque la diferencia, todas las enfermedades fueron incurables alguna vez\u00bb.<\/p>\n<p>Entre los principales \u00e1mbitos de colaboraci\u00f3n previstos se encuentran la organizaci\u00f3n de cursos, seminarios y jornadas sobre la ELA, as\u00ed como acciones espec\u00edficas de formaci\u00f3n para cuidadores y profesionales. El protocolo contempla tambi\u00e9n el dise\u00f1o de programas de respiro familiar, asesoramiento jur\u00eddico-laboral y psicosocial, y alfabetizaci\u00f3n digital para facilitar el acceso a ayudas y tr\u00e1mites por parte de las familias.<\/p>\n<p>En el \u00e1mbito cient\u00edfico, la UPO y ELA Andaluc\u00eda podr\u00e1n impulsar proyectos de investigaci\u00f3n e innovaci\u00f3n, estudios observacionales, an\u00e1lisis sobre modelos de atenci\u00f3n integral, evaluaci\u00f3n de costes y resultados en salud, y exploraci\u00f3n de tecnolog\u00edas de apoyo. Asimismo, el acuerdo abre la puerta a la canalizaci\u00f3n de pr\u00e1cticas acad\u00e9micas, trabajos de fin de grado y de m\u00e1ster (TFG\/TFM) y tesis doctorales vinculadas a la ELA.<\/p>\n<p>La colaboraci\u00f3n incluye, adem\u00e1s, la promoci\u00f3n de programas de voluntariado universitario y aprendizaje-servicio, con la participaci\u00f3n del estudiantado en actividades vinculadas a ELA Andaluc\u00eda. Tambi\u00e9n se prev\u00e9 la coorganizaci\u00f3n de jornadas, exposiciones, campa\u00f1as de sensibilizaci\u00f3n y actividades culturales orientadas a acercar esta realidad a la ciudadan\u00eda.<\/p>\n<p>Con esta alianza, la Universidad Pablo de Olavide refuerza su compromiso con la formaci\u00f3n, la investigaci\u00f3n y la transferencia de conocimiento al servicio de la sociedad, en colaboraci\u00f3n con una entidad social, declarada de utilidad p\u00fablica, que trabaja desde 2005 para mejorar la calidad de vida de las personas con <a href=\"https:\/\/www.elaandalucia.es\/\">ELA en Andaluc\u00eda<\/a> y acompa\u00f1ar a sus familias y cuidadores.<\/p>\n<p><a href=\"https:\/\/www.upo.es\/diario\/wp-content\/uploads\/2026\/04\/27042026-Protocolo-UPO-ELA-Andalucia-8132-scaled.jpg\"><img loading=\"lazy\" decoding=\"async\" class=\"aligncenter size-large wp-image-30890886\" src=\"https:\/\/www.upo.es\/diario\/wp-content\/uploads\/2026\/04\/27042026-Protocolo-UPO-ELA-Andalucia-8132-750x422.jpg\" alt=\"\" width=\"750\" height=\"422\" srcset=\"https:\/\/www.upo.es\/diario\/wp-content\/uploads\/2026\/04\/27042026-Protocolo-UPO-ELA-Andalucia-8132-750x422.jpg 750w, https:\/\/www.upo.es\/diario\/wp-content\/uploads\/2026\/04\/27042026-Protocolo-UPO-ELA-Andalucia-8132-420x236.jpg 420w, https:\/\/www.upo.es\/diario\/wp-content\/uploads\/2026\/04\/27042026-Protocolo-UPO-ELA-Andalucia-8132-768x432.jpg 768w, https:\/\/www.upo.es\/diario\/wp-content\/uploads\/2026\/04\/27042026-Protocolo-UPO-ELA-Andalucia-8132-1536x864.jpg 1536w, https:\/\/www.upo.es\/diario\/wp-content\/uploads\/2026\/04\/27042026-Protocolo-UPO-ELA-Andalucia-8132-2048x1152.jpg 2048w, https:\/\/www.upo.es\/diario\/wp-content\/uploads\/2026\/04\/27042026-Protocolo-UPO-ELA-Andalucia-8132-1320x743.jpg 1320w\" sizes=\"auto, (max-width: 750px) 100vw, 750px\" \/><\/a><\/p>\n","protected":false},"excerpt":{"rendered":"<p>La Universidad Pablo de Olavide y la Asociaci\u00f3n Andaluza de Esclerosis Lateral Amiotr\u00f3fica, ELA Andaluc\u00eda, han firmado esta ma\u00f1ana un protocolo general de colaboraci\u00f3n con el objetivo de desarrollar acciones conjuntas en materia de formaci\u00f3n, sensibilizaci\u00f3n, investigaci\u00f3n, transferencia del conocimiento, voluntariado y apoyo a las personas afectadas por la Esclerosis Lateral Amiotr\u00f3fica y a sus familias.<\/p>\n","protected":false},"author":6,"featured_media":30890885,"comment_status":"closed","ping_status":"open","sticky":false,"template":"","format":"standard","meta":{"_monsterinsights_skip_tracking":false,"_monsterinsights_sitenote_active":false,"_monsterinsights_sitenote_note":"","_monsterinsights_sitenote_category":0,"footnotes":""},"categories":[6],"tags":[326,624,970,9450,609,328,7800,218,103,7194],"class_list":["post-30890884","post","type-post","status-publish","format-standard","has-post-thumbnail","hentry","category-institucional","tag-convenio","tag-cooperacion","tag-divulgacion","tag-ela-esclerosis-lateral-amiotrofica","tag-especializacion","tag-formacion-permanente","tag-microcredenciales","tag-salud","tag-trabajo-social","tag-vicerrectorado-de-cultura-y-politicas-sociales"],"_links":{"self":[{"href":"https:\/\/www.upo.es\/diario\/wp-json\/wp\/v2\/posts\/30890884","targetHints":{"allow":["GET"]}}],"collection":[{"href":"https:\/\/www.upo.es\/diario\/wp-json\/wp\/v2\/posts"}],"about":[{"href":"https:\/\/www.upo.es\/diario\/wp-json\/wp\/v2\/types\/post"}],"author":[{"embeddable":true,"href":"https:\/\/www.upo.es\/diario\/wp-json\/wp\/v2\/users\/6"}],"replies":[{"embeddable":true,"href":"https:\/\/www.upo.es\/diario\/wp-json\/wp\/v2\/comments?post=30890884"}],"version-history":[{"count":1,"href":"https:\/\/www.upo.es\/diario\/wp-json\/wp\/v2\/posts\/30890884\/revisions"}],"predecessor-version":[{"id":30890887,"href":"https:\/\/www.upo.es\/diario\/wp-json\/wp\/v2\/posts\/30890884\/revisions\/30890887"}],"wp:featuredmedia":[{"embeddable":true,"href":"https:\/\/www.upo.es\/diario\/wp-json\/wp\/v2\/media\/30890885"}],"wp:attachment":[{"href":"https:\/\/www.upo.es\/diario\/wp-json\/wp\/v2\/media?parent=30890884"}],"wp:term":[{"taxonomy":"category","embeddable":true,"href":"https:\/\/www.upo.es\/diario\/wp-json\/wp\/v2\/categories?post=30890884"},{"taxonomy":"post_tag","embeddable":true,"href":"https:\/\/www.upo.es\/diario\/wp-json\/wp\/v2\/tags?post=30890884"}],"curies":[{"name":"wp","href":"https:\/\/api.w.org\/{rel}","templated":true}]}}