{"id":30890894,"date":"2026-04-28T14:03:39","date_gmt":"2026-04-28T12:03:39","guid":{"rendered":"https:\/\/www.upo.es\/diario\/?p=30890894"},"modified":"2026-04-28T14:03:39","modified_gmt":"2026-04-28T12:03:39","slug":"la-upo-acoge-una-jornada-para-conocer-al-jilguero-europeo-ave-del-ano-2026","status":"publish","type":"post","link":"https:\/\/www.upo.es\/diario\/docencia-formacion\/2026\/04\/la-upo-acoge-una-jornada-para-conocer-al-jilguero-europeo-ave-del-ano-2026\/","title":{"rendered":"La UPO acoge una jornada para conocer al jilguero europeo, Ave del A\u00f1o 2026"},"content":{"rendered":"<figure id=\"attachment_30890895\" aria-describedby=\"caption-attachment-30890895\" style=\"width: 750px\" class=\"wp-caption aligncenter\"><a href=\"https:\/\/www.upo.es\/diario\/wp-content\/uploads\/2026\/04\/Jilguero-web-scaled.jpg\"><img loading=\"lazy\" decoding=\"async\" class=\"wp-image-30890895 size-large\" src=\"https:\/\/www.upo.es\/diario\/wp-content\/uploads\/2026\/04\/Jilguero-web-750x450.jpg\" alt=\"\" width=\"750\" height=\"450\" srcset=\"https:\/\/www.upo.es\/diario\/wp-content\/uploads\/2026\/04\/Jilguero-web-750x450.jpg 750w, https:\/\/www.upo.es\/diario\/wp-content\/uploads\/2026\/04\/Jilguero-web-420x252.jpg 420w, https:\/\/www.upo.es\/diario\/wp-content\/uploads\/2026\/04\/Jilguero-web-768x461.jpg 768w, https:\/\/www.upo.es\/diario\/wp-content\/uploads\/2026\/04\/Jilguero-web-1536x922.jpg 1536w, https:\/\/www.upo.es\/diario\/wp-content\/uploads\/2026\/04\/Jilguero-web-2048x1229.jpg 2048w, https:\/\/www.upo.es\/diario\/wp-content\/uploads\/2026\/04\/Jilguero-web-1000x600.jpg 1000w, https:\/\/www.upo.es\/diario\/wp-content\/uploads\/2026\/04\/Jilguero-web-2000x1200.jpg 2000w, https:\/\/www.upo.es\/diario\/wp-content\/uploads\/2026\/04\/Jilguero-web-1320x792.jpg 1320w\" sizes=\"auto, (max-width: 750px) 100vw, 750px\" \/><\/a><figcaption id=\"caption-attachment-30890895\" class=\"wp-caption-text\">Jilguero europeo en la UPO. Foto: Miguel \u00c1ngel Rodr\u00edguez.<\/figcaption><\/figure>\n<p>La Universidad Pablo de Olavide ha acogido esta ma\u00f1ana una <strong>jornada divulgativa para conocer y observar al <\/strong><a href=\"https:\/\/seo.org\/jilguero-ave-del-ano-2026\/\"><strong>jilguero europeo (<em>Carduelis carduelis<\/em>)<\/strong><\/a>, proclamada <strong>Ave del A\u00f1o 2026<\/strong> por SEO\/BirdLife tras una votaci\u00f3n abierta con m\u00e1s de 11.500 participantes para dar visibilidad a las aves comunes y defender unos campos y unas ciudades con m\u00e1s biodiversidad.<\/p>\n<p><a href=\"https:\/\/www.upo.es\/diario\/wp-content\/uploads\/2026\/04\/Paseo-Jilguero11.jpg\"><img loading=\"lazy\" decoding=\"async\" class=\"alignright size-medium wp-image-30890896\" src=\"https:\/\/www.upo.es\/diario\/wp-content\/uploads\/2026\/04\/Paseo-Jilguero11-420x280.jpg\" alt=\"\" width=\"420\" height=\"280\" srcset=\"https:\/\/www.upo.es\/diario\/wp-content\/uploads\/2026\/04\/Paseo-Jilguero11-420x280.jpg 420w, https:\/\/www.upo.es\/diario\/wp-content\/uploads\/2026\/04\/Paseo-Jilguero11-750x500.jpg 750w, https:\/\/www.upo.es\/diario\/wp-content\/uploads\/2026\/04\/Paseo-Jilguero11-768x512.jpg 768w, https:\/\/www.upo.es\/diario\/wp-content\/uploads\/2026\/04\/Paseo-Jilguero11-1536x1024.jpg 1536w, https:\/\/www.upo.es\/diario\/wp-content\/uploads\/2026\/04\/Paseo-Jilguero11-2048x1366.jpg 2048w, https:\/\/www.upo.es\/diario\/wp-content\/uploads\/2026\/04\/Paseo-Jilguero11-165x109.jpg 165w, https:\/\/www.upo.es\/diario\/wp-content\/uploads\/2026\/04\/Paseo-Jilguero11-1320x880.jpg 1320w\" sizes=\"auto, (max-width: 420px) 100vw, 420px\" \/><\/a>La actividad, organizada por <strong>SEO\/BirdLife<\/strong> en colaboraci\u00f3n con el <a href=\"https:\/\/www.upo.es\/ceicambio\/\"><strong>CEI CamBio<\/strong><\/a> de la UPO, ha consistido en un paseo por el campus universitario para conocer de cerca al jilguero europeo, su ecolog\u00eda, su relaci\u00f3n con los entornos agrarios y periurbanos y los principales retos para su conservaci\u00f3n.<\/p>\n<p>El jilguero europeo, una de las aves m\u00e1s conocidas y apreciadas por la ciudadan\u00eda gracias a su llamativo plumaje y su caracter\u00edstico canto, cuenta con una poblaci\u00f3n estimada en Espa\u00f1a de entre 14 y 15 millones de ejemplares. Aunque est\u00e1 catalogado como de \u201cPreocupaci\u00f3n Menor\u201d en la Lista Roja Europea de las Aves, la especie se enfrente a amenazas derivadas de la actividad humana, como el uso intensivo de plaguicidas y herbicidas o la captura ilegal para su tenencia en cautividad.<\/p>\n<p>La elecci\u00f3n del jilguero como Ave del A\u00f1o 2026 busca visibilizar estas amenazas y poner el foco en la necesidad de conservar la biodiversidad en los paisajes agrarios y urbanos. En este sentido, durante el recorrido tambi\u00e9n se abordar\u00e1 el papel de los espacios periurbanos como refugio de biodiversidad, as\u00ed como la presencia de otras especies de aves asociadas a estos h\u00e1bitats.<\/p>\n<p><a href=\"https:\/\/seo.org\/\"><strong>SEO\/BirdLife<\/strong><\/a> es la organizaci\u00f3n representante de <a href=\"https:\/\/www.birdlife.org\/\">BirdLife International<\/a> en Espa\u00f1a, una federaci\u00f3n que agrupa las asociaciones dedicadas a la conservaci\u00f3n de las aves de todo el mundo. Se trata de la mayor organizaci\u00f3n global de conservaci\u00f3n de las aves y la naturaleza, que cuenta\u00a0con representantes en 121 pa\u00edses y moviliza aproximadamente 13 millones de socios y simpatizantes en todo el mundo.<\/p>\n<p><a href=\"https:\/\/www.upo.es\/diario\/wp-content\/uploads\/2026\/04\/Paseo-Jilguero12.jpg\"><img loading=\"lazy\" decoding=\"async\" class=\"aligncenter size-large wp-image-30890897\" src=\"https:\/\/www.upo.es\/diario\/wp-content\/uploads\/2026\/04\/Paseo-Jilguero12-750x500.jpg\" alt=\"\" width=\"750\" height=\"500\" srcset=\"https:\/\/www.upo.es\/diario\/wp-content\/uploads\/2026\/04\/Paseo-Jilguero12-750x500.jpg 750w, https:\/\/www.upo.es\/diario\/wp-content\/uploads\/2026\/04\/Paseo-Jilguero12-420x280.jpg 420w, https:\/\/www.upo.es\/diario\/wp-content\/uploads\/2026\/04\/Paseo-Jilguero12-768x512.jpg 768w, https:\/\/www.upo.es\/diario\/wp-content\/uploads\/2026\/04\/Paseo-Jilguero12-1536x1024.jpg 1536w, https:\/\/www.upo.es\/diario\/wp-content\/uploads\/2026\/04\/Paseo-Jilguero12-2048x1366.jpg 2048w, https:\/\/www.upo.es\/diario\/wp-content\/uploads\/2026\/04\/Paseo-Jilguero12-165x109.jpg 165w, https:\/\/www.upo.es\/diario\/wp-content\/uploads\/2026\/04\/Paseo-Jilguero12-1320x880.jpg 1320w\" sizes=\"auto, (max-width: 750px) 100vw, 750px\" \/><\/a><\/p>\n<p>&nbsp;<\/p>\n","protected":false},"excerpt":{"rendered":"<p>La Universidad Pablo de Olavide ha acogido esta ma\u00f1ana una jornada divulgativa para conocer y observar al jilguero europeo (Carduelis carduelis), proclamada Ave del A\u00f1o 2026 por SEO\/BirdLife tras una votaci\u00f3n abierta con m\u00e1s de 11.500 participantes para dar visibilidad a las aves comunes y defender unos campos y unas ciudades con m\u00e1s biodiversidad.<\/p>\n","protected":false},"author":4,"featured_media":30890895,"comment_status":"closed","ping_status":"open","sticky":false,"template":"","format":"standard","meta":{"_monsterinsights_skip_tracking":false,"_monsterinsights_sitenote_active":false,"_monsterinsights_sitenote_note":"","_monsterinsights_sitenote_category":0,"footnotes":""},"categories":[2779],"tags":[9452,224,9451,2066],"class_list":["post-30890894","post","type-post","status-publish","format-standard","has-post-thumbnail","hentry","category-docencia-formacion","tag-ave-del-ano","tag-cei-cambio","tag-jilguero-europeo","tag-seobirdlife"],"_links":{"self":[{"href":"https:\/\/www.upo.es\/diario\/wp-json\/wp\/v2\/posts\/30890894","targetHints":{"allow":["GET"]}}],"collection":[{"href":"https:\/\/www.upo.es\/diario\/wp-json\/wp\/v2\/posts"}],"about":[{"href":"https:\/\/www.upo.es\/diario\/wp-json\/wp\/v2\/types\/post"}],"author":[{"embeddable":true,"href":"https:\/\/www.upo.es\/diario\/wp-json\/wp\/v2\/users\/4"}],"replies":[{"embeddable":true,"href":"https:\/\/www.upo.es\/diario\/wp-json\/wp\/v2\/comments?post=30890894"}],"version-history":[{"count":1,"href":"https:\/\/www.upo.es\/diario\/wp-json\/wp\/v2\/posts\/30890894\/revisions"}],"predecessor-version":[{"id":30890898,"href":"https:\/\/www.upo.es\/diario\/wp-json\/wp\/v2\/posts\/30890894\/revisions\/30890898"}],"wp:featuredmedia":[{"embeddable":true,"href":"https:\/\/www.upo.es\/diario\/wp-json\/wp\/v2\/media\/30890895"}],"wp:attachment":[{"href":"https:\/\/www.upo.es\/diario\/wp-json\/wp\/v2\/media?parent=30890894"}],"wp:term":[{"taxonomy":"category","embeddable":true,"href":"https:\/\/www.upo.es\/diario\/wp-json\/wp\/v2\/categories?post=30890894"},{"taxonomy":"post_tag","embeddable":true,"href":"https:\/\/www.upo.es\/diario\/wp-json\/wp\/v2\/tags?post=30890894"}],"curies":[{"name":"wp","href":"https:\/\/api.w.org\/{rel}","templated":true}]}}