{"id":30890899,"date":"2026-04-28T14:54:07","date_gmt":"2026-04-28T12:54:07","guid":{"rendered":"https:\/\/www.upo.es\/diario\/?p=30890899"},"modified":"2026-04-28T15:01:02","modified_gmt":"2026-04-28T13:01:02","slug":"sevilla-impulsa-el-centenario-de-la-exposicion-del-29-con-la-firma-historica-de-sus-cinco-universidades","status":"publish","type":"post","link":"https:\/\/www.upo.es\/diario\/institucional\/2026\/04\/sevilla-impulsa-el-centenario-de-la-exposicion-del-29-con-la-firma-historica-de-sus-cinco-universidades\/","title":{"rendered":"Sevilla impulsa el Centenario de la Exposici\u00f3n del 29 con la firma hist\u00f3rica de sus cinco universidades"},"content":{"rendered":"<figure id=\"attachment_30890909\" aria-describedby=\"caption-attachment-30890909\" style=\"width: 750px\" class=\"wp-caption aligncenter\"><a href=\"https:\/\/www.upo.es\/diario\/wp-content\/uploads\/2026\/04\/firma-29_foto-familia_20260428.jpg\"><img loading=\"lazy\" decoding=\"async\" class=\"wp-image-30890909 size-large\" src=\"https:\/\/www.upo.es\/diario\/wp-content\/uploads\/2026\/04\/firma-29_foto-familia_20260428-750x504.jpg\" alt=\"Rectores del las universidades sevillanas, alcalde de Sevilla y Julio Cuesta\" width=\"750\" height=\"504\" srcset=\"https:\/\/www.upo.es\/diario\/wp-content\/uploads\/2026\/04\/firma-29_foto-familia_20260428-750x504.jpg 750w, https:\/\/www.upo.es\/diario\/wp-content\/uploads\/2026\/04\/firma-29_foto-familia_20260428-420x282.jpg 420w, https:\/\/www.upo.es\/diario\/wp-content\/uploads\/2026\/04\/firma-29_foto-familia_20260428-768x516.jpg 768w, https:\/\/www.upo.es\/diario\/wp-content\/uploads\/2026\/04\/firma-29_foto-familia_20260428-1320x887.jpg 1320w, https:\/\/www.upo.es\/diario\/wp-content\/uploads\/2026\/04\/firma-29_foto-familia_20260428.jpg 1376w\" sizes=\"auto, (max-width: 750px) 100vw, 750px\" \/><\/a><figcaption id=\"caption-attachment-30890909\" class=\"wp-caption-text\">Rectores del las universidades sevillanas, alcalde de Sevilla y Julio Cuesta<\/figcaption><\/figure>\n<p>El Ayuntamiento de Sevilla ha acogido este martes, en el Sal\u00f3n Col\u00f3n, la firma del protocolo de intenciones entre las principales universidades de la ciudad para impulsar el<strong> Centenario de la Exposici\u00f3n Iberoamericana de 1929<\/strong>. El acto, presidido por el alcalde de Sevilla, Jos\u00e9 Luis Sanz, supone el <strong>arranque oficial de esta conmemoraci\u00f3n hist\u00f3rica<\/strong>.<\/p>\n<figure id=\"attachment_30890910\" aria-describedby=\"caption-attachment-30890910\" style=\"width: 420px\" class=\"wp-caption alignright\"><a href=\"https:\/\/www.upo.es\/diario\/wp-content\/uploads\/2026\/04\/IMG_3134.jpeg\"><img loading=\"lazy\" decoding=\"async\" class=\"size-medium wp-image-30890910\" src=\"https:\/\/www.upo.es\/diario\/wp-content\/uploads\/2026\/04\/IMG_3134-420x280.jpeg\" alt=\"Jos\u00e9 Luis Sanz y Francisco Oliva durante la firma del Protocolo\" width=\"420\" height=\"280\" srcset=\"https:\/\/www.upo.es\/diario\/wp-content\/uploads\/2026\/04\/IMG_3134-420x280.jpeg 420w, https:\/\/www.upo.es\/diario\/wp-content\/uploads\/2026\/04\/IMG_3134-750x500.jpeg 750w, https:\/\/www.upo.es\/diario\/wp-content\/uploads\/2026\/04\/IMG_3134-768x512.jpeg 768w, https:\/\/www.upo.es\/diario\/wp-content\/uploads\/2026\/04\/IMG_3134-1536x1024.jpeg 1536w, https:\/\/www.upo.es\/diario\/wp-content\/uploads\/2026\/04\/IMG_3134-165x109.jpeg 165w, https:\/\/www.upo.es\/diario\/wp-content\/uploads\/2026\/04\/IMG_3134-1320x880.jpeg 1320w, https:\/\/www.upo.es\/diario\/wp-content\/uploads\/2026\/04\/IMG_3134.jpeg 2048w\" sizes=\"auto, (max-width: 420px) 100vw, 420px\" \/><\/a><figcaption id=\"caption-attachment-30890910\" class=\"wp-caption-text\">Jos\u00e9 Luis Sanz y Francisco Oliva durante la firma del Protocolo<\/figcaption><\/figure>\n<p>Por primera vez, las cinco universidades con presencia en Sevilla han suscrito de manera conjunta un acuerdo de colaboraci\u00f3n en apoyo a un proyecto com\u00fan de ciudad. En la firma han participado la rectora de la Universidad de Sevilla,<strong> Carmen Vargas<\/strong>; el rector de la Universidad Pablo de Olavide, <strong>Francisco Oliva<\/strong>; el rector de la Fundaci\u00f3n Universidad Loyola Andaluc\u00eda, <strong>Fabio G\u00f3mez-Estern<\/strong>; el rector de la Universidad CEU Fernando III,<strong> Jos\u00e9 Alberto Parejo<\/strong>; y el rector de la Universidad Internacional de Andaluc\u00eda (UNIA), <strong>Jos\u00e9 Ignacio Garc\u00eda<\/strong>. Asimismo, ha estado presente el comisario Sevilla 2029, <strong>Julio Cuesta<\/strong>.<\/p>\n<p>Este protocolo tiene como objetivo promover iniciativas que contribuyan a la conmemoraci\u00f3n del Centenario de 1929, sentando las bases de<strong> un proyecto estrat\u00e9gico que implicar\u00e1 a instituciones, administraciones y agentes sociales<\/strong>.<\/p>\n<p>Durante su intervenci\u00f3n, el alcalde Jos\u00e9 Luis Sanz ha subrayado la relevancia de este hito: \u00abHoy celebramos el primer acto oficial del Centenario del 29, y lo hacemos con una imagen de unidad sin precedentes, con nuestras cinco universidades trabajando juntas por Sevilla\u00bb. En este sentido, Sanz ha destacado que \u00abel Centenario es un proyecto de ciudad abierto a todos. Tras esta firma, llegar\u00e1n muchas m\u00e1s, porque queremos que toda Sevilla se implique en esta conmemoraci\u00f3n hist\u00f3rica\u00bb y ha se\u00f1alado adem\u00e1s la dimensi\u00f3n de futuro de esta iniciativa: \u00abTenemos ante nosotros una oportunidad hist\u00f3rica para hacer de Sevilla la gran capital del sur de Europa, reforzando nuestra posici\u00f3n como motor econ\u00f3mico, cultural y social\u00bb.<\/p>\n<p>Con este primer paso,<strong> Sevilla inicia el camino hacia 2029 con el respaldo del \u00e1mbito universitario<\/strong>, clave para el desarrollo de iniciativas vinculadas a la innovaci\u00f3n, el conocimiento y la proyecci\u00f3n internacional de la ciudad.<\/p>\n<h3>La uni\u00f3n de las universidades en un proyecto de ciudad<\/h3>\n<p>En este sentido, las universidades han expresado la importancia de esta firma. Por ello, la rectora de la Universidad de Sevilla, Carmen Vargas, ha se\u00f1alado que \u00abla firma de este Protocolo de Intenciones con el Ayuntamiento de Sevilla expresa una voluntad compartida de colaboraci\u00f3n institucional para impulsar iniciativas culturales, acad\u00e9micas y sociales vinculadas a Sevilla 2029. Desde la Universidad de Sevilla reafirmamos, con esta firma, nuestro compromiso con el desarrollo social, cultural y econ\u00f3mico de Sevilla, contribuyendo activamente con nuestra capacidad acad\u00e9mica e investigadora al \u00e9xito de esta iniciativa colectiva, de la mano del Ayuntamiento de nuestra querida ciudad. La Universidad de Sevilla se suma con plena convicci\u00f3n a la conmemoraci\u00f3n del Centenario de la Exposici\u00f3n Iberoamericana de 1929, un proyecto llamado a reforzar la memoria, el patrimonio y la proyecci\u00f3n internacional de nuestra ciudad\u00bb.<\/p>\n<p>Por su parte, Francisco Oliva, rector de la Universidad Pablo de Olavide, ha se\u00f1alado que \u00abla Universidad Pablo de Olavide se suma a Sevilla 2029 para aportar conocimiento, investigaci\u00f3n y transferencia universitaria a una conmemoraci\u00f3n orientada a revisar, difundir y proyectar el legado hist\u00f3rico, cultural y patrimonial de la Exposici\u00f3n Iberoamericana de 1929, desde el compromiso con una efem\u00e9ride llamada a proyectar Sevilla como una ciudad abierta, moderna y conectada con su historia y con su futuro\u00bb.<\/p>\n<p>El rector de Loyola, Fabio G\u00f3mez-Estern, ha asegurado que \u00abcomo instituci\u00f3n jesuita, firmemente arraigada en los valores del humanismo, la interculturalidad y el servicio a la sociedad, consideramos que esta efem\u00e9ride representa una oportunidad \u00fanica para reflexionar sobre los lazos hist\u00f3ricos, culturales y sociales que nos unen con los pa\u00edses de Iberoam\u00e9rica\u00bb. Asimismo, ha indicado que \u00abnuestra universidad se compromete a aportar reflexi\u00f3n, creatividad y talento, desde una mirada cr\u00edtica y constructiva, a la conmemoraci\u00f3n de un evento que marc\u00f3 un hito en el desarrollo urbano y cultural de Sevilla\u00bb.<\/p>\n<p>El rector de la Internacional de Andaluc\u00eda, Jos\u00e9 Ignacio Garc\u00eda, ha agradecido al Ayuntamiento de Sevilla \u00abla oportunidad de ser parte activa de una conmemoraci\u00f3n que conecta con la esencia misma de nuestra universidad, como es la vocaci\u00f3n americanista y los lazos cultivados con las instituciones del otro lado del Atl\u00e1ntico\u00bb. De esa forma, ha puesto al servicio del proyecto \u00abtodo el potencial del Grupo La R\u00e1bida, que compartimos con las principales instituciones educativas de Iberoam\u00e9rica\u00bb.<\/p>\n<p>Finalmente, Jos\u00e9 Alberto Parejo G\u00e1mir, rector de la Universidad CEU Fernando III, ha destacado que \u00abel inicio de este camino hacia el Centenario de 1929 representa mucho m\u00e1s que una conmemoraci\u00f3n hist\u00f3rica; es una oportunidad para proyectar Sevilla hacia el futuro desde la fuerza de su pasado. Hablamos de una ciudad que ha sabido preservar sus ra\u00edces, sus tradiciones y su identidad, y que al mismo tiempo se muestra din\u00e1mica, moderna y abierta al mundo. En ese mismo equilibrio entre tradici\u00f3n y modernidad se reconoce tambi\u00e9n la Universidad CEU Fernando III: una instituci\u00f3n joven, pero respaldada por m\u00e1s de 90 a\u00f1os de experiencia del grupo CEU. Este proyecto compartido refleja precisamente esa uni\u00f3n de valores, innovaci\u00f3n y compromiso con la sociedad que define tanto a Sevilla como a nuestra universidad. Este protocolo marca el inicio de un proyecto ambicioso, concebido como una oportunidad para todos. Las universidades estamos llamadas a desempe\u00f1ar un papel clave, impulsando iniciativas vinculadas a la innovaci\u00f3n, el conocimiento y la proyecci\u00f3n internacional de la ciudad\u00bb.<\/p>\n<p>Fuente: Ayuntamiento de Sevilla<\/p>\n","protected":false},"excerpt":{"rendered":"<p>La Universidad Pablo de Olavide promover\u00e1 iniciativas culturales, sociales y econ\u00f3micas que contribuyan a la conmemoraci\u00f3n de la Exposici\u00f3n de 1929 en colaboraci\u00f3n con el Ayuntamiento de Sevilla y las universidades de la ciudad.<\/p>\n","protected":false},"author":6,"featured_media":30890909,"comment_status":"closed","ping_status":"open","sticky":false,"template":"","format":"standard","meta":{"_monsterinsights_skip_tracking":false,"_monsterinsights_sitenote_active":false,"_monsterinsights_sitenote_note":"","_monsterinsights_sitenote_category":0,"footnotes":""},"categories":[6],"tags":[8312,621,8066,3329,326,4021,9453,1163],"class_list":["post-30890899","post","type-post","status-publish","format-standard","has-post-thumbnail","hentry","category-institucional","tag-alcalde-de-sevilla","tag-ayuntamiento-de-sevilla","tag-centenario","tag-conmemoracion","tag-convenio","tag-francisco-oliva-blazquez","tag-sevilla-2029","tag-universidad-de-sevilla"],"_links":{"self":[{"href":"https:\/\/www.upo.es\/diario\/wp-json\/wp\/v2\/posts\/30890899","targetHints":{"allow":["GET"]}}],"collection":[{"href":"https:\/\/www.upo.es\/diario\/wp-json\/wp\/v2\/posts"}],"about":[{"href":"https:\/\/www.upo.es\/diario\/wp-json\/wp\/v2\/types\/post"}],"author":[{"embeddable":true,"href":"https:\/\/www.upo.es\/diario\/wp-json\/wp\/v2\/users\/6"}],"replies":[{"embeddable":true,"href":"https:\/\/www.upo.es\/diario\/wp-json\/wp\/v2\/comments?post=30890899"}],"version-history":[{"count":6,"href":"https:\/\/www.upo.es\/diario\/wp-json\/wp\/v2\/posts\/30890899\/revisions"}],"predecessor-version":[{"id":30890913,"href":"https:\/\/www.upo.es\/diario\/wp-json\/wp\/v2\/posts\/30890899\/revisions\/30890913"}],"wp:featuredmedia":[{"embeddable":true,"href":"https:\/\/www.upo.es\/diario\/wp-json\/wp\/v2\/media\/30890909"}],"wp:attachment":[{"href":"https:\/\/www.upo.es\/diario\/wp-json\/wp\/v2\/media?parent=30890899"}],"wp:term":[{"taxonomy":"category","embeddable":true,"href":"https:\/\/www.upo.es\/diario\/wp-json\/wp\/v2\/categories?post=30890899"},{"taxonomy":"post_tag","embeddable":true,"href":"https:\/\/www.upo.es\/diario\/wp-json\/wp\/v2\/tags?post=30890899"}],"curies":[{"name":"wp","href":"https:\/\/api.w.org\/{rel}","templated":true}]}}