{"id":30890916,"date":"2026-04-29T08:50:21","date_gmt":"2026-04-29T06:50:21","guid":{"rendered":"https:\/\/www.upo.es\/diario\/?p=30890916"},"modified":"2026-04-29T14:50:31","modified_gmt":"2026-04-29T12:50:31","slug":"el-alumnado-en-ciencias-ambientales-celebra-su-ceremonia-de-graduacion","status":"publish","type":"post","link":"https:\/\/www.upo.es\/diario\/comunidad\/2026\/04\/el-alumnado-en-ciencias-ambientales-celebra-su-ceremonia-de-graduacion\/","title":{"rendered":"El alumnado en Ciencias Ambientales celebra su ceremonia de graduaci\u00f3n"},"content":{"rendered":"<figure id=\"attachment_30890917\" aria-describedby=\"caption-attachment-30890917\" style=\"width: 750px\" class=\"wp-caption aligncenter\"><a href=\"https:\/\/www.upo.es\/diario\/wp-content\/uploads\/2026\/04\/1-2-1.jpg\"><img loading=\"lazy\" decoding=\"async\" class=\"size-large wp-image-30890917\" src=\"https:\/\/www.upo.es\/diario\/wp-content\/uploads\/2026\/04\/1-2-1-750x422.jpg\" alt=\"\" width=\"750\" height=\"422\" srcset=\"https:\/\/www.upo.es\/diario\/wp-content\/uploads\/2026\/04\/1-2-1-750x422.jpg 750w, https:\/\/www.upo.es\/diario\/wp-content\/uploads\/2026\/04\/1-2-1-420x237.jpg 420w, https:\/\/www.upo.es\/diario\/wp-content\/uploads\/2026\/04\/1-2-1-768x432.jpg 768w, https:\/\/www.upo.es\/diario\/wp-content\/uploads\/2026\/04\/1-2-1-1536x865.jpg 1536w, https:\/\/www.upo.es\/diario\/wp-content\/uploads\/2026\/04\/1-2-1-1320x743.jpg 1320w, https:\/\/www.upo.es\/diario\/wp-content\/uploads\/2026\/04\/1-2-1.jpg 1600w\" sizes=\"auto, (max-width: 750px) 100vw, 750px\" \/><\/a><figcaption id=\"caption-attachment-30890917\" class=\"wp-caption-text\">Promoci\u00f3n 2022\/2026 del Grado en Ciencias Ambientales.<\/figcaption><\/figure>\n<p>La ceremonia de egresados y egresadas de la <strong>promoci\u00f3n 2022\/2026 del Grado en Ciencias Ambientales<\/strong> y de la <strong>promoci\u00f3n 2021\/2026 del Doble Grado en Ciencias Ambientales y Geograf\u00eda e Historia<\/strong> se celebr\u00f3 ayer martes en el Paraninfo de la Universidad Pablo de Olavide. El acto fue presidido por el decano de la Facultad de Ciencias Experimentales, Juan Carlos Rodr\u00edguez Aguilera, y la decana de la Facultad de Humanidades, Mar\u00eda Losada Friend.<\/p>\n<p><strong>La madrina de las promociones ha sido la consultora ambiental, Sonia S\u00e1nchez Navarro<\/strong>. A la ceremonia tambi\u00e9n asistieron como profesores honor\u00edficos de la UPO Ildefonso P\u00e9rez Ot del \u00c1rea de Ingenier\u00eda Qu\u00edmica y Amalia Vah\u00ed Serrano del \u00c1rea de Geograf\u00eda Humana, y la presidenta del Colegio Profesional de Licenciados y Graduados en Ciencias Ambientales de Andaluc\u00eda (COAMBA), Rosario Vargas Pacheco.<\/p>\n<p>En representaci\u00f3n del alumnado egresado, han pronunciado los discursos Sandra Bermudo Bracho y Marco Caste\u00f1eda Craviotto del Doble Grado en Ciencias Ambientales y Geograf\u00eda e Historia; y Elena Guerra Fern\u00e1ndez y Laura Guisado Gonz\u00e1lez del Grado en Ciencias Ambientales. Un total de 46 egresados y egresadas han asistido, junto a sus familiares, a este acto con el que la Universidad Pablo de Olavide recupera una antigua tradici\u00f3n de las universidades europeas.<\/p>\n<figure id=\"attachment_30890918\" aria-describedby=\"caption-attachment-30890918\" style=\"width: 750px\" class=\"wp-caption aligncenter\"><a href=\"https:\/\/www.upo.es\/diario\/wp-content\/uploads\/2026\/04\/2-2-1.jpg\"><img loading=\"lazy\" decoding=\"async\" class=\"size-large wp-image-30890918\" src=\"https:\/\/www.upo.es\/diario\/wp-content\/uploads\/2026\/04\/2-2-1-750x422.jpg\" alt=\"\" width=\"750\" height=\"422\" srcset=\"https:\/\/www.upo.es\/diario\/wp-content\/uploads\/2026\/04\/2-2-1-750x422.jpg 750w, https:\/\/www.upo.es\/diario\/wp-content\/uploads\/2026\/04\/2-2-1-420x237.jpg 420w, https:\/\/www.upo.es\/diario\/wp-content\/uploads\/2026\/04\/2-2-1-768x432.jpg 768w, https:\/\/www.upo.es\/diario\/wp-content\/uploads\/2026\/04\/2-2-1-1536x865.jpg 1536w, https:\/\/www.upo.es\/diario\/wp-content\/uploads\/2026\/04\/2-2-1-1320x743.jpg 1320w, https:\/\/www.upo.es\/diario\/wp-content\/uploads\/2026\/04\/2-2-1.jpg 1600w\" sizes=\"auto, (max-width: 750px) 100vw, 750px\" \/><\/a><figcaption id=\"caption-attachment-30890918\" class=\"wp-caption-text\">Promoci\u00f3n 2021\/2026 del Doble Grado en Ciencias Ambientales y Geograf\u00eda e Historia.<\/figcaption><\/figure>\n<p>&nbsp;<\/p>\n<p>&nbsp;<\/p>\n<p>&nbsp;<\/p>\n<p>&nbsp;<\/p>\n<p>&nbsp;<\/p>\n<p>&nbsp;<\/p>\n","protected":false},"excerpt":{"rendered":"<p>La ceremonia de egresados y egresadas de la promoci\u00f3n 2022\/2026 del Grado en Ciencias Ambientales y de la promoci\u00f3n 2021\/2026 del Doble Grado en Ciencias Ambientales y Geograf\u00eda e Historia se ha celebrado en el Paraninfo de la Universidad Pablo de Olavide. El acto fue presidido por el decano de la Facultad de Ciencias Experimentales, Juan Carlos Rodr\u00edguez Aguilera, y la decana de la Facultad de Humanidades, Mar\u00eda Losada Friend.<\/p>\n","protected":false},"author":4,"featured_media":30890919,"comment_status":"closed","ping_status":"open","sticky":false,"template":"","format":"standard","meta":{"_monsterinsights_skip_tracking":false,"_monsterinsights_sitenote_active":false,"_monsterinsights_sitenote_note":"","_monsterinsights_sitenote_category":0,"footnotes":""},"categories":[5842],"tags":[5074,8456,122,96,1654],"class_list":["post-30890916","post","type-post","status-publish","format-standard","has-post-thumbnail","hentry","category-comunidad","tag-ceremonia-de-graduacion","tag-doble-grado-en-ciencias-ambientales-y-geografia-e-historia","tag-facultad-ciencias-experimentales","tag-facultad-de-humanidades","tag-grado-en-ciencias-ambientales"],"_links":{"self":[{"href":"https:\/\/www.upo.es\/diario\/wp-json\/wp\/v2\/posts\/30890916","targetHints":{"allow":["GET"]}}],"collection":[{"href":"https:\/\/www.upo.es\/diario\/wp-json\/wp\/v2\/posts"}],"about":[{"href":"https:\/\/www.upo.es\/diario\/wp-json\/wp\/v2\/types\/post"}],"author":[{"embeddable":true,"href":"https:\/\/www.upo.es\/diario\/wp-json\/wp\/v2\/users\/4"}],"replies":[{"embeddable":true,"href":"https:\/\/www.upo.es\/diario\/wp-json\/wp\/v2\/comments?post=30890916"}],"version-history":[{"count":1,"href":"https:\/\/www.upo.es\/diario\/wp-json\/wp\/v2\/posts\/30890916\/revisions"}],"predecessor-version":[{"id":30890920,"href":"https:\/\/www.upo.es\/diario\/wp-json\/wp\/v2\/posts\/30890916\/revisions\/30890920"}],"wp:featuredmedia":[{"embeddable":true,"href":"https:\/\/www.upo.es\/diario\/wp-json\/wp\/v2\/media\/30890919"}],"wp:attachment":[{"href":"https:\/\/www.upo.es\/diario\/wp-json\/wp\/v2\/media?parent=30890916"}],"wp:term":[{"taxonomy":"category","embeddable":true,"href":"https:\/\/www.upo.es\/diario\/wp-json\/wp\/v2\/categories?post=30890916"},{"taxonomy":"post_tag","embeddable":true,"href":"https:\/\/www.upo.es\/diario\/wp-json\/wp\/v2\/tags?post=30890916"}],"curies":[{"name":"wp","href":"https:\/\/api.w.org\/{rel}","templated":true}]}}