{"id":30890928,"date":"2026-04-30T11:46:50","date_gmt":"2026-04-30T09:46:50","guid":{"rendered":"https:\/\/www.upo.es\/diario\/?p=30890928"},"modified":"2026-04-30T11:46:50","modified_gmt":"2026-04-30T09:46:50","slug":"estudiantes-de-la-promocion-2022-2026-del-grado-en-nutricion-humana-y-dietetica-celebran-su-ceremonia-de-graduacion","status":"publish","type":"post","link":"https:\/\/www.upo.es\/diario\/comunidad\/2026\/04\/estudiantes-de-la-promocion-2022-2026-del-grado-en-nutricion-humana-y-dietetica-celebran-su-ceremonia-de-graduacion\/","title":{"rendered":"Estudiantes de la promoci\u00f3n 2022\/2026 del Grado en Nutrici\u00f3n Humana y Diet\u00e9tica celebran su ceremonia de graduaci\u00f3n"},"content":{"rendered":"<figure id=\"attachment_30890929\" aria-describedby=\"caption-attachment-30890929\" style=\"width: 750px\" class=\"wp-caption aligncenter\"><a href=\"https:\/\/www.upo.es\/diario\/wp-content\/uploads\/2026\/04\/1-3.jpg\"><img loading=\"lazy\" decoding=\"async\" class=\"size-large wp-image-30890929\" src=\"https:\/\/www.upo.es\/diario\/wp-content\/uploads\/2026\/04\/1-3-750x422.jpg\" alt=\"\" width=\"750\" height=\"422\" srcset=\"https:\/\/www.upo.es\/diario\/wp-content\/uploads\/2026\/04\/1-3-750x422.jpg 750w, https:\/\/www.upo.es\/diario\/wp-content\/uploads\/2026\/04\/1-3-420x237.jpg 420w, https:\/\/www.upo.es\/diario\/wp-content\/uploads\/2026\/04\/1-3-768x432.jpg 768w, https:\/\/www.upo.es\/diario\/wp-content\/uploads\/2026\/04\/1-3-1536x865.jpg 1536w, https:\/\/www.upo.es\/diario\/wp-content\/uploads\/2026\/04\/1-3-1320x743.jpg 1320w, https:\/\/www.upo.es\/diario\/wp-content\/uploads\/2026\/04\/1-3.jpg 1600w\" sizes=\"auto, (max-width: 750px) 100vw, 750px\" \/><\/a><figcaption id=\"caption-attachment-30890929\" class=\"wp-caption-text\">Promoci\u00f3n 2022\/2026 del Grado en Nutrici\u00f3n Humana y Diet\u00e9tica.<\/figcaption><\/figure>\n<p>Los y las estudiantes de <strong>la promoci\u00f3n 2022\/2026 del Grado en Nutrici\u00f3n Humana y Diet\u00e9tica<\/strong> celebraron ayer mi\u00e9rcoles su ceremonia de graduaci\u00f3n en el Paraninfo de la Universidad Pablo de Olavide. El acto fue presidido por Juan Carlos Rodr\u00edguez Aguilera, decano de la Facultad de Ciencias Experimentales.<\/p>\n<p><strong>La madrina de la promoci\u00f3n fue la dietista-nutricionista Reyes Murube Ostos. <\/strong>A la ceremonia tambi\u00e9n asistieron Javier Garc\u00eda Pereda del \u00c1rea de Nutrici\u00f3n y Bromatolog\u00eda de la UPO, como invitado de honor; Soledad Fern\u00e1ndez Pach\u00f3n, directora acad\u00e9mica del Grado en Nutrici\u00f3n Humana y Diet\u00e9tica; y Luis J. Mor\u00e1n Fag\u00fandez, vocal adjunto al decanato del Colegio profesional de Dietistas-Nutricionistas de Andaluc\u00eda (CODINAN).<\/p>\n<figure id=\"attachment_30890931\" aria-describedby=\"caption-attachment-30890931\" style=\"width: 221px\" class=\"wp-caption alignright\"><a href=\"https:\/\/www.upo.es\/diario\/wp-content\/uploads\/2026\/04\/3.jpeg\"><img loading=\"lazy\" decoding=\"async\" class=\"wp-image-30890931 \" src=\"https:\/\/www.upo.es\/diario\/wp-content\/uploads\/2026\/04\/3-e1777542384543-383x420.jpeg\" alt=\"\" width=\"221\" height=\"242\" srcset=\"https:\/\/www.upo.es\/diario\/wp-content\/uploads\/2026\/04\/3-e1777542384543-383x420.jpeg 383w, https:\/\/www.upo.es\/diario\/wp-content\/uploads\/2026\/04\/3-e1777542384543-479x525.jpeg 479w, https:\/\/www.upo.es\/diario\/wp-content\/uploads\/2026\/04\/3-e1777542384543-768x842.jpeg 768w, https:\/\/www.upo.es\/diario\/wp-content\/uploads\/2026\/04\/3-e1777542384543.jpeg 900w\" sizes=\"auto, (max-width: 221px) 100vw, 221px\" \/><\/a><figcaption id=\"caption-attachment-30890931\" class=\"wp-caption-text\">Los estudiantes Alberto Pardo y Jos\u00e9 Joaqu\u00edn Guti\u00e9rrez.<\/figcaption><\/figure>\n<p>En representaci\u00f3n del alumnado egresado, pronunci\u00f3 el discurso <strong>Alberto Pardo Rivera<\/strong> y J<strong>os\u00e9 Joaqu\u00edn Guti\u00e9rrez Trejo<\/strong>. Un total de 51 egresados y egresadas asistieron, junto a sus familiares, a este acto con el que la Universidad Pablo de Olavide recupera una antigua tradici\u00f3n de las universidades europeas.<\/p>\n","protected":false},"excerpt":{"rendered":"<p>Los y las estudiantes de la promoci\u00f3n 2022\/2026 del Grado en Nutrici\u00f3n Humana y Diet\u00e9tica han celebrado su ceremonia de graduaci\u00f3n en el Paraninfo de la Universidad Pablo de Olavide. El acto ha sido presidido por Juan Carlos Rodr\u00edguez Aguilera, decano de la Facultad de Ciencias Experimentales.<\/p>\n","protected":false},"author":4,"featured_media":30890930,"comment_status":"closed","ping_status":"open","sticky":false,"template":"","format":"standard","meta":{"_monsterinsights_skip_tracking":false,"_monsterinsights_sitenote_active":false,"_monsterinsights_sitenote_note":"","_monsterinsights_sitenote_category":0,"footnotes":""},"categories":[5842],"tags":[5074,122,1456],"class_list":["post-30890928","post","type-post","status-publish","format-standard","has-post-thumbnail","hentry","category-comunidad","tag-ceremonia-de-graduacion","tag-facultad-ciencias-experimentales","tag-grado-en-nutricion-humana-y-dietetica"],"_links":{"self":[{"href":"https:\/\/www.upo.es\/diario\/wp-json\/wp\/v2\/posts\/30890928","targetHints":{"allow":["GET"]}}],"collection":[{"href":"https:\/\/www.upo.es\/diario\/wp-json\/wp\/v2\/posts"}],"about":[{"href":"https:\/\/www.upo.es\/diario\/wp-json\/wp\/v2\/types\/post"}],"author":[{"embeddable":true,"href":"https:\/\/www.upo.es\/diario\/wp-json\/wp\/v2\/users\/4"}],"replies":[{"embeddable":true,"href":"https:\/\/www.upo.es\/diario\/wp-json\/wp\/v2\/comments?post=30890928"}],"version-history":[{"count":1,"href":"https:\/\/www.upo.es\/diario\/wp-json\/wp\/v2\/posts\/30890928\/revisions"}],"predecessor-version":[{"id":30890932,"href":"https:\/\/www.upo.es\/diario\/wp-json\/wp\/v2\/posts\/30890928\/revisions\/30890932"}],"wp:featuredmedia":[{"embeddable":true,"href":"https:\/\/www.upo.es\/diario\/wp-json\/wp\/v2\/media\/30890930"}],"wp:attachment":[{"href":"https:\/\/www.upo.es\/diario\/wp-json\/wp\/v2\/media?parent=30890928"}],"wp:term":[{"taxonomy":"category","embeddable":true,"href":"https:\/\/www.upo.es\/diario\/wp-json\/wp\/v2\/categories?post=30890928"},{"taxonomy":"post_tag","embeddable":true,"href":"https:\/\/www.upo.es\/diario\/wp-json\/wp\/v2\/tags?post=30890928"}],"curies":[{"name":"wp","href":"https:\/\/api.w.org\/{rel}","templated":true}]}}