{"id":30890937,"date":"2026-04-30T15:27:41","date_gmt":"2026-04-30T13:27:41","guid":{"rendered":"https:\/\/www.upo.es\/diario\/?p=30890937"},"modified":"2026-04-30T15:27:41","modified_gmt":"2026-04-30T13:27:41","slug":"la-universidad-pablo-de-olavide-y-el-colegio-de-enfermeria-de-sevilla-imparten-su-primera-microcredencial-conjunta","status":"publish","type":"post","link":"https:\/\/www.upo.es\/diario\/docencia-formacion\/2026\/04\/la-universidad-pablo-de-olavide-y-el-colegio-de-enfermeria-de-sevilla-imparten-su-primera-microcredencial-conjunta\/","title":{"rendered":"La Universidad Pablo de Olavide y el Colegio de Enfermer\u00eda de Sevilla imparten su primera microcredencial conjunta"},"content":{"rendered":"<p><a href=\"https:\/\/www.upo.es\/diario\/wp-content\/uploads\/2026\/04\/IMG_5196.jpg\"><img loading=\"lazy\" decoding=\"async\" class=\"aligncenter size-large wp-image-30890938\" src=\"https:\/\/www.upo.es\/diario\/wp-content\/uploads\/2026\/04\/IMG_5196-750x500.jpg\" alt=\"\" width=\"750\" height=\"500\" srcset=\"https:\/\/www.upo.es\/diario\/wp-content\/uploads\/2026\/04\/IMG_5196-750x500.jpg 750w, https:\/\/www.upo.es\/diario\/wp-content\/uploads\/2026\/04\/IMG_5196-420x280.jpg 420w, https:\/\/www.upo.es\/diario\/wp-content\/uploads\/2026\/04\/IMG_5196-768x512.jpg 768w, https:\/\/www.upo.es\/diario\/wp-content\/uploads\/2026\/04\/IMG_5196-1536x1024.jpg 1536w, https:\/\/www.upo.es\/diario\/wp-content\/uploads\/2026\/04\/IMG_5196-165x109.jpg 165w, https:\/\/www.upo.es\/diario\/wp-content\/uploads\/2026\/04\/IMG_5196-1320x880.jpg 1320w, https:\/\/www.upo.es\/diario\/wp-content\/uploads\/2026\/04\/IMG_5196.jpg 2048w\" sizes=\"auto, (max-width: 750px) 100vw, 750px\" \/><\/a><\/p>\n<p>La <strong>Universidad Pablo de Olavide<\/strong> y el<strong> Ilustre Colegio de Enfermer\u00eda de Sevilla<\/strong> han impartido en las \u00faltimas semanas la <strong>microcredencial universitaria \u2018Ecograf\u00eda b\u00e1sica para matronas\u2019,<\/strong> el primer t\u00edtulo conjunto de ambas entidades y con el que se han formado profesionales de la enfermer\u00eda en un \u00e1mbito tan espec\u00edfico como es la ecograf\u00eda para matronas.<\/p>\n<p>Adem\u00e1s, esta formaci\u00f3n tambi\u00e9n ha permitido que sus estudiantes adquieran habilidades competenciales a trav\u00e9s de un programa te\u00f3rico-pr\u00e1ctico que en su parte final ha incorporado pr\u00e1cticas realizadas con pacientes voluntarias en los diferentes trimestres de gestaci\u00f3n.<\/p>\n<p><strong>Nueva formaci\u00f3n en septiembre<\/strong><\/p>\n<p>Adem\u00e1s de esta microcredencial, la Olavide y el Colegio de Enfermer\u00eda de Sevilla han puesto en marcha la formaci\u00f3n \u2018Emergencias obst\u00e9tricas\u2019, que tambi\u00e9n bajo el formato de microcredenciales formar\u00e1 a los profesionales de la enfermer\u00eda a partir de septiembre y para la que ya se puede realizar la <a href=\"https:\/\/www.upo.es\/formacionpermanente\/microcredenciales\/emergencias-obstetricas\/\">matr\u00edcula.<\/a><\/p>\n<p><a href=\"https:\/\/www.upo.es\/diario\/wp-content\/uploads\/2026\/04\/IMG_5211.jpg\"><img loading=\"lazy\" decoding=\"async\" class=\"alignright size-medium wp-image-30890939\" src=\"https:\/\/www.upo.es\/diario\/wp-content\/uploads\/2026\/04\/IMG_5211-420x280.jpg\" alt=\"\" width=\"420\" height=\"280\" srcset=\"https:\/\/www.upo.es\/diario\/wp-content\/uploads\/2026\/04\/IMG_5211-420x280.jpg 420w, https:\/\/www.upo.es\/diario\/wp-content\/uploads\/2026\/04\/IMG_5211-750x500.jpg 750w, https:\/\/www.upo.es\/diario\/wp-content\/uploads\/2026\/04\/IMG_5211-768x512.jpg 768w, https:\/\/www.upo.es\/diario\/wp-content\/uploads\/2026\/04\/IMG_5211-1536x1024.jpg 1536w, https:\/\/www.upo.es\/diario\/wp-content\/uploads\/2026\/04\/IMG_5211-165x109.jpg 165w, https:\/\/www.upo.es\/diario\/wp-content\/uploads\/2026\/04\/IMG_5211-1320x880.jpg 1320w, https:\/\/www.upo.es\/diario\/wp-content\/uploads\/2026\/04\/IMG_5211.jpg 2048w\" sizes=\"auto, (max-width: 420px) 100vw, 420px\" \/><\/a>Esta nueva formaci\u00f3n permitir\u00e1 a su alumnado conocer los factores de riesgo y s\u00edntomas iniciales de las principales emergencias obst\u00e9tricas (distocia de hombros, hemorragia obst\u00e9trica, eclampsia y parda cardiorrespiratoria), identificar las emergencias de manera precoz, adquirir habilidades de comunicaci\u00f3n para ser m\u00e1s eficaces en el intercambio de informaci\u00f3n durante una emergencia, actuar de manera programada siguiendo el algoritmo de actuaci\u00f3n en cada tipo de emergencia y desarrollar capacidades de liderazgo ante una situaci\u00f3n cr\u00edtica.<\/p>\n<p>Las microcredenciales universitarias son experiencias de aprendizaje breves, focalizadas en la adquisici\u00f3n de competencias espec\u00edficas con un formato flexible, adaptado a las necesidades del estudiantado y con una estructura modular pudiendo realizarse de forma independiente o dentro de un itinerario formativo m\u00e1s amplio. Las microcredenciales de la Universidad Pablo de Olavide se insertan en ocho l\u00edneas estrat\u00e9gicas: Competencias digitales, Salud y nutrici\u00f3n, Econom\u00eda e industria, Pr\u00e1ctica jur\u00eddica, Administraci\u00f3n y gesti\u00f3n empresarial, Industrias culturales, Ordenaci\u00f3n del territorio y urbanismo, y Educaci\u00f3n.<\/p>\n<p>Las microcredenciales UPO est\u00e1n gestionadas por la Fundaci\u00f3n Universidad Pablo de Olavide, a trav\u00e9s del \u00c1rea de Microcredenciales, y dise\u00f1adas bajo las directrices del Vicerrectorado de Relaciones Institucionales, Formaci\u00f3n Permanente y Fundaciones. Para su impartici\u00f3n se prioriza la colaboraci\u00f3n con profesionales y organizaciones p\u00fablicas y privadas que conocen las necesidades reales del mercado laboral, asegurando una formaci\u00f3n pr\u00e1ctica, actualizada y con impacto en el mercado laboral.<\/p>\n<p>M\u00e1s informaci\u00f3n: <a href=\"http:\/\/www.microcredenciales.es\">www.microcredenciales.es<\/a><\/p>\n","protected":false},"excerpt":{"rendered":"<p>La Universidad Pablo de Olavide y el Ilustre Colegio de Enfermer\u00eda de Sevilla han impartido en las \u00faltimas semanas la microcredencial universitaria \u2018Ecograf\u00eda b\u00e1sica para matronas\u2019, el primer t\u00edtulo conjunto de ambas entidades y con el que se han formado profesionales de la enfermer\u00eda en un \u00e1mbito tan espec\u00edfico como es la ecograf\u00eda para matronas. \u00a0<\/p>\n","protected":false},"author":4,"featured_media":30890940,"comment_status":"closed","ping_status":"open","sticky":false,"template":"","format":"standard","meta":{"_monsterinsights_skip_tracking":false,"_monsterinsights_sitenote_active":false,"_monsterinsights_sitenote_note":"","_monsterinsights_sitenote_category":0,"footnotes":""},"categories":[2779],"tags":[9455,9256,2474,9454,9140],"class_list":["post-30890937","post","type-post","status-publish","format-standard","has-post-thumbnail","hentry","category-docencia-formacion","tag-ecografia","tag-enfermeria","tag-fundacion-universidad-pablo-de-olavide","tag-matrona","tag-microcredencial"],"_links":{"self":[{"href":"https:\/\/www.upo.es\/diario\/wp-json\/wp\/v2\/posts\/30890937","targetHints":{"allow":["GET"]}}],"collection":[{"href":"https:\/\/www.upo.es\/diario\/wp-json\/wp\/v2\/posts"}],"about":[{"href":"https:\/\/www.upo.es\/diario\/wp-json\/wp\/v2\/types\/post"}],"author":[{"embeddable":true,"href":"https:\/\/www.upo.es\/diario\/wp-json\/wp\/v2\/users\/4"}],"replies":[{"embeddable":true,"href":"https:\/\/www.upo.es\/diario\/wp-json\/wp\/v2\/comments?post=30890937"}],"version-history":[{"count":1,"href":"https:\/\/www.upo.es\/diario\/wp-json\/wp\/v2\/posts\/30890937\/revisions"}],"predecessor-version":[{"id":30890941,"href":"https:\/\/www.upo.es\/diario\/wp-json\/wp\/v2\/posts\/30890937\/revisions\/30890941"}],"wp:featuredmedia":[{"embeddable":true,"href":"https:\/\/www.upo.es\/diario\/wp-json\/wp\/v2\/media\/30890940"}],"wp:attachment":[{"href":"https:\/\/www.upo.es\/diario\/wp-json\/wp\/v2\/media?parent=30890937"}],"wp:term":[{"taxonomy":"category","embeddable":true,"href":"https:\/\/www.upo.es\/diario\/wp-json\/wp\/v2\/categories?post=30890937"},{"taxonomy":"post_tag","embeddable":true,"href":"https:\/\/www.upo.es\/diario\/wp-json\/wp\/v2\/tags?post=30890937"}],"curies":[{"name":"wp","href":"https:\/\/api.w.org\/{rel}","templated":true}]}}