{"id":30891319,"date":"2026-05-25T14:05:19","date_gmt":"2026-05-25T12:05:19","guid":{"rendered":"https:\/\/www.upo.es\/diario\/?p=30891319"},"modified":"2026-06-22T12:35:50","modified_gmt":"2026-06-22T10:35:50","slug":"la-upo-refuerza-su-oferta-academica-con-grados-duales-y-menciones-de-especializacion-para-el-proximo-curso","status":"publish","type":"post","link":"https:\/\/www.upo.es\/diario\/institucional\/2026\/05\/la-upo-refuerza-su-oferta-academica-con-grados-duales-y-menciones-de-especializacion-para-el-proximo-curso\/","title":{"rendered":"La UPO refuerza su oferta acad\u00e9mica con grados duales y menciones de especializaci\u00f3n para el pr\u00f3ximo curso"},"content":{"rendered":"<p><a href=\"https:\/\/www.upo.es\/diario\/wp-content\/uploads\/2026\/05\/Clase-Analisis-Economico-FCE-scaled.jpg\"><img loading=\"lazy\" decoding=\"async\" class=\"aligncenter size-large wp-image-30891321\" src=\"https:\/\/www.upo.es\/diario\/wp-content\/uploads\/2026\/05\/Clase-Analisis-Economico-FCE-750x422.jpg\" alt=\"\" width=\"750\" height=\"422\" srcset=\"https:\/\/www.upo.es\/diario\/wp-content\/uploads\/2026\/05\/Clase-Analisis-Economico-FCE-750x422.jpg 750w, https:\/\/www.upo.es\/diario\/wp-content\/uploads\/2026\/05\/Clase-Analisis-Economico-FCE-420x236.jpg 420w, https:\/\/www.upo.es\/diario\/wp-content\/uploads\/2026\/05\/Clase-Analisis-Economico-FCE-768x432.jpg 768w, https:\/\/www.upo.es\/diario\/wp-content\/uploads\/2026\/05\/Clase-Analisis-Economico-FCE-1536x864.jpg 1536w, https:\/\/www.upo.es\/diario\/wp-content\/uploads\/2026\/05\/Clase-Analisis-Economico-FCE-2048x1152.jpg 2048w, https:\/\/www.upo.es\/diario\/wp-content\/uploads\/2026\/05\/Clase-Analisis-Economico-FCE-1320x743.jpg 1320w\" sizes=\"auto, (max-width: 750px) 100vw, 750px\" \/><\/a><\/p>\n<p>La Universidad Pablo de Olavide incorpora para el pr\u00f3ximo curso la <strong>formaci\u00f3n dual<\/strong> en los <strong>Grados en Ingenier\u00eda Inform\u00e1tica en<a href=\"https:\/\/www.upo.es\/escuela-politecnica-superior\/es\/oferta-academica\/grados\/grado-en-ingenieria-informatica-mencion-en-sistemas-de-informacion\/portada\/\"> Sistemas de Informaci\u00f3n<\/a> y en <a href=\"https:\/\/www.upo.es\/escuela-politecnica-superior\/es\/oferta-academica\/grados\/grado-en-ingenieria-informatica-mencion-en-ciencia-de-datos\/portada\/\">Ciencia de Datos<\/a><\/strong>, as\u00ed como en el nuevo <a href=\"https:\/\/upo.es\/facultad-ciencias-empresariales\/es\/oferta-academica\/grados\/grado-en-finanzas-contabilidad-y-auditoria\/informacion-general-del-titulo\/ficha-general\/\"><strong>Grado en Finanzas, Contabilidad y Auditor\u00eda<\/strong>.<\/a><\/p>\n<p>Entre las principales novedades para el curso 2026\/2027 destaca la implantaci\u00f3n del <strong>nuevo Grado en Finanzas, Contabilidad y Auditor\u00eda<\/strong> y del<a href=\"https:\/\/www.upo.es\/facultad-ciencias-empresariales\/es\/oferta-academica\/dobles-grados\/doble-grado-en-derecho-finanzas-contabilidad-y-auditoria\/informacion-general-del-titulo\/ficha-general\/\"> <strong>Doble Grado en Derecho y Finanzas, Contabilidad y Auditor\u00eda<\/strong><\/a> de la Facultad de Ciencias Empresariales. Estas titulaciones est\u00e1n dise\u00f1adas para responder a las nuevas demandas laborales del \u00e1mbito financiero, contable, de auditor\u00eda y de banca y seguros, incorporando contenidos vinculados a blockchain, inteligencia artificial, an\u00e1lisis de datos financieros, automatizaci\u00f3n de procesos contables, banca digital y ciberseguridad.<\/p>\n<p>Uno de los elementos m\u00e1s innovadores ser\u00e1 la incorporaci\u00f3n de la <strong>Menci\u00f3n Dual en el Grado en Finanzas, Contabilidad y Auditor\u00eda y en los Grados en Ingenier\u00eda Inform\u00e1tica en Sistemas de Informaci\u00f3n y en Ciencia de Datos<\/strong>, una modalidad dirigida a un n\u00famero reducido de estudiantes seleccionados que permitir\u00e1 desarrollar una experiencia intensiva en empresas e instituciones mediante un <strong>contrato de formaci\u00f3n en alternancia remunerado<\/strong>.<\/p>\n<p>El acceso a esta modalidad dual se realizar\u00e1 a trav\u00e9s de un proceso de selecci\u00f3n basado en el expediente acad\u00e9mico, las competencias ling\u00fc\u00edsticas y la adecuaci\u00f3n al perfil profesional requerido por las entidades colaboradoras. El estudiantado seleccionado realizar\u00e1 el <strong>cuarto curso del grado en modalidad dual<\/strong>, y desarrollar\u00e1n su formaci\u00f3n en la empresa hasta alcanzar en torno a un 80% del tiempo acad\u00e9mico, mientras que simult\u00e1neamente seguir\u00e1n dos asignaturas universitarias espec\u00edficas y elaborar\u00e1n su Trabajo de Fin de Grado en estrecha conexi\u00f3n con las tareas desempe\u00f1adas en la entidad colaboradora.<\/p>\n<p>La apuesta de la UPO por la formaci\u00f3n dual se enmarca en el modelo \u201cOlavide Dual\u201d, que ha permitido a la Universidad Pablo de Olavide ostentar un papel de liderazgo en la oferta de grados menci\u00f3n dual. La implantaci\u00f3n de los grados duales tiene como objetivo mejorar la empleabilidad del estudiantado, reforzar el v\u00ednculo entre la universidad y el entorno productivo, y promover una educaci\u00f3n innovadora, contextualizada y con impacto social.<\/p>\n<p>Asimismo, la Facultad de Ciencias Empresariales ha actualizado el <a href=\"https:\/\/upo.es\/facultad-ciencias-empresariales\/es\/oferta-academica\/grados\/grado-en-analisis-economico\/informacion-general-del-titulo\/ficha-general\/\"><strong>Grado en An\u00e1lisis Econ\u00f3mico<\/strong><\/a> con dos nuevas <strong>menciones de especializaci\u00f3n<\/strong>: <strong>Inteligencia de Datos<\/strong> y <strong>Econom\u00eda y Sostenibilidad<\/strong>. Estas menciones permitir\u00e1n al alumnado orientar su formaci\u00f3n hacia \u00e1mbitos estrat\u00e9gicos vinculados al an\u00e1lisis masivo de datos (Big Data), los desarrollos en inteligencia artificial, as\u00ed como estudios de impacto econ\u00f3mico y social y la evaluaci\u00f3n de pol\u00edticas p\u00fablicas en el bienestar de la ciudadan\u00eda.<\/p>\n<p>La renovaci\u00f3n de la oferta acad\u00e9mica tambi\u00e9n alcanza a la <strong>Facultad de Ciencias Experimentales<\/strong>. El <a href=\"https:\/\/www.upo.es\/facultad-ciencias-experimentales\/es\/oferta-academica\/titulaciones\/grado-en-biotecnologia\/portada\/\"><strong>Grado en Biotecnolog\u00eda<\/strong><\/a> incorporar\u00e1 <strong>tres nuevas menciones<\/strong> que permitir\u00e1n al estudiantado especializarse en <strong>Biotecnolog\u00eda Industrial<\/strong>, <strong>Biotecnolog\u00eda Biom\u00e9dica<\/strong> y <strong>Biotecnolog\u00eda Medioambiental y Agroalimentaria<\/strong> durante el \u00faltimo curso de la titulaci\u00f3n.<\/p>\n<p>Por su parte, el <a href=\"https:\/\/www.upo.es\/facultad-ciencias-experimentales\/es\/oferta-academica\/titulaciones\/grado-en-nutricion-humana-y-dietetica\/portada\/\"><strong>Grado en Nutrici\u00f3n Humana y Diet\u00e9tica<\/strong><\/a> incorporar\u00e1 nuevas menciones en <strong>Nutrici\u00f3n Deportiva<\/strong>, <strong>Nutrici\u00f3n Cl\u00ednica y Promoci\u00f3n de la Salud<\/strong> e <strong>Industria y Empresas Alimentarias<\/strong>. Con esta actualizaci\u00f3n, la Facultad de Ciencias Experimentales refuerza la preparaci\u00f3n del estudiantado para responder a las nuevas demandas del \u00e1mbito sanitario, deportivo y alimentario, potenciando perfiles especializados y altamente cualificados.<\/p>\n<p>La propuesta acad\u00e9mica de la Universidad Pablo de Olavide para el curso 2026\/2027 alcanza un total de <strong>49 grados y dobles grados<\/strong> y <strong>3.038 plazas de nuevo ingreso<\/strong>, 142 m\u00e1s que en el curso actual. De esta oferta, 40 t\u00edtulos corresponden a la UPO \u201424 grados y 16 dobles grados, con 2.328 plazas\u2014, mientras que el Centro Universitario San Isidoro, adscrito a la UPO, oferta 8 grados y 1 doble grado, con 710 plazas nuevo ingreso.<\/p>\n<p>La Universidad Pablo de Olavide pone en valor la propuesta educativa de un campus \u00fanico que integra la formaci\u00f3n y la vida universitaria, con una oferta amplia y diversificada de grados y dobles grados en \u00e1reas que van de las ciencias sociales, empresariales y jur\u00eddicas a la ingenier\u00eda inform\u00e1tica, las humanidades, las ciencias experimentales y el deporte. Este modelo favorece la colaboraci\u00f3n interdisciplinar, la internacionalizaci\u00f3n del curr\u00edculo y el v\u00ednculo constante con el tejido social y productivo a trav\u00e9s de pr\u00e1cticas en empresas y programas de empleabilidad y emprendimiento, adem\u00e1s de una oferta formativa complementaria con microcredenciales universitarias, elementos que la UPO ha consolidado como se\u00f1a de identidad para impulsar el desarrollo integral de su estudiantado.<\/p>\n<p><strong>Toda la informaci\u00f3n de la oferta acad\u00e9mica 2026\/2027 en: <a href=\"https:\/\/www.upo.es\/laolavideerestu\/\">https:\/\/www.upo.es\/laolavideerestu\/<\/a><\/strong><\/p>\n<p><strong>\u00a0<\/strong><\/p>\n","protected":false},"excerpt":{"rendered":"<p>La Universidad Pablo de Olavide incorpora para el pr\u00f3ximo curso la formaci\u00f3n dual en los Grados en Ingenier\u00eda Inform\u00e1tica en Sistemas de Informaci\u00f3n y en Ciencia de Datos, as\u00ed como en el nuevo Grado en Finanzas, Contabilidad y Auditor\u00eda.<\/p>\n","protected":false},"author":4,"featured_media":30891321,"comment_status":"closed","ping_status":"open","sticky":false,"template":"","format":"standard","meta":{"_acf_changed":false,"_monsterinsights_skip_tracking":false,"footnotes":""},"categories":[6],"tags":[9478,1363,8568,2719,2426,9477,9210,2479,1456,266,377],"class_list":["post-30891319","post","type-post","status-publish","format-standard","has-post-thumbnail","hentry","category-institucional","tag-contabilidad-y-auditoria","tag-dobles-grados","tag-formacion-dual","tag-grado-en-analisis-economico","tag-grado-en-biotecnologia","tag-grado-en-finanzas","tag-grado-en-ingenieria-informatica-en-ciencia-de-datos","tag-grado-en-ingenieria-informatica-en-sistemas-de-informacion","tag-grado-en-nutricion-humana-y-dietetica","tag-grados","tag-oferta-academica"],"acf":[],"_links":{"self":[{"href":"https:\/\/www.upo.es\/diario\/wp-json\/wp\/v2\/posts\/30891319","targetHints":{"allow":["GET"]}}],"collection":[{"href":"https:\/\/www.upo.es\/diario\/wp-json\/wp\/v2\/posts"}],"about":[{"href":"https:\/\/www.upo.es\/diario\/wp-json\/wp\/v2\/types\/post"}],"author":[{"embeddable":true,"href":"https:\/\/www.upo.es\/diario\/wp-json\/wp\/v2\/users\/4"}],"replies":[{"embeddable":true,"href":"https:\/\/www.upo.es\/diario\/wp-json\/wp\/v2\/comments?post=30891319"}],"version-history":[{"count":3,"href":"https:\/\/www.upo.es\/diario\/wp-json\/wp\/v2\/posts\/30891319\/revisions"}],"predecessor-version":[{"id":30891428,"href":"https:\/\/www.upo.es\/diario\/wp-json\/wp\/v2\/posts\/30891319\/revisions\/30891428"}],"wp:featuredmedia":[{"embeddable":true,"href":"https:\/\/www.upo.es\/diario\/wp-json\/wp\/v2\/media\/30891321"}],"wp:attachment":[{"href":"https:\/\/www.upo.es\/diario\/wp-json\/wp\/v2\/media?parent=30891319"}],"wp:term":[{"taxonomy":"category","embeddable":true,"href":"https:\/\/www.upo.es\/diario\/wp-json\/wp\/v2\/categories?post=30891319"},{"taxonomy":"post_tag","embeddable":true,"href":"https:\/\/www.upo.es\/diario\/wp-json\/wp\/v2\/tags?post=30891319"}],"curies":[{"name":"wp","href":"https:\/\/api.w.org\/{rel}","templated":true}]}}